{"id":431122,"date":"2025-09-18T01:54:09","date_gmt":"2025-09-18T01:54:09","guid":{"rendered":"https:\/\/www.europesays.com\/de\/431122\/"},"modified":"2025-09-18T01:54:09","modified_gmt":"2025-09-18T01:54:09","slug":"zoo-leipzig-macht-es-offiziell-jetzt-darf-es-jeder-wissen","status":"publish","type":"post","link":"https:\/\/www.europesays.com\/de\/431122\/","title":{"rendered":"Zoo Leipzig macht es offiziell! Jetzt darf es jeder wissen"},"content":{"rendered":"<p>Der Sommer verabschiedet sich so langsam aus diesem Jahr. Grund genug noch einmal viele Aktivit\u00e4ten an er frischen Luft auszunutzen. Umso besser, dass es im Zoo Leipzig bald noch etwas Neues zu sehen gibt. <\/p>\n<p> Zoo Leipzig mit neuer Attraktion <\/p>\n<p>Die Glocke f\u00fcr den Schlussspurt hat gel\u00e4utet: Am 27. September \u00f6ffnet das neue Terrarium im Zoo Leipzig seine T\u00fcren nach intensiver Bauzeit wieder f\u00fcr die Zoobesucherinnen und Zoobesucher. Das berichtet der Zoo Leipzig auf seiner Homepage.<\/p>\n<p><a href=\"https:\/\/www.thueringen24.de\/umland\/article300565077\/zoo-leipzig-veranstaltungen-rabatt-eintritt-news.html\" rel=\"nofollow noopener\" target=\"_blank\">+++ Zoo Leipzig mit Mega-Angebot! Der Grund daf\u00fcr geht ans Herz +++<\/a><\/p>\n<p>Dann ist das historische Ensemble bestehend aus Aquarium und Terrarium im Gr\u00fcnder-Garten wieder komplett und l\u00e4dt kleine und gro\u00dfe Abenteurer ein, das Leben im Wasser und an Land zu erleben, spannende Reptilien zu entdecken und auf den Spuren der Evolution zu wandeln.<\/p>\n<p> Zoo Leipzig:  <\/p>\n<p>Unmittelbar vor dem Terrarium haben bereits Europ\u00e4ische Sumpfschildkr\u00f6ten und Griechische Landschildkr\u00f6ten ihre neuen Gehege bezogen und sollen nun die Blicke der G\u00e4ste auf sich ziehen. Die Besucher k\u00f6nnen die Er\u00f6ffnung des neuen Tierhauses sogar live miterleben.<\/p>\n<p>Seniorkurator Ariel Jacken verr\u00e4t im Elefant, Tiger &amp; Co.-Podcast\u00a0dann noch, worauf sich die G\u00e4ste freuen k\u00f6nnen und was der Countdown f\u00fcr Herausforderungen zu bieten hat.<\/p>\n<p>Mehr News: <\/p>\n<p>Alles Infos um neuen Aquarium bekommst du in der neuen Podcastfolge von <a href=\"https:\/\/www.mdr.de\/sachsenradio\/podcast\/elefanttigerundco\/podcast-elefant-tiger-und-co-terrarium-100.html\" rel=\"nofollow noopener\" target=\"_blank\">Elefant, Tigre &amp; Co<\/a>. <\/p>\n","protected":false},"excerpt":{"rendered":"Der Sommer verabschiedet sich so langsam aus diesem Jahr. Grund genug noch einmal viele Aktivit\u00e4ten an er frischen&hellip;\n","protected":false},"author":2,"featured_media":431123,"comment_status":"","ping_status":"","sticky":false,"template":"","format":"standard","meta":{"footnotes":""},"categories":[1832],"tags":[3364,29,30,71,859,7962],"class_list":{"0":"post-431122","1":"post","2":"type-post","3":"status-publish","4":"format-standard","5":"has-post-thumbnail","7":"category-leipzig","8":"tag-de","9":"tag-deutschland","10":"tag-germany","11":"tag-leipzig","12":"tag-sachsen","13":"tag-zoo-leipzig"},"share_on_mastodon":{"url":"https:\/\/pubeurope.com\/@de\/115222810687008822","error":""},"_links":{"self":[{"href":"https:\/\/www.europesays.com\/de\/wp-json\/wp\/v2\/posts\/431122","targetHints":{"allow":["GET"]}}],"collection":[{"href":"https:\/\/www.europesays.com\/de\/wp-json\/wp\/v2\/posts"}],"about":[{"href":"https:\/\/www.europesays.com\/de\/wp-json\/wp\/v2\/types\/post"}],"author":[{"embeddable":true,"href":"https:\/\/www.europesays.com\/de\/wp-json\/wp\/v2\/users\/2"}],"replies":[{"embeddable":true,"href":"https:\/\/www.europesays.com\/de\/wp-json\/wp\/v2\/comments?post=431122"}],"version-history":[{"count":0,"href":"https:\/\/www.europesays.com\/de\/wp-json\/wp\/v2\/posts\/431122\/revisions"}],"wp:featuredmedia":[{"embeddable":true,"href":"https:\/\/www.europesays.com\/de\/wp-json\/wp\/v2\/media\/431123"}],"wp:attachment":[{"href":"https:\/\/www.europesays.com\/de\/wp-json\/wp\/v2\/media?parent=431122"}],"wp:term":[{"taxonomy":"category","embeddable":true,"href":"https:\/\/www.europesays.com\/de\/wp-json\/wp\/v2\/categories?post=431122"},{"taxonomy":"post_tag","embeddable":true,"href":"https:\/\/www.europesays.com\/de\/wp-json\/wp\/v2\/tags?post=431122"}],"curies":[{"name":"wp","href":"https:\/\/api.w.org\/{rel}","templated":true}]}}