{"id":431125,"date":"2025-09-18T01:56:21","date_gmt":"2025-09-18T01:56:21","guid":{"rendered":"https:\/\/www.europesays.com\/de\/431125\/"},"modified":"2025-09-18T01:56:21","modified_gmt":"2025-09-18T01:56:21","slug":"90er-kultshow-gladiators-wird-in-der-messe-aufgezeichnet","status":"publish","type":"post","link":"https:\/\/www.europesays.com\/de\/431125\/","title":{"rendered":"90er-Kultshow &#8222;Gladiators&#8220; wird in der Messe aufgezeichnet"},"content":{"rendered":"<p>Aufzeichnung in der Messe <\/p>\n<p>90er-Kultshow &#8222;Gladiators&#8220; kehrt zur\u00fcck \u2013 in D\u00fcsseldorf<\/p>\n<p>Aktualisiert am 17.09.2025 &#8211; 16:44 UhrLesedauer: 1 Min.<\/p>\n<p><a href=\"#focus-0\" class=\"transition-colors duration-200 block text-current relative\" data-sctrack=\"FocusGalleryImage.Reference\"><img fetchpriority=\"high\" data-testid=\"Opener.Image\" style=\"--lqipURL:url('https:\/\/images.t-online.de\/2025\/09\/ZGYZdVVY7Maw\/0x248:2249x1265\/fit-in\/150x0\/filters:blur(25)\/image.jpg')\"   loading=\"eager\" src=\"https:\/\/www.europesays.com\/de\/wp-content\/uploads\/2025\/09\/1758160581_730_image.jpg\" alt=\"imago images 99929930\" title=\"imago images 99929930\" width=\"2249\" height=\"1265\" class=\"bg-[url:var(--lqipURL)] bg-cover bg-center flex h-full w-full max-w-full\" decoding=\"async\"\/><img style=\"--width:32;--height:32\" loading=\"lazy\" src=\"https:\/\/www.t-online.de\/s\/paper\/_next\/static\/media\/zoom-in.f7dae02f.svg\" alt=\"Vergr\u00f6\u00dfern des Bildes\" title=\"Vergr\u00f6\u00dfern des Bildes\" class=\"block h-[calc(var(--height)_\/_16_*_1rem)] w-[calc(var(--width)_\/_16_*_1rem)] max-w-none absolute bottom-8 right-8 rounded-4 bg-snow p-8\" decoding=\"async\"\/><\/a><\/p>\n<p>&#8222;American Gladiators&#8220;: Die Show feiert in Deutschland ihr Comeback. (Quelle: NBC\/Courtesy Everett Collection\/imago-images-bilder)<\/p>\n<p class=\"font-bold text-18 leading-17\">Das Kultformat &#8222;Gladiators&#8220; kehrt im Fr\u00fchjahr 2026 zur\u00fcck. Die legend\u00e4re Spielshow wird in D\u00fcsseldorf produziert, Tickets sind bereits verf\u00fcgbar.<\/p>\n<p class=\"text-18 leading-17\">Die legend\u00e4re Spielshow &#8222;Gladiators&#8220; feiert in Deutschland ihr Comeback. Prime Video und RTL haben sich zusammengetan, um das Erfolgsformat der 90er-Jahre wieder aufleben zu lassen. Die neue Staffel unter dem Titel &#8222;Gladiators \u2013 Die Show der Giganten&#8220; wird ab Fr\u00fchjahr 2026 in der Messe <a class=\"transition-colors duration-200 cursor-pointer text-inherit no-underline text-salemsfur md:hover:text-magenta md:hover:border-magenta md:focus:text-magenta border-current border-b border-solid break-words\" href=\"https:\/\/www.t-online.de\/region\/duesseldorf\/\" data-sctrack=\"BodyAnchor\" target=\"_blank\" rel=\"noopener\">D\u00fcsseldorf<\/a> produziert.<\/p>\n<p class=\"text-18 leading-17\">Christoph Schneider, Country Director von Prime Video Deutschland, betont: &#8222;Durch die Zusammenarbeit zwischen Prime Video und RTL bringen wir eine Kultmarke zur\u00fcck.&#8220; Inga Leschek, Chief Content Officer von RTL Deutschland, erg\u00e4nzt: &#8222;Gladiators steht f\u00fcr Kraft, Ausdauer, Emotion \u2013 und f\u00fcr Fernsehen, das knallt. Gemeinsam mit Prime Video schlagen wir ein neues Kapitel dieses ikonischen Formats auf.&#8220;<\/p>\n<p class=\"text-18 leading-17\">Tickets f\u00fcr die Aufzeichnungen in D\u00fcsseldorf sind bereits <a rel=\"nofollow noopener\" target=\"_blank\" class=\"transition-colors duration-200 cursor-pointer text-inherit no-underline text-salemsfur md:hover:text-magenta md:hover:border-magenta md:focus:text-magenta border-current border-b border-solid break-words\" href=\"https:\/\/myshow.de\/formats\/gladiators\" data-sctrack=\"BodyAnchor\">hier<\/a> erh\u00e4ltlich. Interessierte Bewerber f\u00fcr Gladiatoren und Herausforderer k\u00f6nnen sich hier informieren.<\/p>\n<p class=\"text-18 leading-17\">&#8222;Gladiators \u2013Die Show der Giganten&#8220; ist eine sportliche Spielshow, die eine von klassischen Gladiatorenk\u00e4mpfen inspirierte Mischung aus spektakul\u00e4ren und spannenden Wettk\u00e4mpfen zeigt. Die Teilnehmer treten in verschiedenen Spielen gegeneinander sowie gegen ein Team aus Profiathleten an, den sogenannten Gladiatoren (meistens professionelle Bodybuilder oder Kraftsportler). Unter dem Titel &#8222;American Gladiators&#8220; war die Show bereits von 1992 bis 1994 bei RTL zu sehen.<\/p>\n","protected":false},"excerpt":{"rendered":"Aufzeichnung in der Messe 90er-Kultshow &#8222;Gladiators&#8220; kehrt zur\u00fcck \u2013 in D\u00fcsseldorf Aktualisiert am 17.09.2025 &#8211; 16:44 UhrLesedauer: 1&hellip;\n","protected":false},"author":2,"featured_media":431126,"comment_status":"","ping_status":"","sticky":false,"template":"","format":"standard","meta":{"footnotes":""},"categories":[1831],"tags":[722,2072,82126,39693,3364,29,3405,30,49086,43113,112649,47,6393,1209,11303,640,51246],"class_list":{"0":"post-431125","1":"post","2":"type-post","3":"status-publish","4":"format-standard","5":"has-post-thumbnail","7":"category-duesseldorf","8":"tag-722","9":"tag-2072","10":"tag-aufzeichnung","11":"tag-christoph-schneider","12":"tag-de","13":"tag-deutschland","14":"tag-duesseldorf","15":"tag-germany","16":"tag-gladiatorenkampf","17":"tag-inga-leschek","18":"tag-kultformat","19":"tag-messe","20":"tag-messe-duesseldorf","21":"tag-nordrhein-westfalen","22":"tag-prime-video","23":"tag-rtl","24":"tag-spielshow"},"share_on_mastodon":{"url":"https:\/\/pubeurope.com\/@de\/115222819225215018","error":""},"_links":{"self":[{"href":"https:\/\/www.europesays.com\/de\/wp-json\/wp\/v2\/posts\/431125","targetHints":{"allow":["GET"]}}],"collection":[{"href":"https:\/\/www.europesays.com\/de\/wp-json\/wp\/v2\/posts"}],"about":[{"href":"https:\/\/www.europesays.com\/de\/wp-json\/wp\/v2\/types\/post"}],"author":[{"embeddable":true,"href":"https:\/\/www.europesays.com\/de\/wp-json\/wp\/v2\/users\/2"}],"replies":[{"embeddable":true,"href":"https:\/\/www.europesays.com\/de\/wp-json\/wp\/v2\/comments?post=431125"}],"version-history":[{"count":0,"href":"https:\/\/www.europesays.com\/de\/wp-json\/wp\/v2\/posts\/431125\/revisions"}],"wp:featuredmedia":[{"embeddable":true,"href":"https:\/\/www.europesays.com\/de\/wp-json\/wp\/v2\/media\/431126"}],"wp:attachment":[{"href":"https:\/\/www.europesays.com\/de\/wp-json\/wp\/v2\/media?parent=431125"}],"wp:term":[{"taxonomy":"category","embeddable":true,"href":"https:\/\/www.europesays.com\/de\/wp-json\/wp\/v2\/categories?post=431125"},{"taxonomy":"post_tag","embeddable":true,"href":"https:\/\/www.europesays.com\/de\/wp-json\/wp\/v2\/tags?post=431125"}],"curies":[{"name":"wp","href":"https:\/\/api.w.org\/{rel}","templated":true}]}}