{"id":431138,"date":"2025-09-18T02:03:13","date_gmt":"2025-09-18T02:03:13","guid":{"rendered":"https:\/\/www.europesays.com\/de\/431138\/"},"modified":"2025-09-18T02:03:13","modified_gmt":"2025-09-18T02:03:13","slug":"laender-beraten-ueber-hoeheren-preis-fuer-deutschlandticket","status":"publish","type":"post","link":"https:\/\/www.europesays.com\/de\/431138\/","title":{"rendered":"L\u00e4nder beraten \u00fcber h\u00f6heren Preis f\u00fcr Deutschlandticket"},"content":{"rendered":"<p>L\u00e4nder beraten \u00fcber h\u00f6heren Preis f\u00fcr Deutschlandticket<\/p>\n<p>  <img loading=\"lazy\" decoding=\"async\" src=\"https:\/\/www.europesays.com\/de\/wp-content\/uploads\/2025\/09\/1810923_1_fullwidth_Die_Laender_sehen_den_Bund_beim_D-Ticket_in_der_Pflicht._Archivbild_.jpeg\" alt=\"Deutschlandticket\" title=\"Deutschlandticket\" width=\"1050\" height=\"606\"\/><\/p>\n<p>Bildtext einblenden<\/p>\n<p>Die L\u00e4nder sehen den Bund beim D-Ticket in der Pflicht. (Archivbild) Foto: Julian Stratenschulte\/DPA <img loading=\"lazy\" decoding=\"async\" src=\"https:\/\/www.europesays.com\/de\/wp-content\/uploads\/2025\/09\/1810924_1_fullwidth_Wer_ein_Deutschlandticket_haben_moechte_wird_ab_dem_kommenden_Jahr_wahrscheinlic.jpeg\" alt=\"Deutschlandticket\" title=\"Deutschlandticket\" width=\"1050\" height=\"606\"\/><\/p>\n<p>Bildtext einblenden<\/p>\n<p>Wer ein Deutschlandticket haben m\u00f6chte, wird ab dem kommenden Jahr wahrscheinlich tiefer in die Tasche greifen m\u00fcssen. (Symbolbild) Foto: Julian Stratenschulte\/DPA <img loading=\"lazy\" decoding=\"async\" src=\"https:\/\/www.europesays.com\/de\/wp-content\/uploads\/2025\/09\/1810925_1_fullwidth_Bundesminister_Schnieder_ist_in_Muenchen_nicht_dabei._Archivbild_.jpeg\" alt=\"Bundestag\" title=\"Bundestag\" width=\"1050\" height=\"606\"\/><\/p>\n<p>Bildtext einblenden<\/p>\n<p>Bundesminister Schnieder ist in M\u00fcnchen nicht dabei. (Archivbild) Foto: Fabian Sommer\/DPA <\/p>\n","protected":false},"excerpt":{"rendered":"L\u00e4nder beraten \u00fcber h\u00f6heren Preis f\u00fcr Deutschlandticket Bildtext einblenden Die L\u00e4nder sehen den Bund beim D-Ticket in der&hellip;\n","protected":false},"author":2,"featured_media":431139,"comment_status":"","ping_status":"","sticky":false,"template":"","format":"standard","meta":{"footnotes":""},"categories":[1827],"tags":[772,6248,29,30,1268,14,6249,15,6250],"class_list":{"0":"post-431138","1":"post","2":"type-post","3":"status-publish","4":"format-standard","5":"has-post-thumbnail","7":"category-muenchen","8":"tag-bayern","9":"tag-bayern-nachrichten","10":"tag-deutschland","11":"tag-germany","12":"tag-muenchen","13":"tag-nachrichten","14":"tag-nachrichten-aus-bayern","15":"tag-news","16":"tag-news-aus-bayern"},"share_on_mastodon":{"url":"https:\/\/pubeurope.com\/@de\/115222846389498529","error":""},"_links":{"self":[{"href":"https:\/\/www.europesays.com\/de\/wp-json\/wp\/v2\/posts\/431138","targetHints":{"allow":["GET"]}}],"collection":[{"href":"https:\/\/www.europesays.com\/de\/wp-json\/wp\/v2\/posts"}],"about":[{"href":"https:\/\/www.europesays.com\/de\/wp-json\/wp\/v2\/types\/post"}],"author":[{"embeddable":true,"href":"https:\/\/www.europesays.com\/de\/wp-json\/wp\/v2\/users\/2"}],"replies":[{"embeddable":true,"href":"https:\/\/www.europesays.com\/de\/wp-json\/wp\/v2\/comments?post=431138"}],"version-history":[{"count":0,"href":"https:\/\/www.europesays.com\/de\/wp-json\/wp\/v2\/posts\/431138\/revisions"}],"wp:featuredmedia":[{"embeddable":true,"href":"https:\/\/www.europesays.com\/de\/wp-json\/wp\/v2\/media\/431139"}],"wp:attachment":[{"href":"https:\/\/www.europesays.com\/de\/wp-json\/wp\/v2\/media?parent=431138"}],"wp:term":[{"taxonomy":"category","embeddable":true,"href":"https:\/\/www.europesays.com\/de\/wp-json\/wp\/v2\/categories?post=431138"},{"taxonomy":"post_tag","embeddable":true,"href":"https:\/\/www.europesays.com\/de\/wp-json\/wp\/v2\/tags?post=431138"}],"curies":[{"name":"wp","href":"https:\/\/api.w.org\/{rel}","templated":true}]}}