{"id":431156,"date":"2025-09-18T02:12:15","date_gmt":"2025-09-18T02:12:15","guid":{"rendered":"https:\/\/www.europesays.com\/de\/431156\/"},"modified":"2025-09-18T02:12:15","modified_gmt":"2025-09-18T02:12:15","slug":"berliner-afd-will-wieder-vor-gericht-ziehen","status":"publish","type":"post","link":"https:\/\/www.europesays.com\/de\/431156\/","title":{"rendered":"Berliner AfD will wieder vor Gericht ziehen"},"content":{"rendered":"<p class=\"tspB8m0 tspB8m1\">Die Berliner AfD-Fraktion zieht erneut vor den Verfassungsgerichtshof, weil der Senat ihrer Aussage nach weiterhin keine Vornamen von Tatverd\u00e4chtigen bei Messer- und anderen Gewaltstraftaten herausgibt. Der AfD-Rechtspolitiker Marc Vallendar habe eine entsprechende Organklage eingereicht, teilte die Partei mit.<\/p>\n<p><a href=\"https:\/\/www.tagesspiegel.de\/berlin\/afd-siegt-vorm-verfassungsgericht-berliner-senat-verweigerte-vornamen-von-messer-verdachtigen-zu-unrecht-13803592.html?icid=single-topic_14345960___\" data-gtm-class=\"article-mzt-link\" class=\"tspCFno\" target=\"_blank\" rel=\"noopener\">AfD siegt vorm Verfassungsgericht Berliner Senat verweigerte Vornamen von Messer-Verd\u00e4chtigen zu Unrecht <\/a><\/p>\n<p class=\"tspB8m0\">Vallendar hatte nach den 20 h\u00e4ufigsten Vornamen von Tatverd\u00e4chtigen mit deutscher Staatsb\u00fcrgerschaft im Zusammenhang mit Messerstraftaten gefragt. Der Verfassungsgerichtshof hatte im Mai entschieden, dass der Senat diese Anfrage zu Unrecht abgelehnt hatte. Die Begr\u00fcndung, einzelne Personen k\u00f6nnten dadurch identifiziert werden, sei nicht tragf\u00e4hig, befand das Gericht damals. Die Entscheidung fiel mit f\u00fcnf zu vier Stimmen knapp aus.<\/p>\n<p> Trotz Urteil: Der Streit geht weiter <\/p>\n<p class=\"tspB8m0\">Nach Darstellung der AfD weigert sich der Senat dennoch, die gew\u00fcnschten Daten vorzulegen. Vallendar erkl\u00e4rte: \u201eDer Senat weigert sich, dem Urteil des h\u00f6chsten Berliner Gerichts Folge zu leisten.\u201c Damit untergrabe er mit voller Absicht den deutschen Rechtsstaat und agiere bewusst rechtswidrig.<\/p>\n<p> Lesen Sie mehr zum Thema: <a href=\"https:\/\/www.tagesspiegel.de\/berlin\/berlins-ex-innensenator-uber-methoden-der-afd-die-frage-nach-vornamen-verletzt-die-menschenwurde-der-betroffenen-13911451.html?icid=topic-list_14345960___\" data-gtm-class=\"article-mzt-link\" class=\"tspCFno\" target=\"_blank\" rel=\"noopener\">Berlins Ex-Innensenator \u00fcber Methoden der AfD Die Frage nach Vornamen verletzt die Menschenw\u00fcrde der Betroffenen <\/a><a href=\"https:\/\/www.tagesspiegel.de\/berlin\/nach-beschluss-des-verfassungsgerichts-berliner-senat-will-weiter-keine-vornamen-deutscher-messertater-nennen-13829125.html?icid=topic-list_14345960___\" data-gtm-class=\"article-mzt-link\" class=\"tspCFno\" target=\"_blank\" rel=\"noopener\">Nach Beschluss des Verfassungsgerichts Berliner Senat will weiter keine Vornamen deutscher Messert\u00e4ter nennen <\/a><a href=\"https:\/\/www.tagesspiegel.de\/berlin\/deutsche-messertater-alexander-mohamed-justin-die-berliner-namensliste-sagt-nichts-aus-doch-wohlfeile-emporung-hilft-nur-der-afd-13810636.html?icid=topic-list_14345960___\" data-gtm-class=\"article-mzt-link\" class=\"tspCFno\" target=\"_blank\" rel=\"noopener\">Deutsche Messert\u00e4ter Alexander, Mohamed, Justin Die Berliner Namensliste sagt nichts aus, doch wohlfeile Emp\u00f6rung hilft nur der AfD <\/a><\/p>\n<p class=\"tspB8m0\">Der Senat hatte zuletzt betont, Vornamen nicht nennen zu wollen, weil ein \u201eerhebliches Missbrauchsrisiko\u201c bestehe. Es k\u00f6nne versucht werden, einen Zusammenhang zwischen ethnischer Zugeh\u00f6rigkeit und der H\u00e4ufigkeit bestimmter Straftaten herzustellen.<\/p>\n<p> Ziel der AfD: R\u00fcckschl\u00fcsse auf Migrationshintergrund <\/p>\n<p class=\"tspB8m0\">Die AfD hatte die Anfrage gestellt, weil die Polizeistatistik zwar nach deutscher und ausl\u00e4ndischer Staatsangeh\u00f6rigkeit unterscheidet, nicht aber nach einem m\u00f6glichen Migrationshintergrund bei deutschen Tatverd\u00e4chtigen. \u00dcber die Vornamen wollte die Partei R\u00fcckschl\u00fcsse darauf ziehen. (dpa)<\/p>\n","protected":false},"excerpt":{"rendered":"Die Berliner AfD-Fraktion zieht erneut vor den Verfassungsgerichtshof, weil der Senat ihrer Aussage nach weiterhin keine Vornamen von&hellip;\n","protected":false},"author":2,"featured_media":431157,"comment_status":"","ping_status":"","sticky":false,"template":"","format":"standard","meta":{"footnotes":""},"categories":[1825],"tags":[186,296,29,30,50520,53638,2382,1243],"class_list":{"0":"post-431156","1":"post","2":"type-post","3":"status-publish","4":"format-standard","5":"has-post-thumbnail","7":"category-berlin","8":"tag-afd","9":"tag-berlin","10":"tag-deutschland","11":"tag-germany","12":"tag-oberste-gerichte","13":"tag-rechtspolitik","14":"tag-senat","15":"tag-urteil"},"share_on_mastodon":{"url":"https:\/\/pubeurope.com\/@de\/115222881582914084","error":""},"_links":{"self":[{"href":"https:\/\/www.europesays.com\/de\/wp-json\/wp\/v2\/posts\/431156","targetHints":{"allow":["GET"]}}],"collection":[{"href":"https:\/\/www.europesays.com\/de\/wp-json\/wp\/v2\/posts"}],"about":[{"href":"https:\/\/www.europesays.com\/de\/wp-json\/wp\/v2\/types\/post"}],"author":[{"embeddable":true,"href":"https:\/\/www.europesays.com\/de\/wp-json\/wp\/v2\/users\/2"}],"replies":[{"embeddable":true,"href":"https:\/\/www.europesays.com\/de\/wp-json\/wp\/v2\/comments?post=431156"}],"version-history":[{"count":0,"href":"https:\/\/www.europesays.com\/de\/wp-json\/wp\/v2\/posts\/431156\/revisions"}],"wp:featuredmedia":[{"embeddable":true,"href":"https:\/\/www.europesays.com\/de\/wp-json\/wp\/v2\/media\/431157"}],"wp:attachment":[{"href":"https:\/\/www.europesays.com\/de\/wp-json\/wp\/v2\/media?parent=431156"}],"wp:term":[{"taxonomy":"category","embeddable":true,"href":"https:\/\/www.europesays.com\/de\/wp-json\/wp\/v2\/categories?post=431156"},{"taxonomy":"post_tag","embeddable":true,"href":"https:\/\/www.europesays.com\/de\/wp-json\/wp\/v2\/tags?post=431156"}],"curies":[{"name":"wp","href":"https:\/\/api.w.org\/{rel}","templated":true}]}}