{"id":431170,"date":"2025-09-18T02:20:14","date_gmt":"2025-09-18T02:20:14","guid":{"rendered":"https:\/\/www.europesays.com\/de\/431170\/"},"modified":"2025-09-18T02:20:14","modified_gmt":"2025-09-18T02:20:14","slug":"nach-pleite-gegen-karabach-bin-interessiert-mourinho-offenbar-vor-rueckkehr-zu-benfica","status":"publish","type":"post","link":"https:\/\/www.europesays.com\/de\/431170\/","title":{"rendered":"Nach Pleite gegen Karabach: &#8222;Bin interessiert&#8220; &#8211; Mourinho offenbar vor R\u00fcckkehr zu Benfica"},"content":{"rendered":"<p class=\"metatextline\">Stand: 17.09.2025 21:38 Uhr<\/p>\n<p class=\"textabsatz columns twelve  m-ten  m-offset-one l-eight l-offset-two\">\n        <strong>Jos\u00e9 Mourinho steht laut \u00fcbereinstimmenden Medienberichten vor einer R\u00fcckkehr zu Portugals Fu\u00dfball-Rekordmeister Benfica Lissabon.<\/strong>\n    <\/p>\n<p class=\"textabsatz m-ten m-offset-one l-eight l-offset-two columns twelve\">Nach der peinlichen 2:3-Heimniederlage in der Champions League gegen FK Karabach Agdam aus Aserbaidschan hatte Benfica sich noch in der Nacht vom bisherigen Trainer Bruno Lage getrennt.<\/p>\n<p class=\"textabsatz m-ten m-offset-one l-eight l-offset-two columns twelve\">In den Stunden danach soll Mourinho bereits seine Zustimmung gegeben haben. Im Laufe des Mittwochs sollen die Verhandlungen abgeschlossen werden, wie das Fachmagazin &#8222;A Bola&#8220; berichtet.<\/p>\n<p class=\"textabsatz m-ten m-offset-one l-eight l-offset-two columns twelve\">Best\u00e4tigt hat das noch niemand, nicht Mourinho und auch nicht Benfica. Allerdings ist Mourinho, 62, Medienberichten zufolge bereits in Lissabon am Flughafen gesichtet worden. &#8222;Benfica hat mich offiziell gefragt, ob ich interessiert bin. Welcher Trainer sagt schon Nein zu Benfica? Ich jedenfalls nicht&#8220;, sagte er demnach zu anwesenden Journalisten. &#8222;Als mir die M\u00f6glichkeit geboten wurde, Benfica zu trainieren, habe ich ohne zu z\u00f6gern gesagt, dass ich interessiert bin und gerne kommen w\u00fcrde.&#8220; <\/p>\n<p class=\"textabsatz m-ten m-offset-one l-eight l-offset-two columns twelve\">F\u00fcr Mourinho w\u00e4re es eine R\u00fcckkehr. Er hatte Benfica bereits kurzzeitig im Jahr 2000 als Nachfolger von Jupp Heynckes trainiert.<\/p>\n<p>    Mourinho bei Fenerbahce entlassen<\/p>\n<p class=\"textabsatz m-ten m-offset-one l-eight l-offset-two columns twelve\">Mourinho hatte zuletzt f\u00fcr Fenerbahce Istanbul gearbeitet. Nachdem er in den Playoffs zur K\u00f6nigsklasse ausgerechnet an Benfica gescheitert war, hatten die T\u00fcrken <a href=\"https:\/\/www.sportschau.de\/fussball\/mehr-internationale-ligen\/fenerbahce-entlaesst-trainer-mourinho,fenerbahce-100.html\" title=\"Fu\u00dfball in der T\u00fcrkei: Fenerbahce entl\u00e4sst Trainer Jos\u00e9 Mourinho\" target=\"_blank\" rel=\"noopener\">ihn erst vor kurzem freigestellt.<\/a> Nun deutet vieles darauf hin, dass Mourinho nach \u00fcber 20 Jahren im Ausland nach Portugal zur\u00fcckkehren k\u00f6nnte.<\/p>\n","protected":false},"excerpt":{"rendered":"Stand: 17.09.2025 21:38 Uhr Jos\u00e9 Mourinho steht laut \u00fcbereinstimmenden Medienberichten vor einer R\u00fcckkehr zu Portugals Fu\u00dfball-Rekordmeister Benfica Lissabon.&hellip;\n","protected":false},"author":2,"featured_media":431171,"comment_status":"","ping_status":"","sticky":false,"template":"","format":"standard","meta":{"footnotes":""},"categories":[136],"tags":[5082,468,29,347,30,265],"class_list":{"0":"post-431170","1":"post","2":"type-post","3":"status-publish","4":"format-standard","5":"has-post-thumbnail","7":"category-sport","8":"tag-benfica-lissabon","9":"tag-champions-league","10":"tag-deutschland","11":"tag-fussball","12":"tag-germany","13":"tag-sport"},"share_on_mastodon":{"url":"https:\/\/pubeurope.com\/@de\/115222913013453393","error":""},"_links":{"self":[{"href":"https:\/\/www.europesays.com\/de\/wp-json\/wp\/v2\/posts\/431170","targetHints":{"allow":["GET"]}}],"collection":[{"href":"https:\/\/www.europesays.com\/de\/wp-json\/wp\/v2\/posts"}],"about":[{"href":"https:\/\/www.europesays.com\/de\/wp-json\/wp\/v2\/types\/post"}],"author":[{"embeddable":true,"href":"https:\/\/www.europesays.com\/de\/wp-json\/wp\/v2\/users\/2"}],"replies":[{"embeddable":true,"href":"https:\/\/www.europesays.com\/de\/wp-json\/wp\/v2\/comments?post=431170"}],"version-history":[{"count":0,"href":"https:\/\/www.europesays.com\/de\/wp-json\/wp\/v2\/posts\/431170\/revisions"}],"wp:featuredmedia":[{"embeddable":true,"href":"https:\/\/www.europesays.com\/de\/wp-json\/wp\/v2\/media\/431171"}],"wp:attachment":[{"href":"https:\/\/www.europesays.com\/de\/wp-json\/wp\/v2\/media?parent=431170"}],"wp:term":[{"taxonomy":"category","embeddable":true,"href":"https:\/\/www.europesays.com\/de\/wp-json\/wp\/v2\/categories?post=431170"},{"taxonomy":"post_tag","embeddable":true,"href":"https:\/\/www.europesays.com\/de\/wp-json\/wp\/v2\/tags?post=431170"}],"curies":[{"name":"wp","href":"https:\/\/api.w.org\/{rel}","templated":true}]}}