{"id":431178,"date":"2025-09-18T02:24:15","date_gmt":"2025-09-18T02:24:15","guid":{"rendered":"https:\/\/www.europesays.com\/de\/431178\/"},"modified":"2025-09-18T02:24:15","modified_gmt":"2025-09-18T02:24:15","slug":"nach-aeusserungen-zu-kirk-us-sender-abc-nimmt-late-night-show-von-jimmy-kimmel-aus-dem-programm-beleidigend-und-unsensibel","status":"publish","type":"post","link":"https:\/\/www.europesays.com\/de\/431178\/","title":{"rendered":"Nach \u00c4u\u00dferungen zu Kirk: US-Sender ABC nimmt Late-Night-Show von Jimmy Kimmel aus dem Programm \u2013 \u201eBeleidigend und unsensibel\u201c"},"content":{"rendered":"<p>In den USA ist nach dem Attentat auf Trumps Vertrauten Charlie Kirk eine Debatte \u00fcber Meinungsfreiheit entbrannt. Der popul\u00e4re Moderator Kimmy Kimmel hatte sich nach der Tat \u00fcber Trump mokiert \u2013 nun zieht der Sender Konsequenzen.<\/p>\n<p class=\"is-first-paragraph\" data-external=\"Article.FirstParagraph\">Nach Kritik an \u00c4u\u00dferungen von Jimmy Kimmel zum<a class=\"is-link c-block-items__link c-link--rich-text-renderer\" href=\"https:\/\/www.welt.de\/politik\/ausland\/article68cb4398416a177d432ae581\/kirk-attentat-verdaechtiger-fuerchtete-schuesse-der-polizei.html\" data-internal-tracking-enabled=\"true\" data-internal-tracking=\"{&quot;action&quot;:&quot;click&quot;,&quot;label&quot;:&quot;link&quot;,&quot;name&quot;:&quot;Inline Element&quot;,&quot;data&quot;:{&quot;source&quot;:&quot;&quot;,&quot;target&quot;:&quot;https:\/\/www.welt.de\/politik\/ausland\/article68cb4398416a177d432ae581\/kirk-attentat-verdaechtiger-fuerchtete-schuesse-der-polizei.html&quot;,&quot;trackingName&quot;:&quot;&quot;,&quot;trackingLabel&quot;:&quot;&quot;}}\" target=\"_blank\" rel=\"noopener\"> t\u00f6dlichen Attentat auf den US-Aktivisten Charlie Kirk <\/a>strahlt der Sender ABC Kimmels Late-Night-Show nicht weiter aus. \u201eJimmy Kimmel Live\u201c werde \u201eauf unbestimmte Zeit\u201c aus dem Programm genommen, sagte ein ABC-Sprecher am Mittwoch (Ortszeit) der Nachrichtenagentur AFP. <\/p>\n<p>Kirk war vergangene Woche Mittwoch bei einem Auftritt auf einem Universit\u00e4tscampus im Bundesstaat Utah erschossen worden. Der 31-J\u00e4hrige galt als einer der einflussreichsten rechten Aktivisten und Sprachrohr von Pr\u00e4sident Donald Trump f\u00fcr die Jugend. Nach Beh\u00f6rdenangaben schoss der 22-j\u00e4hrige Tyler Robinson von einem Dach aus auf Kirk. Er wurde festgenommen, die Staatsanwaltschaft klagte ihn wegen Mordes an.<\/p>\n<p>Kimmel thematisierte das Attentat am Montag in seiner beliebten Late-Night-Show. \u201eWir hatten am Wochenende einige neue Tiefpunkte, als die MAGA-Gang verzweifelt versuchte\u201c, den Mann, der Charlie Kirk ermordet habe, \u201eals alles andere als einen von ihnen darzustellen und alles M\u00f6gliche tat, um daraus politisches Kapital zu schlagen\u201c, sagte er. <\/p>\n<p>Er mokierte sich au\u00dferdem dar\u00fcber, dass US-Pr\u00e4sident Donald Trump die Flaggen am Wei\u00dfen Haus<a class=\"is-link c-block-items__link c-link--rich-text-renderer\" href=\"https:\/\/www.welt.de\/politik\/ausland\/article68c1f394e94fcb47b9cd443b\/Charlie-Kirk-Das-ist-ein-dunkler-Moment-fuer-Amerika-sagt-Trump-und-kritisiert-radikale-Linke.html\" data-internal-tracking-enabled=\"true\" data-internal-tracking=\"{&quot;action&quot;:&quot;click&quot;,&quot;label&quot;:&quot;link&quot;,&quot;name&quot;:&quot;Inline Element&quot;,&quot;data&quot;:{&quot;source&quot;:&quot;&quot;,&quot;target&quot;:&quot;https:\/\/www.welt.de\/politik\/ausland\/article68c1f394e94fcb47b9cd443b\/Charlie-Kirk-Das-ist-ein-dunkler-Moment-fuer-Amerika-sagt-Trump-und-kritisiert-radikale-Linke.html&quot;,&quot;trackingName&quot;:&quot;&quot;,&quot;trackingLabel&quot;:&quot;&quot;}}\" target=\"_blank\" rel=\"noopener\"> auf halbmast setzen lie\u00df<\/a>. Man k\u00f6nne sehen, wie sehr der Vorfall den Pr\u00e4sidenten mitnimmt, sagte Kimmel weiter und leitete auf einen Clip \u00fcber, der Trump im Zusammenhang mit den Bauarbeiten am Wei\u00dfen Haus zeigt.<\/p>\n<p>\u201eSpiegelt nicht die Bandbreite an Meinungen wider\u201c<\/p>\n<p>Kimmels Kommentare zu Kirks Tod seien \u201ezu einem kritischen Zeitpunkt unseres nationalen politischen Diskurses beleidigend und unsensibel, und wir glauben nicht, dass sie die Bandbreite an Meinungen, Ansichten oder Werten der lokalen Gemeinschaften widerspiegeln, in denen wir t\u00e4tig sind\u201c, erkl\u00e4rte Andrew Alford, Pr\u00e4sident der Rundfunkabteilung von Nexstar.<\/p>\n<p>Der Trump-Berater und stellvertretende Stabschef des Wei\u00dfen Hauses, Stephen Miller, sagte am Montag in Washington, die Regierung werde die \u201eheimische Terrorbewegung\u201c zerschlagen, die hinter dem Attent\u00e4ter stecke. Dies weckte Bef\u00fcrchtungen, dass ein solches Vorgehen dazu genutzt werden k\u00f6nnte, politisch Andersdenkende unter Druck zu setzen. <\/p>\n<p>Im Juli hatte der Sender CBS mitgeteilt, die beliebte Late-Night-Sendung \u201eLate Show\u201c des f\u00fcr seine Kritik an Trump bekannten Satirikers <a class=\"is-link c-block-items__link c-link--rich-text-renderer\" href=\"https:\/\/www.welt.de\/kultur\/article688205be86cdbb24296e1014\/Aus-fuer-Late-Show-mit-Stephen-Colbert-Warum-Amerikas-kluegster-Late-Night-Talker-wirklich-vor-die-Tuer-gesetzt-wird.html\" data-internal-tracking-enabled=\"true\" data-internal-tracking=\"{&quot;action&quot;:&quot;click&quot;,&quot;label&quot;:&quot;link&quot;,&quot;name&quot;:&quot;Inline Element&quot;,&quot;data&quot;:{&quot;source&quot;:&quot;&quot;,&quot;target&quot;:&quot;https:\/\/www.welt.de\/kultur\/article688205be86cdbb24296e1014\/Aus-fuer-Late-Show-mit-Stephen-Colbert-Warum-Amerikas-kluegster-Late-Night-Talker-wirklich-vor-die-Tuer-gesetzt-wird.html&quot;,&quot;trackingName&quot;:&quot;&quot;,&quot;trackingLabel&quot;:&quot;&quot;}}\" target=\"_blank\" rel=\"noopener\">Stephen Colbert<\/a> im kommenden Jahr einzustellen. CBS erkl\u00e4rte, die Einstellung der \u201eLate Show\u201c sei \u201eeine rein finanzielle Entscheidung\u201c.<\/p>\n","protected":false},"excerpt":{"rendered":"In den USA ist nach dem Attentat auf Trumps Vertrauten Charlie Kirk eine Debatte \u00fcber Meinungsfreiheit entbrannt. Der&hellip;\n","protected":false},"author":2,"featured_media":431179,"comment_status":"","ping_status":"","sticky":false,"template":"","format":"standard","meta":{"footnotes":""},"categories":[3],"tags":[15323,65542,82474,114,13,82473,82472,110013,14,15,110,12,82475,12094,10,8,9,11,113,103,104],"class_list":{"0":"post-431178","1":"post","2":"type-post","3":"status-publish","4":"format-standard","5":"has-post-thumbnail","7":"category-welt","8":"tag-balken-inbox","9":"tag-charlie","10":"tag-colbert","11":"tag-donald-geb-1946","12":"tag-headlines","13":"tag-jimmy","14":"tag-kimmel","15":"tag-kirk","16":"tag-nachrichten","17":"tag-news","18":"tag-newsteam","19":"tag-schlagzeilen","20":"tag-stephen","21":"tag-talkshows","22":"tag-top-news","23":"tag-top-meldungen","24":"tag-topmeldungen","25":"tag-topnews","26":"tag-trump","27":"tag-welt","28":"tag-world"},"share_on_mastodon":{"url":"https:\/\/pubeurope.com\/@de\/115222928666340798","error":""},"_links":{"self":[{"href":"https:\/\/www.europesays.com\/de\/wp-json\/wp\/v2\/posts\/431178","targetHints":{"allow":["GET"]}}],"collection":[{"href":"https:\/\/www.europesays.com\/de\/wp-json\/wp\/v2\/posts"}],"about":[{"href":"https:\/\/www.europesays.com\/de\/wp-json\/wp\/v2\/types\/post"}],"author":[{"embeddable":true,"href":"https:\/\/www.europesays.com\/de\/wp-json\/wp\/v2\/users\/2"}],"replies":[{"embeddable":true,"href":"https:\/\/www.europesays.com\/de\/wp-json\/wp\/v2\/comments?post=431178"}],"version-history":[{"count":0,"href":"https:\/\/www.europesays.com\/de\/wp-json\/wp\/v2\/posts\/431178\/revisions"}],"wp:featuredmedia":[{"embeddable":true,"href":"https:\/\/www.europesays.com\/de\/wp-json\/wp\/v2\/media\/431179"}],"wp:attachment":[{"href":"https:\/\/www.europesays.com\/de\/wp-json\/wp\/v2\/media?parent=431178"}],"wp:term":[{"taxonomy":"category","embeddable":true,"href":"https:\/\/www.europesays.com\/de\/wp-json\/wp\/v2\/categories?post=431178"},{"taxonomy":"post_tag","embeddable":true,"href":"https:\/\/www.europesays.com\/de\/wp-json\/wp\/v2\/tags?post=431178"}],"curies":[{"name":"wp","href":"https:\/\/api.w.org\/{rel}","templated":true}]}}