{"id":431321,"date":"2025-09-18T03:47:15","date_gmt":"2025-09-18T03:47:15","guid":{"rendered":"https:\/\/www.europesays.com\/de\/431321\/"},"modified":"2025-09-18T03:47:15","modified_gmt":"2025-09-18T03:47:15","slug":"erster-eingriff-bereits-erfolgt-brasiliens-ex-praesident-bolsonaro-leidet-an-hautkrebs","status":"publish","type":"post","link":"https:\/\/www.europesays.com\/de\/431321\/","title":{"rendered":"Erster Eingriff bereits erfolgt: Brasiliens Ex-Pr\u00e4sident Bolsonaro leidet an Hautkrebs"},"content":{"rendered":"<p>                    Erster Eingriff bereits erfolgt<br \/>\n                Brasiliens Ex-Pr\u00e4sident Bolsonaro leidet an Hautkrebs<\/p>\n<p>\t\t\t\t              17.09.2025, 22:05 Uhr<\/p>\n<p>\t\t\t\t\t       Artikel anh\u00f6ren<\/p>\n<p>\t\t\t\t\t\t\tDiese Audioversion wurde k\u00fcnstlich generiert. <a href=\"https:\/\/www.n-tv.de\/23249898\" target=\"_blank\" rel=\"noopener\">Mehr Infos<\/a><\/p>\n<p><strong>Der brasilianische Ex-Pr\u00e4sident Bolsonaro wird vor wenigen Tagen zu mehr als 27 Jahren Haft f\u00fcr seinen versuchten Putsch verurteilt. Zu Wochenbeginn muss er aus gesundheitlichen Gr\u00fcnden zudem in eine Klinik. Bei den Untersuchungen stellen die \u00c4rzte gravierende Hautver\u00e4nderungen fest. <\/strong><\/p>\n<p>Bei Brasiliens fr\u00fcherem Pr\u00e4sidenten Jair Bolsonaro ist Hautkrebs festgestellt worden. Der 70-J\u00e4hrige, der vergangene Woche wegen Putschpl\u00e4nen zu einer langj\u00e4hrigen Haftstrafe verurteilt worden war, habe sich am Sonntag Hautver\u00e4nderungen entfernen lassen, sagte sein Arzt Claudio Birolini vor Journalisten. Bei der Biopsie der Proben sei ein &#8222;Plattenepithelkarzinom&#8220; festgestellt worden. Der Arzt sprach von einer &#8222;Art von Hautkrebs, die schwerwiegende Folgen haben kann&#8220;.<\/p>\n<p>Bolsonaro, der seit Anfang August unter Hausarrest steht, verlie\u00df am Nachmittag die Privatklinik in der Hauptstadt Bras\u00edlia, in die er am Vortag wegen gesundheitlicher Beschwerden gebracht worden war und wo er \u00fcber Nacht unter Beobachtung blieb.<\/p>\n<p>Sein Sohn Flavio hatte am Dienstag auf X von einem &#8222;Notfall&#8220; berichtet. Demnach hatte sich Bolsonaro zuvor &#8222;unwohl gef\u00fchlt&#8220;. Seinem Sohn zufolge litt der 70-J\u00e4hrige &#8222;unter starkem Schluckauf, Erbrechen und niedrigem Blutdruck&#8220; und konnte fast zehn Sekunden nicht atmen.<\/p>\n<p>Bolsonaro leidet unter Folgen von Messerattacke<\/p>\n<p>Einem ver\u00f6ffentlichten Klinik-Bulletin zufolge war der fr\u00fchere Pr\u00e4sident bei seiner Ankunft am Dienstag &#8222;dehydriert&#8220; gewesen. Seine Herzschlagfrequenz sei erh\u00f6ht und sein Blutdruck deutlich abgesenkt gewesen. Bei den Untersuchungen seien eine &#8222;anhaltende Blutarmut und eine Beeintr\u00e4chtigung der Nierenfunktion&#8220; festgestellt worden, hie\u00df es in dem Bulletin weiter.<\/p>\n<p>Bolsonaro leidet unter den gesundheitlichen Folgen eines Messer-Attentats gegen ihn im Wahlkampf vor der f\u00fcr ihn siegreichen Pr\u00e4sidentschaftswahl 2018. Der rechtsradikale Politiker war in der vergangenen Woche wegen Putschpl\u00e4nen zu einer Haftstrafe von 27 Jahren und 3 Monaten verurteilt worden. Das Oberste Gericht befand ihn f\u00fcr schuldig, eine &#8222;kriminelle Organisation&#8220; angef\u00fchrt zu haben, die seine Wahlniederlage von 2022 gegen den linksgerichteten heutigen Pr\u00e4sidenten Luiz In\u00e1cio Lula da Silva habe kippen wollen.<\/p>\n<p>Bolsonaro, der von 2019 bis 2022 Staatschef des s\u00fcdamerikanischen Landes war, weist alle Vorw\u00fcrfe zur\u00fcck und bezeichnet sich als Opfer politischer Verfolgung. Die Anw\u00e4lte des Ex-Pr\u00e4sidenten k\u00fcndigten Berufung gegen das Urteil an. Wegen Fluchtgefahr steht er seit Anfang August unter Hausarrest.<\/p>\n","protected":false},"excerpt":{"rendered":"Erster Eingriff bereits erfolgt Brasiliens Ex-Pr\u00e4sident Bolsonaro leidet an Hautkrebs 17.09.2025, 22:05 Uhr Artikel anh\u00f6ren Diese Audioversion wurde&hellip;\n","protected":false},"author":2,"featured_media":431322,"comment_status":"","ping_status":"","sticky":false,"template":"","format":"standard","meta":{"footnotes":""},"categories":[3],"tags":[5697,13,77029,1080,14,15,16,12,10,8,9,11,103,104],"class_list":{"0":"post-431321","1":"post","2":"type-post","3":"status-publish","4":"format-standard","5":"has-post-thumbnail","7":"category-welt","8":"tag-brasilien","9":"tag-headlines","10":"tag-jair-bolsonaro","11":"tag-krebs","12":"tag-nachrichten","13":"tag-news","14":"tag-politik","15":"tag-schlagzeilen","16":"tag-top-news","17":"tag-top-meldungen","18":"tag-topmeldungen","19":"tag-topnews","20":"tag-welt","21":"tag-world"},"share_on_mastodon":{"url":"https:\/\/pubeurope.com\/@de\/115223255018366232","error":""},"_links":{"self":[{"href":"https:\/\/www.europesays.com\/de\/wp-json\/wp\/v2\/posts\/431321","targetHints":{"allow":["GET"]}}],"collection":[{"href":"https:\/\/www.europesays.com\/de\/wp-json\/wp\/v2\/posts"}],"about":[{"href":"https:\/\/www.europesays.com\/de\/wp-json\/wp\/v2\/types\/post"}],"author":[{"embeddable":true,"href":"https:\/\/www.europesays.com\/de\/wp-json\/wp\/v2\/users\/2"}],"replies":[{"embeddable":true,"href":"https:\/\/www.europesays.com\/de\/wp-json\/wp\/v2\/comments?post=431321"}],"version-history":[{"count":0,"href":"https:\/\/www.europesays.com\/de\/wp-json\/wp\/v2\/posts\/431321\/revisions"}],"wp:featuredmedia":[{"embeddable":true,"href":"https:\/\/www.europesays.com\/de\/wp-json\/wp\/v2\/media\/431322"}],"wp:attachment":[{"href":"https:\/\/www.europesays.com\/de\/wp-json\/wp\/v2\/media?parent=431321"}],"wp:term":[{"taxonomy":"category","embeddable":true,"href":"https:\/\/www.europesays.com\/de\/wp-json\/wp\/v2\/categories?post=431321"},{"taxonomy":"post_tag","embeddable":true,"href":"https:\/\/www.europesays.com\/de\/wp-json\/wp\/v2\/tags?post=431321"}],"curies":[{"name":"wp","href":"https:\/\/api.w.org\/{rel}","templated":true}]}}