{"id":431451,"date":"2025-09-18T04:57:19","date_gmt":"2025-09-18T04:57:19","guid":{"rendered":"https:\/\/www.europesays.com\/de\/431451\/"},"modified":"2025-09-18T04:57:19","modified_gmt":"2025-09-18T04:57:19","slug":"britischer-filmstar-hat-keine-angst-vor-konsequenzen","status":"publish","type":"post","link":"https:\/\/www.europesays.com\/de\/431451\/","title":{"rendered":"Britischer Filmstar hat keine Angst vor Konsequenzen"},"content":{"rendered":"<p class=\"mb-4 text-lg md:leading-8 break-words\">Filmstar Jude Law spielt in seinem neuen Film Kreml-Chef Wladimir Putin &#8211; Angst vor negativen Konsequenzen hat der britische Schauspieler nicht. &#8222;Ich hatte keine Angst vor den Auswirkungen&#8220;, sagte der 52-J\u00e4hrige am Sonntag vor der Premiere bei den Filmfestspielen von Venedig. Er habe gro\u00dfes Vertrauen in Regisseur Olivier Assayas gehabt, das Drehbuch sei &#8222;intelligent&#8220; und &#8222;nuanciert&#8220; und der Film strebe &#8222;keine Kontroverse um der Kontroverse willen&#8220; an.<\/p>\n<p class=\"mb-4 text-lg md:leading-8 break-words\">Um den jungen Putin in der Romanverfilmung &#8222;The Wizard of the Kremlin&#8220; (deutscher Buchtitel: &#8222;Der Magier im Kreml&#8220;) glaubw\u00fcrdig zu verk\u00f6rpern, hat Law Judo gelernt und bei den Dreharbeiten eine Per\u00fccke getragen. &#8222;Es ist erstaunlich, was man mit einer guten Per\u00fccke alles machen kann&#8220;, witzelte er bei der Pressekonferenz in Venedig. Er habe sich zur Vorbereitung auf die Rolle aber auch &#8222;obsessiv&#8220; Videoaufnahmen von Putin angesehen.<\/p>\n<p class=\"mb-4 text-lg md:leading-8 break-words\">Der Film des franz\u00f6sischen Regisseurs Assayas konkurriert im Hauptwettbewerb des Festivals mit 20 anderen Filmen um den\u00a0Goldenen L\u00f6wen. Die Preisverleihung ist am kommenden Samstag.<\/p>\n<p class=\"mb-4 text-lg md:leading-8 break-words\">mid\/ck<\/p>\n","protected":false},"excerpt":{"rendered":"Filmstar Jude Law spielt in seinem neuen Film Kreml-Chef Wladimir Putin &#8211; Angst vor negativen Konsequenzen hat der&hellip;\n","protected":false},"author":2,"featured_media":431452,"comment_status":"","ping_status":"","sticky":false,"template":"","format":"standard","meta":{"footnotes":""},"categories":[1776],"tags":[1801,29,214,92,30,10607,61275,112729,1802,215,306],"class_list":{"0":"post-431451","1":"post","2":"type-post","3":"status-publish","4":"format-standard","5":"has-post-thumbnail","7":"category-prominente","8":"tag-celebrities","9":"tag-deutschland","10":"tag-entertainment","11":"tag-film","12":"tag-germany","13":"tag-jude-law","14":"tag-konsequenzen","15":"tag-olivier-assayas","16":"tag-prominente","17":"tag-unterhaltung","18":"tag-wladimir-putin"},"share_on_mastodon":{"url":"https:\/\/pubeurope.com\/@de\/115223530203040617","error":""},"_links":{"self":[{"href":"https:\/\/www.europesays.com\/de\/wp-json\/wp\/v2\/posts\/431451","targetHints":{"allow":["GET"]}}],"collection":[{"href":"https:\/\/www.europesays.com\/de\/wp-json\/wp\/v2\/posts"}],"about":[{"href":"https:\/\/www.europesays.com\/de\/wp-json\/wp\/v2\/types\/post"}],"author":[{"embeddable":true,"href":"https:\/\/www.europesays.com\/de\/wp-json\/wp\/v2\/users\/2"}],"replies":[{"embeddable":true,"href":"https:\/\/www.europesays.com\/de\/wp-json\/wp\/v2\/comments?post=431451"}],"version-history":[{"count":0,"href":"https:\/\/www.europesays.com\/de\/wp-json\/wp\/v2\/posts\/431451\/revisions"}],"wp:featuredmedia":[{"embeddable":true,"href":"https:\/\/www.europesays.com\/de\/wp-json\/wp\/v2\/media\/431452"}],"wp:attachment":[{"href":"https:\/\/www.europesays.com\/de\/wp-json\/wp\/v2\/media?parent=431451"}],"wp:term":[{"taxonomy":"category","embeddable":true,"href":"https:\/\/www.europesays.com\/de\/wp-json\/wp\/v2\/categories?post=431451"},{"taxonomy":"post_tag","embeddable":true,"href":"https:\/\/www.europesays.com\/de\/wp-json\/wp\/v2\/tags?post=431451"}],"curies":[{"name":"wp","href":"https:\/\/api.w.org\/{rel}","templated":true}]}}