{"id":431457,"date":"2025-09-18T05:01:21","date_gmt":"2025-09-18T05:01:21","guid":{"rendered":"https:\/\/www.europesays.com\/de\/431457\/"},"modified":"2025-09-18T05:01:21","modified_gmt":"2025-09-18T05:01:21","slug":"soundgarden-mehr-als-halbfertig-mit-posthumem-cornell-album","status":"publish","type":"post","link":"https:\/\/www.europesays.com\/de\/431457\/","title":{"rendered":"Soundgarden mehr als halbfertig mit posthumem Cornell-Album"},"content":{"rendered":"<p><a href=\"https:\/\/www.metal-hammer.de\/artists\/chris-cornell\/\" target=\"_blank\" rel=\"noopener\">Chris Cornell<\/a> hatte vor seinem Tod am 18. Mai 2017 bekanntlich noch einiges neues Material zusammen mit <a href=\"https:\/\/www.metal-hammer.de\/artists\/soundgarden\/\" target=\"_blank\" rel=\"noopener\">Soundgarden<\/a> eingesungen. Nun hat sich Schlagzeuger Matt Cameron zu Wort gemeldet und die Neuigkeit \u00fcberbracht, dass die Band mit den Arbeiten an dem posthumen Album gut vorankommt. <a href=\"https:\/\/www.billboard.com\/music\/rock\/soundgarden-final-album-after-rock-hall-induction-1236067155\/\" target=\"_blank\" rel=\"noopener\">Im Gespr\u00e4ch beim Branchenmagazin Billboard<\/a> zieht der Trommler Zwischenbilanz.<\/p>\n<p>Gleichzeitig qualvoll &amp; aufbauend<\/p>\n<p>Auf den Status der Produktion angesprochen, wei\u00df der Soundgarden-Trommler zu berichten: \u201eBislang haben wir noch kein Ver\u00f6ffentlichungsdatum oder irgendetwas festgelegt. Es gibt ein paar verschiedene Denkrichtungen. Eine war: \u201aHey, lasst uns eine Single rausbringen.\u2018 Ich denke, letztendlich haben wir uns entschieden, dass wir sicherstellen wollen, dass die ganze Sache fertiggestellt ist, bevor wir Singles ver\u00f6ffentlichen. Ich freue mich darauf, wenn die Leute es h\u00f6ren. Wir sind definitiv mehr als halbfertig damit. Kim [Thayil; Gitarrist \u2014 Anm.d.R.] befindet sich gerade im Prozess, seine Gitarrenspuren fertigzustellen. Er will sicherstellen, dass er sie genau so hinbekommt, wie er sie haben will.\u201c<\/p>\n<p>Empfehlungen der Redaktion<\/p>\n<p>Des Weiteren sollte Matt noch dazu Stellung nehmen, wie es f\u00fcr ihn ist, an Liedmaterial zu schrauben, an dem Chris Cornell gewerkelt hat, bevor er gestorben ist.\u00a0\u201eEmotional gesehen hatte das Ganze extreme H\u00f6hen und Tiefen. Seine Stimme in diesen kraftvollen Rock-Songs zu h\u00f6ren, ist die aufbauendste Sache auf der Welt f\u00fcr mich. Wenn ich dann seine isolierte Stimme h\u00f6re, wenn ich oder Kim oder Ben [Shepherd; Soundgarden-Bassist] an etwas arbeiten, kommt alles wieder hoch \u2014 dass er nicht mehr bei uns ist und uns auf eine Art verlassen hat, die viele Fragen aufwirft. Es war herzzerrei\u00dfend, aber gleichzeitig auch sehr aufbauend.\u201c<\/p>\n<p>\u2014<br \/>Bestens informiert \u00fcber dieses und alle weiteren wichtigen Themen im Metal bleibt ihr au\u00dferdem mit unserem Newsletter. Einmal pro Woche flattert euch \u00fcbersichtlich sortiert ein Update ins Postfach.\u00a0<a href=\"https:\/\/www.metal-hammer.de\/news\/newsletter\/\" target=\"_blank\" rel=\"noopener noreferrer\"><strong>Einfach anmelden<\/strong><\/a>, damit euch auch sicher nichts entgeht.<\/p>\n<p>An dieser Stelle findest du Inhalte aus Simplecast<\/p>\n<p>Um mit Inhalten aus Sozialen Netzwerken zu interagieren oder diese darzustellen, brauchen wir deine Zustimmung.<\/p>\n<p>\tSoziale Netzwerke aktivieren<\/p>\n","protected":false},"excerpt":{"rendered":"Chris Cornell hatte vor seinem Tod am 18. Mai 2017 bekanntlich noch einiges neues Material zusammen mit Soundgarden&hellip;\n","protected":false},"author":2,"featured_media":431458,"comment_status":"","ping_status":"","sticky":false,"template":"","format":"standard","meta":{"footnotes":""},"categories":[1772],"tags":[6363,112731,29,214,30,112732,112733,112734,1779,810,70365,112735,215],"class_list":{"0":"post-431457","1":"post","2":"type-post","3":"status-publish","4":"format-standard","5":"has-post-thumbnail","7":"category-musik","8":"tag-album","9":"tag-chris-cornell","10":"tag-deutschland","11":"tag-entertainment","12":"tag-germany","13":"tag-halbfertig","14":"tag-kim-thayil","15":"tag-matt-cameron","16":"tag-music","17":"tag-musik","18":"tag-posthum","19":"tag-soundgarden","20":"tag-unterhaltung"},"share_on_mastodon":{"url":"https:\/\/pubeurope.com\/@de\/115223546556264882","error":""},"_links":{"self":[{"href":"https:\/\/www.europesays.com\/de\/wp-json\/wp\/v2\/posts\/431457","targetHints":{"allow":["GET"]}}],"collection":[{"href":"https:\/\/www.europesays.com\/de\/wp-json\/wp\/v2\/posts"}],"about":[{"href":"https:\/\/www.europesays.com\/de\/wp-json\/wp\/v2\/types\/post"}],"author":[{"embeddable":true,"href":"https:\/\/www.europesays.com\/de\/wp-json\/wp\/v2\/users\/2"}],"replies":[{"embeddable":true,"href":"https:\/\/www.europesays.com\/de\/wp-json\/wp\/v2\/comments?post=431457"}],"version-history":[{"count":0,"href":"https:\/\/www.europesays.com\/de\/wp-json\/wp\/v2\/posts\/431457\/revisions"}],"wp:featuredmedia":[{"embeddable":true,"href":"https:\/\/www.europesays.com\/de\/wp-json\/wp\/v2\/media\/431458"}],"wp:attachment":[{"href":"https:\/\/www.europesays.com\/de\/wp-json\/wp\/v2\/media?parent=431457"}],"wp:term":[{"taxonomy":"category","embeddable":true,"href":"https:\/\/www.europesays.com\/de\/wp-json\/wp\/v2\/categories?post=431457"},{"taxonomy":"post_tag","embeddable":true,"href":"https:\/\/www.europesays.com\/de\/wp-json\/wp\/v2\/tags?post=431457"}],"curies":[{"name":"wp","href":"https:\/\/api.w.org\/{rel}","templated":true}]}}