{"id":431715,"date":"2025-09-18T07:28:10","date_gmt":"2025-09-18T07:28:10","guid":{"rendered":"https:\/\/www.europesays.com\/de\/431715\/"},"modified":"2025-09-18T07:28:10","modified_gmt":"2025-09-18T07:28:10","slug":"koeln-polizei-nimmt-gesuchte-straftaeter-am-hauptbahnhof-fest-regional","status":"publish","type":"post","link":"https:\/\/www.europesays.com\/de\/431715\/","title":{"rendered":"K\u00f6ln: Polizei nimmt gesuchte Straft\u00e4ter am Hauptbahnhof fest | Regional"},"content":{"rendered":"<p>K\u00f6ln \u2013 <b>Am K\u00f6lner Hauptbahnhof klickten gleich zweimal die Handschellen.<\/b><\/p>\n<p>Um 7.10 Uhr nahmen Bundespolizisten einen 31-j\u00e4hrigen Libyer fest, der wegen eines besonders schweren Falls des Diebstahls zu acht Monaten Haft verurteilt worden war. Die Staatsanwaltschaft Hamburg hatte den Haftbefehl ausgestellt.<\/p>\n<p>Auch interessant<\/p>\n<p>Anzeige<\/p>\n<p>Auch interessant<\/p>\n<p>Anzeige<\/p>\n<p>Nur 30 Minuten sp\u00e4ter, um 7.40 Uhr, geriet ein 36-j\u00e4hriger Slowake ins Visier der Beamten. Er wurde wegen eines Fahrgelddelikts \u00fcberpr\u00fcft und es stellte sich heraus, dass ein Strafbefehl des Amtsgerichts W\u00fcrzburg gegen ihn vorlag. Der Strafbefehl erging wegen eines Versto\u00dfes gegen das Bet\u00e4ubungsmittelgesetz. Da er die geforderte Geldstrafe von 800 Euro nicht zahlen konnte, muss er nun f\u00fcr neun Tage ins Gef\u00e4ngnis.<\/p>\n<p>Nach den polizeilichen Ma\u00dfnahmen wurden beide M\u00e4nner der Justizvollzugsanstalt \u00fcbergeben.<\/p>\n<p>Dieser Text basiert auf einer offiziellen Beh\u00f6rden-Information und wurde mit Hilfe von KI erstellt.<\/p>\n","protected":false},"excerpt":{"rendered":"K\u00f6ln \u2013 Am K\u00f6lner Hauptbahnhof klickten gleich zweimal die Handschellen. Um 7.10 Uhr nahmen Bundespolizisten einen 31-j\u00e4hrigen Libyer&hellip;\n","protected":false},"author":2,"featured_media":396437,"comment_status":"","ping_status":"","sticky":false,"template":"","format":"standard","meta":{"footnotes":""},"categories":[1828],"tags":[29,1686,1994,30,2509,1420,1209,121,45],"class_list":{"0":"post-431715","1":"post","2":"type-post","3":"status-publish","4":"format-standard","5":"has-post-thumbnail","7":"category-koeln","8":"tag-deutschland","9":"tag-diebstahl","10":"tag-drogenhandel","11":"tag-germany","12":"tag-ki-ots","13":"tag-koeln","14":"tag-nordrhein-westfalen","15":"tag-polizei","16":"tag-texttospeech"},"share_on_mastodon":{"url":"https:\/\/pubeurope.com\/@de\/115224124049066150","error":""},"_links":{"self":[{"href":"https:\/\/www.europesays.com\/de\/wp-json\/wp\/v2\/posts\/431715","targetHints":{"allow":["GET"]}}],"collection":[{"href":"https:\/\/www.europesays.com\/de\/wp-json\/wp\/v2\/posts"}],"about":[{"href":"https:\/\/www.europesays.com\/de\/wp-json\/wp\/v2\/types\/post"}],"author":[{"embeddable":true,"href":"https:\/\/www.europesays.com\/de\/wp-json\/wp\/v2\/users\/2"}],"replies":[{"embeddable":true,"href":"https:\/\/www.europesays.com\/de\/wp-json\/wp\/v2\/comments?post=431715"}],"version-history":[{"count":0,"href":"https:\/\/www.europesays.com\/de\/wp-json\/wp\/v2\/posts\/431715\/revisions"}],"wp:featuredmedia":[{"embeddable":true,"href":"https:\/\/www.europesays.com\/de\/wp-json\/wp\/v2\/media\/396437"}],"wp:attachment":[{"href":"https:\/\/www.europesays.com\/de\/wp-json\/wp\/v2\/media?parent=431715"}],"wp:term":[{"taxonomy":"category","embeddable":true,"href":"https:\/\/www.europesays.com\/de\/wp-json\/wp\/v2\/categories?post=431715"},{"taxonomy":"post_tag","embeddable":true,"href":"https:\/\/www.europesays.com\/de\/wp-json\/wp\/v2\/tags?post=431715"}],"curies":[{"name":"wp","href":"https:\/\/api.w.org\/{rel}","templated":true}]}}