{"id":431800,"date":"2025-09-18T08:15:18","date_gmt":"2025-09-18T08:15:18","guid":{"rendered":"https:\/\/www.europesays.com\/de\/431800\/"},"modified":"2025-09-18T08:15:18","modified_gmt":"2025-09-18T08:15:18","slug":"ukraine-liveblog-neuer-deutscher-botschafter-in-kiew","status":"publish","type":"post","link":"https:\/\/www.europesays.com\/de\/431800\/","title":{"rendered":"Ukraine-Liveblog: ++ Neuer deutscher Botschafter in Kiew ++"},"content":{"rendered":"<p>                    <strong>liveblog<\/strong><\/p>\n<p class=\"metatextline\">Stand: 18.09.2025 09:44 Uhr<\/p>\n<p class=\"textabsatz columns twelve  m-ten  m-offset-one l-eight l-offset-two\">\n        <strong>Der neue deutsche Botschafter in der Ukraine, Thoms, hat sein Amt angetreten. Russland meldet einen Toten bei einem ukrainischen Drohnenangriff auf die russische Grenzregion Belgorod. <\/strong>\n    <\/p>\n<p>09:41 Uhr<\/p>\n<p>    <a href=\"#Ukraine-meldet-fuenf-Verletzte-nach-russischen-Angriffen\"><br \/>\n        Ukraine meldet f\u00fcnf Verletzte nach russischen Angriffen<br \/>\n    <\/a><\/p>\n<p class=\"textabsatz m-ten m-offset-one l-eight l-offset-two columns twelve\">Russische Angriffe in der zentralukrainischen Region Poltawa haben \u00f6rtlichen Angaben zufolge Stromausf\u00e4lle und St\u00f6rungen im Bahnverkehr verursacht. Zudem seien f\u00fcnf Menschen verletzt worden, vier davon bei einem Drohnenangriff auf eine Tankstelle, teilten die Rettungsdienste vor Ort mit. Auch die Bahninfrastruktur wurde getroffen, wie Regionalgouverneur Wolodymyr Kohut auf dem Kurznachrichtendienst Telegram schrieb. Nach Angaben der staatlichen Eisenbahn kommt es zu St\u00f6rungen und Zugversp\u00e4tungen von bis zu drei Stunden. Eine russische Stellungnahme gibt es bislang nicht.<\/p>\n<p>08:04 Uhr<\/p>\n<p>    <a href=\"#Charles-erinnert-Trump-an-Ukraine-Unterstuetzung\"><br \/>\n        Charles erinnert Trump an Ukraine-Unterst\u00fctzung<br \/>\n    <\/a><\/p>\n<p class=\"textabsatz m-ten m-offset-one l-eight l-offset-two columns twelve\">K\u00f6nig Charles III. hat beim Staatsbankett mit US-Pr\u00e4sident Donald Trump die Gelegenheit genutzt, an die Unterst\u00fctzung der Ukraine zu erinnern. Obwohl er sich normalerweise aus der Politik heraush\u00e4lt, verglich er die aktuelle Lage mit den beiden Weltkriegen, in denen Gro\u00dfbritannien und die USA gemeinsam gegen die &#8222;Kr\u00e4fte der Tyrannei&#8220; k\u00e4mpften. Heute, so Charles, m\u00fcsse man vereint die Ukraine unterst\u00fctzen. Trump, der zuletzt Sympathien f\u00fcr Putin zeigte und die Hilfe f\u00fcr Kiew infrage stellte, nickte lediglich.<\/p>\n<p>07:15 Uhr<\/p>\n<p>    <a href=\"#Selenskyj-Russland-mangelt-es-an-Kraft-fuer-Grossoffensive\"><br \/>\n        Selenskyj: Russland mangelt es an Kraft f\u00fcr Gro\u00dfoffensive<br \/>\n    <\/a><\/p>\n<p class=\"textabsatz m-ten m-offset-one l-eight l-offset-two columns twelve\">Der ukrainische Pr\u00e4sident Wolodymyr Selenskyj geht davon aus, dass Russland in seinem Angriffskrieg erst einmal keine Gro\u00dfoffensive mehr starten kann. &#8222;Ich glaube, dass es ihnen derzeit an der Kraft f\u00fcr gro\u00dfangelegte Offensiven mangelt&#8220;, teilte Selenskyj am Abend auf der Plattform X mit und verwies darauf, dass Russland so viele Soldaten verloren habe, dass es keine starken zus\u00e4tzlichen Aktionen durchf\u00fchren k\u00f6nne.\u00a0Seine Angaben k\u00f6nnen derzeit nicht unabh\u00e4ngig \u00fcberpr\u00fcft werden.<\/p>\n<p class=\"textabsatz m-ten m-offset-one l-eight l-offset-two columns twelve\">Selenskyj sagte, Russland habe in diesem Jahr Offensivoperationen entlang vier Hauptachsen vorbereitet: Sumy, Nowopawliwka, Pokrowsk und Saporischschja. &#8222;Die Operation in Sumy ist bereits gescheitert &#8211; Russland hat schwere Verluste erlitten, insbesondere an Menschenleben, und hat Truppen an andere Fronten verlegt.&#8220; Die ukrainischen Streitkr\u00e4fte h\u00e4tten ihnen dort noch gr\u00f6\u00dfere Verluste zugef\u00fcgt.<\/p>\n<p>07:10 Uhr<\/p>\n<p>    <a href=\"#Russland-Toter-nach-ukrainischem-Drohnenangriff\"><br \/>\n        Russland: Toter nach ukrainischem Drohnenangriff<br \/>\n    <\/a><\/p>\n<p class=\"textabsatz m-ten m-offset-one l-eight l-offset-two columns twelve\">Bei einem ukrainischen Drohnenangriff auf die russische Grenzregion Belgorod ist nach Angaben der Beh\u00f6rden ein Mensch get\u00f6tet und ein weiterer verletzt worden. Dies teilte der Gouverneur der Region, Wjatscheslaw Gladkow, auf Telegram mit. Die Drohne habe einen Mann in seinem Auto in der Stadt Schebekino get\u00f6tet. Der Bruder des Mannes sei schwer verletzt und in ein \u00f6rtliches Krankenhaus gebracht worden.<\/p>\n<p>Konfliktparteien als Quelle<\/p>\n<p>            Angaben zu Kriegsverlauf, Beschuss und Opfern durch offizielle Stellen der russischen und der ukrainischen Konfliktparteien k\u00f6nnen in der aktuellen Lage nicht unmittelbar von unabh\u00e4ngiger Stelle \u00fcberpr\u00fcft werden.<\/p>\n<p>07:03 Uhr<\/p>\n<p>    <a href=\"#Neuer-deutscher-Botschafter-tritt-Amt-an\"><br \/>\n        Neuer deutscher Botschafter tritt Amt an<br \/>\n    <\/a><\/p>\n<p class=\"textabsatz m-ten m-offset-one l-eight l-offset-two columns twelve\">Deutschlands neuer Botschafter in der Ukraine, Heiko Thoms, hat sein Amt offiziell angetreten. Der 57-j\u00e4hrige Diplomat wurde vom stellvertretenden ukrainischen Au\u00dfenminister Jewhen Perebyinis empfangen und \u00fcbergab sein Beglaubigungsschreiben, wie das ukrainische Au\u00dfenministerium mitteilte. Perebyinis unterstrich Deutschlands f\u00fchrende Rolle in Europa sowie bei der milit\u00e4rischen Unterst\u00fctzung f\u00fcr die Ukraine.\u00a0<\/p>\n<p class=\"textabsatz m-ten m-offset-one l-eight l-offset-two columns twelve\">Der fr\u00fchere Finanzstaatssekret\u00e4r Thoms verf\u00fcgt \u00fcber langj\u00e4hrige Erfahrungen bei der Europ\u00e4ischen Union, der NATO und den Vereinten Nationen. Er folgt auf Martin J\u00e4ger, der neuer Pr\u00e4sident des Bundesnachrichtendienstes (BND) wurde. Thoms hat gro\u00dfe Ukraine-Expertise: Er verhandelte ein Hilfspaket der G7-Runde wirtschaftsstarker westlicher Nationen f\u00fcr das von Russland angegriffene Land mit, das Kredite in H\u00f6he von 50 Milliarden Dollar beinhaltet. Zudem war Thoms stellvertretender Botschafter bei der NATO in Br\u00fcssel und Botschafter in Brasilien.<\/p>\n","protected":false},"excerpt":{"rendered":"liveblog Stand: 18.09.2025 09:44 Uhr Der neue deutsche Botschafter in der Ukraine, Thoms, hat sein Amt angetreten. Russland&hellip;\n","protected":false},"author":2,"featured_media":431801,"comment_status":"","ping_status":"","sticky":false,"template":"","format":"standard","meta":{"footnotes":""},"categories":[4013],"tags":[331,332,13,3272,14,15,4043,4044,850,307,12,317],"class_list":{"0":"post-431800","1":"post","2":"type-post","3":"status-publish","4":"format-standard","5":"has-post-thumbnail","7":"category-russland","8":"tag-aktuelle-nachrichten","9":"tag-aktuelle-news","10":"tag-headlines","11":"tag-liveblog","12":"tag-nachrichten","13":"tag-news","14":"tag-russia","15":"tag-russian-federation","16":"tag-russische-foederation","17":"tag-russland","18":"tag-schlagzeilen","19":"tag-ukraine"},"share_on_mastodon":{"url":"https:\/\/pubeurope.com\/@de\/115224308890594777","error":""},"_links":{"self":[{"href":"https:\/\/www.europesays.com\/de\/wp-json\/wp\/v2\/posts\/431800","targetHints":{"allow":["GET"]}}],"collection":[{"href":"https:\/\/www.europesays.com\/de\/wp-json\/wp\/v2\/posts"}],"about":[{"href":"https:\/\/www.europesays.com\/de\/wp-json\/wp\/v2\/types\/post"}],"author":[{"embeddable":true,"href":"https:\/\/www.europesays.com\/de\/wp-json\/wp\/v2\/users\/2"}],"replies":[{"embeddable":true,"href":"https:\/\/www.europesays.com\/de\/wp-json\/wp\/v2\/comments?post=431800"}],"version-history":[{"count":0,"href":"https:\/\/www.europesays.com\/de\/wp-json\/wp\/v2\/posts\/431800\/revisions"}],"wp:featuredmedia":[{"embeddable":true,"href":"https:\/\/www.europesays.com\/de\/wp-json\/wp\/v2\/media\/431801"}],"wp:attachment":[{"href":"https:\/\/www.europesays.com\/de\/wp-json\/wp\/v2\/media?parent=431800"}],"wp:term":[{"taxonomy":"category","embeddable":true,"href":"https:\/\/www.europesays.com\/de\/wp-json\/wp\/v2\/categories?post=431800"},{"taxonomy":"post_tag","embeddable":true,"href":"https:\/\/www.europesays.com\/de\/wp-json\/wp\/v2\/tags?post=431800"}],"curies":[{"name":"wp","href":"https:\/\/api.w.org\/{rel}","templated":true}]}}