{"id":431861,"date":"2025-09-18T08:48:13","date_gmt":"2025-09-18T08:48:13","guid":{"rendered":"https:\/\/www.europesays.com\/de\/431861\/"},"modified":"2025-09-18T08:48:13","modified_gmt":"2025-09-18T08:48:13","slug":"sonniges-wochenende-mit-bis-zu-30-grad","status":"publish","type":"post","link":"https:\/\/www.europesays.com\/de\/431861\/","title":{"rendered":"Sonniges Wochenende mit bis zu 30 Grad"},"content":{"rendered":"<p>Sonnige Tage am Wochenende <\/p>\n<p>Frankfurt im Sommermodus: Temperaturen bis zu 30 Grad<\/p>\n<p>18.09.2025 &#8211; 10:42 UhrLesedauer: 1 Min.<\/p>\n<p><a href=\"#focus-0\" class=\"transition-colors duration-200 block text-current relative\" data-sctrack=\"FocusGalleryImage.Reference\"><img fetchpriority=\"high\" data-testid=\"Opener.Image\" style=\"--lqipURL:url('https:\/\/images.t-online.de\/2025\/09\/e7xLToWp36ip\/0x75:800x450\/fit-in\/150x0\/filters:blur(25)\/wassersportler-auf-dem-main-archivfoto-das-wochenende-in-frankfurt-verspricht-sommerliches-wetter.jpg')\"   loading=\"eager\" src=\"https:\/\/www.europesays.com\/de\/wp-content\/uploads\/2025\/09\/wassersportler-auf-dem-main-archivfoto-das-wochenende-in-frankfurt-verspricht-sommerliches-wetter.jp.jpeg\" alt=\"urn:newsml:dpa.com:20090101:250918-935-838591\" title=\"urn:newsml:dpa.com:20090101:250918-935-838591\" width=\"800\" height=\"450\" class=\"bg-[url:var(--lqipURL)] bg-cover bg-center flex h-full w-full max-w-full\" decoding=\"async\"\/><img style=\"--width:32;--height:32\" loading=\"lazy\" src=\"https:\/\/frankfurt.t-online.de\/s\/paper\/_next\/static\/media\/zoom-in.f7dae02f.svg\" alt=\"Vergr\u00f6\u00dfern des Bildes\" title=\"Vergr\u00f6\u00dfern des Bildes\" class=\"block h-[calc(var(--height)_\/_16_*_1rem)] w-[calc(var(--width)_\/_16_*_1rem)] max-w-none absolute bottom-8 right-8 rounded-4 bg-snow p-8\" decoding=\"async\"\/><\/a><\/p>\n<p>Wassersportler auf dem Main (Archivfoto): Das Wochenende in Frankfurt verspricht sommerliches Wetter. (Quelle: Andreas Arnold)<\/p>\n<p class=\"font-bold text-18 leading-17\">Ein Finale des Sommers zeichnet sich in Frankfurt ab: Sonnige Tage mit Temperaturen von bis zu 30 Grad k\u00fcndigen sich an.<\/p>\n<p class=\"text-18 leading-17\">Der Sommer wird sich noch einmal in Frankfurt zeigen. Nach Angaben des Deutschen Wetterdienstes (DWD) steigen die Temperaturen in den kommenden Tagen auf \u00fcber 25 Grad.<\/p>\n<p class=\"text-18 leading-17\">Am Donnerstagvormittag kann es im Norden Hessens noch bew\u00f6lkt sein. Im Tagesverlauf wird es aber zunehmend heiter und sonnig. In Frankfurt erreichen die Werte bis zu 26 Grad. In den Hochlagen bleibt es mit rund 19 Grad k\u00fchler.<\/p>\n<p class=\"text-18 leading-17\">Am Freitagmorgen ist \u00f6rtlicher Nebel m\u00f6glich. Danach setzt sich erneut die Sonne durch. In der Stadt werden Temperaturen von bis zu 29 Grad erwartet. Auch in h\u00f6heren Lagen bleiben die Werte mit etwa 20 Grad mild.<\/p>\n<p class=\"text-18 leading-17\">Die N\u00e4chte k\u00fchlen auf neun bis 14 Grad ab. Am Samstag bleibt es tags\u00fcber weiterhin sonnig und warm, in Frankfurt k\u00f6nnen die Temperaturen nach DWD-Angaben sogar \u00fcber 30 Grad steigen.<\/p>\n<p class=\"text-18 leading-17\">Zum Sonntag hin k\u00fcndigt sich ein Wetterwechsel an. Dann ist mit Regen und vereinzelten Gewittern bei 21 bis 25 Grad zu rechnen.<\/p>\n","protected":false},"excerpt":{"rendered":"Sonnige Tage am Wochenende Frankfurt im Sommermodus: Temperaturen bis zu 30 Grad 18.09.2025 &#8211; 10:42 UhrLesedauer: 1 Min.&hellip;\n","protected":false},"author":2,"featured_media":431862,"comment_status":"","ping_status":"","sticky":false,"template":"","format":"standard","meta":{"footnotes":""},"categories":[1829],"tags":[722,29,4906,2050,2051,30,2052,112836,6848,1973,2255],"class_list":{"0":"post-431861","1":"post","2":"type-post","3":"status-publish","4":"format-standard","5":"has-post-thumbnail","7":"category-frankfurt-am-main","8":"tag-722","9":"tag-deutschland","10":"tag-dwd","11":"tag-frankfurt","12":"tag-frankfurt-am-main","13":"tag-germany","14":"tag-hessen","15":"tag-sommermodus","16":"tag-temperatur","17":"tag-wetter","18":"tag-wettervorhersage"},"share_on_mastodon":{"url":"https:\/\/pubeurope.com\/@de\/115224438639109473","error":""},"_links":{"self":[{"href":"https:\/\/www.europesays.com\/de\/wp-json\/wp\/v2\/posts\/431861","targetHints":{"allow":["GET"]}}],"collection":[{"href":"https:\/\/www.europesays.com\/de\/wp-json\/wp\/v2\/posts"}],"about":[{"href":"https:\/\/www.europesays.com\/de\/wp-json\/wp\/v2\/types\/post"}],"author":[{"embeddable":true,"href":"https:\/\/www.europesays.com\/de\/wp-json\/wp\/v2\/users\/2"}],"replies":[{"embeddable":true,"href":"https:\/\/www.europesays.com\/de\/wp-json\/wp\/v2\/comments?post=431861"}],"version-history":[{"count":0,"href":"https:\/\/www.europesays.com\/de\/wp-json\/wp\/v2\/posts\/431861\/revisions"}],"wp:featuredmedia":[{"embeddable":true,"href":"https:\/\/www.europesays.com\/de\/wp-json\/wp\/v2\/media\/431862"}],"wp:attachment":[{"href":"https:\/\/www.europesays.com\/de\/wp-json\/wp\/v2\/media?parent=431861"}],"wp:term":[{"taxonomy":"category","embeddable":true,"href":"https:\/\/www.europesays.com\/de\/wp-json\/wp\/v2\/categories?post=431861"},{"taxonomy":"post_tag","embeddable":true,"href":"https:\/\/www.europesays.com\/de\/wp-json\/wp\/v2\/tags?post=431861"}],"curies":[{"name":"wp","href":"https:\/\/api.w.org\/{rel}","templated":true}]}}