{"id":431988,"date":"2025-09-18T10:00:19","date_gmt":"2025-09-18T10:00:19","guid":{"rendered":"https:\/\/www.europesays.com\/de\/431988\/"},"modified":"2025-09-18T10:00:19","modified_gmt":"2025-09-18T10:00:19","slug":"dauerhaft-tempo-30-auf-strassen-am-phoenix-see","status":"publish","type":"post","link":"https:\/\/www.europesays.com\/de\/431988\/","title":{"rendered":"Dauerhaft Tempo 30 auf Stra\u00dfen am Phoenix-See"},"content":{"rendered":"<p>\t\tTempo 30 gilt dauerhaft auf drei Stra\u00dfen am Phoenix-See<br \/>\n\t\t\t\t\tStadt setzt Ratsbeschluss um<\/p>\n<p>\t\t<img alt=\"\" src=\"https:\/\/www.europesays.com\/de\/wp-content\/uploads\/2025\/08\/Freisteller_Anika_Fischer.jpg\"  class=\"avatar avatar-36 photo avatar-default\" height=\"36\" width=\"36\" loading=\"lazy\" decoding=\"async\"\/>\t\t<a class=\"article-author__name\" href=\"https:\/\/www.ruhrnachrichten.de\/author\/anika-fischer\/\" rel=\"author nofollow noopener\" target=\"_blank\">Anika Fischer<\/a><br \/>\n\t\tVolont\u00e4rin<\/p>\n<p>    <a href=\"https:\/\/www.ruhrnachrichten.de\/wp-content\/uploads\/2025\/09\/17\/13\/630_0900_5035127_091e3fdb_eb93_4bde_82b0_82efd847b2fe-1646x824.jpg\" rel=\"nofollow noopener\" target=\"_blank\"><\/p>\n<p>            <img loading=\"lazy\" decoding=\"async\" src=\"https:\/\/www.europesays.com\/de\/wp-content\/uploads\/2025\/09\/630_0900_5035126_091e3fdb_eb93_4bde_82b0_82efd847b2fe-640x428.jpg\" width=\"640\" height=\"428\"  alt=\"Ein Verkehrsschild mit der Aufschrift \u201e30\u201c und einem Warnzeichen f\u00fcr Kinder befindet sich am Stra\u00dfenrand. Die Geschwindigkeitsbegrenzung soll Verkehrsteilnehmer auf die m\u00f6gliche Anwesenheit von spielenden Kindern hinweisen.\"\/><\/p>\n<p>    <\/a><br \/>\n    Auf der Aldinghofer Stra\u00dfe in H\u00f6rde gilt ab sofort Tempo 30. \u00a9 Anika Fischer<\/p>\n<p class=\"article__teaser-text\">Auf drei Stra\u00dfen in der N\u00e4he des Phoenix-Sees in Dortmund gilt nun dauerhaft Tempo 30. Welche Stra\u00dfen betroffen sind.<\/p>\n<p>1 Min Lesezeit<\/p>\n<p>Auf drei Stra\u00dfen rund um den Phoenix-See in H\u00f6rde gilt ab sofort dauerhaft Tempo 30. Die Stadt Dortmund setzt damit einen Ratsbeschluss zum Dortmunder Geschwindigkeitskonzept um.<\/p>\n<p>Dauerhaft Tempo 30 am See<\/p>\n<p>Betroffen sind die Aldinghofer Stra\u00dfe, die Stra\u00dfe Seekante und ein Abschnitt der Alfred-Trappen-Stra\u00dfe. Bislang war das Tempolimit dort nur werktags zwischen 7 und 17 Uhr g\u00fcltig \u2013 vor allem zum Schutz von Kindern auf dem Weg zu Kitas und Schulen. Diese zeitliche Einschr\u00e4nkung entf\u00e4llt nun.<\/p>\n<p>\u201eDauerhaft Tempo 30 erh\u00f6ht die Sicherheit f\u00fcr alle Verkehrsteilnehmerinnen und Verkehrsteilnehmer. Eine gleichm\u00e4\u00dfigere Geschwindigkeit mindert zudem umweltsch\u00e4dliche Emissionen und L\u00e4rm\u201c, so die Stadt Dortmund.<\/p>\n<p>Rechtliche Hintergr\u00fcnde<\/p>\n<p>M\u00f6glich wurde die Ma\u00dfnahme auch, weil die Stra\u00dfen aus dem sogenannten Vorbehaltsnetz genommen wurden. Das Vorbehaltsnetz umfasst \u00fcber\u00f6rtliche Stra\u00dfen, die f\u00fcr den Durchgangsverkehr besonders wichtig sind. Die Aldinghofer Stra\u00dfe, die Stra\u00dfe Seekante und ein Abschnitt der Alfred-Trappen-Stra\u00dfe geh\u00f6ren nun nicht mehr dazu. Sie haben damit keine Funktion mehr als Hauptverkehrs- oder Verbindungsstra\u00dfen. \u201eDas macht eine dauerhafte Geschwindigkeitsreduzierung rechtlich m\u00f6glich\u201c, hei\u00dft es von der Stadt Dortmund.<\/p>\n<p>\t\t<a href=\"https:\/\/www.ruhrnachrichten.de\/dortmund-sued\/tempo-30-grundschule-dialog-display-verkehrsunfall-hoerde-dortmund-w1072949-2001791845\/\" rel=\"nofollow noopener\" aria-hidden=\"true\" tabindex=\"-1\" title=\"Unbekannte schrauben Schilder vor Grundschule ab Irritationen um Tempo-30-Zone\" aria-label=\"Unbekannte schrauben Schilder vor Grundschule ab Irritationen um Tempo-30-Zone\" target=\"_blank\"><\/p>\n<p>                <img decoding=\"async\" src=\"https:\/\/www.europesays.com\/de\/wp-content\/uploads\/2025\/09\/630_0900_4996611_Montage_Sauerlaender-160x80.jpg\"  width=\"160\" height=\"80\" alt=\"Die Wittbr\u00e4ucker Stra\u00dfe und Werner Sauerl\u00e4nder\" loading=\"lazy\"\/><\/p>\n<p>\t\t<\/a><\/p>\n<p>\t\t<a href=\"https:\/\/www.ruhrnachrichten.de\/dortmund-sued\/dortmund-hoerde-kuenstliche-intelligenz-perplexity-ruhrgebiet-stadtbezirk-phoenix-see-west-w1068412-2001777967\/\" rel=\"nofollow noopener\" aria-hidden=\"true\" tabindex=\"-1\" title=\"\u201eMalochergeist trifft Latte-Macchiato-Kultur\u201c Was K\u00fcnstliche Intelligenz \u00fcber H\u00f6rde sagt\" aria-label=\"\u201eMalochergeist trifft Latte-Macchiato-Kultur\u201c Was K\u00fcnstliche Intelligenz \u00fcber H\u00f6rde sagt\" target=\"_blank\"><\/p>\n<p>                <img decoding=\"async\" src=\"https:\/\/www.europesays.com\/de\/wp-content\/uploads\/2025\/09\/630_0900_4963502_409054015-160x160.jpg\"  width=\"160\" height=\"160\" alt=\"Ein sph\u00e4risches Luftbild zeigt einen See, der von Wohn- und Gewerbegebieten umgeben ist. Der Himmel ist blau und mit einigen Wolken bedeckt.\" loading=\"lazy\"\/><\/p>\n<p>\t\t<\/a><\/p>\n<p>\t\t<a href=\"https:\/\/www.ruhrnachrichten.de\/dortmund-sued\/immobilie-phoenix-see-lidl-motor-center-heinen-dortmund-hoerde-w1070363-2001783612\/\" rel=\"nofollow noopener\" aria-hidden=\"true\" tabindex=\"-1\" title=\"Lidl \u00fcbernimmt Autohaus-Standort am Phoenix-See Spannender Immobilienwechsel\" aria-label=\"Lidl \u00fcbernimmt Autohaus-Standort am Phoenix-See Spannender Immobilienwechsel\" target=\"_blank\"><\/p>\n<p>                <img decoding=\"async\" src=\"https:\/\/www.europesays.com\/de\/wp-content\/uploads\/2025\/09\/630_0900_4976883_Autohaus_Heinen-160x160.jpg\"  width=\"160\" height=\"160\" alt=\"Das Autohaus Heinen in Dortmund-H\u00f6rde\" loading=\"lazy\"\/><\/p>\n<p>\t\t<\/a><\/p>\n","protected":false},"excerpt":{"rendered":"Tempo 30 gilt dauerhaft auf drei Stra\u00dfen am Phoenix-See Stadt setzt Ratsbeschluss um Anika Fischer Volont\u00e4rin Auf der&hellip;\n","protected":false},"author":2,"featured_media":431989,"comment_status":"","ping_status":"","sticky":false,"template":"","format":"standard","meta":{"footnotes":""},"categories":[1833],"tags":[3364,29,217,30,11533,1209,3587],"class_list":{"0":"post-431988","1":"post","2":"type-post","3":"status-publish","4":"format-standard","5":"has-post-thumbnail","7":"category-dortmund","8":"tag-de","9":"tag-deutschland","10":"tag-dortmund","11":"tag-germany","12":"tag-geschwindigkeit","13":"tag-nordrhein-westfalen","14":"tag-verkehr-mobilitaet"},"share_on_mastodon":{"url":"https:\/\/pubeurope.com\/@de\/115224722115775220","error":""},"_links":{"self":[{"href":"https:\/\/www.europesays.com\/de\/wp-json\/wp\/v2\/posts\/431988","targetHints":{"allow":["GET"]}}],"collection":[{"href":"https:\/\/www.europesays.com\/de\/wp-json\/wp\/v2\/posts"}],"about":[{"href":"https:\/\/www.europesays.com\/de\/wp-json\/wp\/v2\/types\/post"}],"author":[{"embeddable":true,"href":"https:\/\/www.europesays.com\/de\/wp-json\/wp\/v2\/users\/2"}],"replies":[{"embeddable":true,"href":"https:\/\/www.europesays.com\/de\/wp-json\/wp\/v2\/comments?post=431988"}],"version-history":[{"count":0,"href":"https:\/\/www.europesays.com\/de\/wp-json\/wp\/v2\/posts\/431988\/revisions"}],"wp:featuredmedia":[{"embeddable":true,"href":"https:\/\/www.europesays.com\/de\/wp-json\/wp\/v2\/media\/431989"}],"wp:attachment":[{"href":"https:\/\/www.europesays.com\/de\/wp-json\/wp\/v2\/media?parent=431988"}],"wp:term":[{"taxonomy":"category","embeddable":true,"href":"https:\/\/www.europesays.com\/de\/wp-json\/wp\/v2\/categories?post=431988"},{"taxonomy":"post_tag","embeddable":true,"href":"https:\/\/www.europesays.com\/de\/wp-json\/wp\/v2\/tags?post=431988"}],"curies":[{"name":"wp","href":"https:\/\/api.w.org\/{rel}","templated":true}]}}