{"id":431991,"date":"2025-09-18T10:02:11","date_gmt":"2025-09-18T10:02:11","guid":{"rendered":"https:\/\/www.europesays.com\/de\/431991\/"},"modified":"2025-09-18T10:02:11","modified_gmt":"2025-09-18T10:02:11","slug":"ab-29-september-wird-die-bruecke-ueber-die-weisse-elster-neu-gebaut-%c2%b7-leipziger-zeitung","status":"publish","type":"post","link":"https:\/\/www.europesays.com\/de\/431991\/","title":{"rendered":"Ab 29. September wird die Br\u00fccke \u00fcber die Wei\u00dfe Elster neu gebaut \u00b7 Leipziger Zeitung"},"content":{"rendered":"<p>Ab Montag, dem 29. September, ist es so weit: Weil die alte Holzbr\u00fccke \u00fcber die Wei\u00dfe Elster im Schlosspark L\u00fctzschena nicht mehr sicher ist, wird diese nun neu gebaut. Bauvorbereitende Arbeiten haben bereits begonnen, teilt das Mobilit\u00e4ts- und Tiefbauamt mit. Die Br\u00fccke \u201eSchlossweg III\u201c dient Fu\u00dfg\u00e4ngerinnen und Radfahrern als Zugang zum Park und verbindet die Stadtteile L\u00fctzschena und B\u00f6hlitz-Ehrenberg.<\/p>\n<p>Sie wurde 1992 erbaut, inzwischen sind aber tragende Teile der Holzkonstruktion angefault und vereinzelt von einem Pilz befallen. Der Br\u00fccken\u00fcberbau muss deshalb erneuert werden.\u00a0Weil die Br\u00fccke unmittelbar \u00fcber das Wasser f\u00fchrt, permanent im Schatten liegt und entsprechend schlecht trocknet, wurde f\u00fcr den Neubau eine Aluminiumkonstruktion gew\u00e4hlt. Diese ist deutlich langlebiger als ein Holzbau.<\/p>\n<p>Der neue Br\u00fccken\u00fcberbau von knapp neun Tonnen Gewicht wird komplett vorgefertigt und in einem St\u00fcck zur Baustelle transportiert. Die Br\u00fccke aus Aluminiumprofilen wird drei Meter breit und 23,5 Meter lang sein. Unter dem neuen \u00dcberbau werden die Trinkwasserleitung und das Telekomkabel im Schutzrohr eingebaut.<\/p>\n<p>W\u00e4hrend der Bauzeit ist die Querung voll gesperrt, Fu\u00dfg\u00e4nger und Radfahrerinnen werden \u00fcber die \u201eWei\u00dfe Br\u00fccke\u201c in den Schlosspark L\u00fctzschena umgeleitet.<\/p>\n<p>Die Arbeiten sollen sp\u00e4testens im Fr\u00fchling 2026 abgeschlossen sein und kosten rund 1,25 Millionen Euro. F\u00fcr den Neubau erh\u00e4lt die Stadt 728.000 Euro aus dem Budget zur F\u00f6rderung von Stra\u00dfen- und Br\u00fcckenbauvorhaben kommunaler Baulasttr\u00e4ger.<\/p>\n<p>Der Speck von Sternburgsche Schlosspark in Leipzig-L\u00fctzschena ist ein bedeutender Landschaftspark in Sachsen und ein beliebtes Ausflugsziel. Sein Erschaffer Maximilian Freiherr Speck von Sternburg schrieb ein St\u00fcck Leipziger Geschichte \u2013 der Specks Hof, die ehemalige Sternburgbrauerei und eine der bedeutendsten b\u00fcrgerlichen Gem\u00e4ldesammlungen gehen auf ihn zur\u00fcck.<\/p>\n<p>Der 200 Jahre alte, denkmalgesch\u00fctzte Park im Nordwesten der Stadt vereint typische Elemente der Auenlandschaft mit charakteristischen Parkelementen. So befindet sich inmitten des alten Laubbaumbestandes zwischen der Wei\u00dfen Elster und dem Hundewasser ein Gew\u00e4ssersystem mit Teichen und Flie\u00dfen, die hydraulisch miteinander in Verbindung stehen. Die Br\u00fccke \u201eSchlo\u00dfweg III\u201c liegt entsprechend im Flora-Fauna-Habitat-, Vogel- und Landschaftsschutzgebiet.<\/p>\n","protected":false},"excerpt":{"rendered":"Ab Montag, dem 29. September, ist es so weit: Weil die alte Holzbr\u00fccke \u00fcber die Wei\u00dfe Elster im&hellip;\n","protected":false},"author":2,"featured_media":431992,"comment_status":"","ping_status":"","sticky":false,"template":"","format":"standard","meta":{"footnotes":""},"categories":[1832],"tags":[4489,3364,29,30,71,42677,859,112847,112848],"class_list":{"0":"post-431991","1":"post","2":"type-post","3":"status-publish","4":"format-standard","5":"has-post-thumbnail","7":"category-leipzig","8":"tag-brueckenneubau","9":"tag-de","10":"tag-deutschland","11":"tag-germany","12":"tag-leipzig","13":"tag-luetzschena","14":"tag-sachsen","15":"tag-schlosspark-luetzschena","16":"tag-weisse-elster"},"share_on_mastodon":{"url":"https:\/\/pubeurope.com\/@de\/115224729884928932","error":""},"_links":{"self":[{"href":"https:\/\/www.europesays.com\/de\/wp-json\/wp\/v2\/posts\/431991","targetHints":{"allow":["GET"]}}],"collection":[{"href":"https:\/\/www.europesays.com\/de\/wp-json\/wp\/v2\/posts"}],"about":[{"href":"https:\/\/www.europesays.com\/de\/wp-json\/wp\/v2\/types\/post"}],"author":[{"embeddable":true,"href":"https:\/\/www.europesays.com\/de\/wp-json\/wp\/v2\/users\/2"}],"replies":[{"embeddable":true,"href":"https:\/\/www.europesays.com\/de\/wp-json\/wp\/v2\/comments?post=431991"}],"version-history":[{"count":0,"href":"https:\/\/www.europesays.com\/de\/wp-json\/wp\/v2\/posts\/431991\/revisions"}],"wp:featuredmedia":[{"embeddable":true,"href":"https:\/\/www.europesays.com\/de\/wp-json\/wp\/v2\/media\/431992"}],"wp:attachment":[{"href":"https:\/\/www.europesays.com\/de\/wp-json\/wp\/v2\/media?parent=431991"}],"wp:term":[{"taxonomy":"category","embeddable":true,"href":"https:\/\/www.europesays.com\/de\/wp-json\/wp\/v2\/categories?post=431991"},{"taxonomy":"post_tag","embeddable":true,"href":"https:\/\/www.europesays.com\/de\/wp-json\/wp\/v2\/tags?post=431991"}],"curies":[{"name":"wp","href":"https:\/\/api.w.org\/{rel}","templated":true}]}}