{"id":432100,"date":"2025-09-18T11:04:14","date_gmt":"2025-09-18T11:04:14","guid":{"rendered":"https:\/\/www.europesays.com\/de\/432100\/"},"modified":"2025-09-18T11:04:14","modified_gmt":"2025-09-18T11:04:14","slug":"ukraine-gibt-eu-nachhilfe-in-drohnen-abwehr","status":"publish","type":"post","link":"https:\/\/www.europesays.com\/de\/432100\/","title":{"rendered":"Ukraine gibt EU Nachhilfe in Drohnen-Abwehr"},"content":{"rendered":"<p>Nach Zwischenfall in Polen <\/p>\n<p>Ukraine erteilt EU Nachhilfe in Drohnen-Abwehr<\/p>\n<p>18.09.2025 &#8211; 12:47 UhrLesedauer: 2 Min.<\/p>\n<p><a href=\"#focus-0\" class=\"transition-colors duration-200 block text-current relative\" data-sctrack=\"FocusGalleryImage.Reference\"><img fetchpriority=\"high\" data-testid=\"Opener.Image\" style=\"--lqipURL:url('https:\/\/images.t-online.de\/2025\/07\/wzRsLA6hfIvK\/0x107:2048x1152\/fit-in\/150x0\/filters:blur(25)\/diese-f-35-jets-sollen-in-buechel-stationiert-werden-archivfoto.jpg')\"   loading=\"eager\" src=\"https:\/\/www.europesays.com\/de\/wp-content\/uploads\/2025\/09\/diese-f-35-jets-sollen-in-buechel-stationiert-werden-archivfoto.jpg\" alt=\"F-35 \u00fcber der Eifel\" title=\"F-35 \u00fcber der Eifel\" width=\"2048\" height=\"1152\" class=\"bg-[url:var(--lqipURL)] bg-cover bg-center flex h-full w-full max-w-full\" decoding=\"async\"\/><img style=\"--width:32;--height:32\" loading=\"lazy\" src=\"https:\/\/www.t-online.de\/s\/paper\/_next\/static\/media\/zoom-in.f7dae02f.svg\" alt=\"Vergr\u00f6\u00dfern des Bildes\" title=\"Vergr\u00f6\u00dfern des Bildes\" class=\"block h-[calc(var(--height)_\/_16_*_1rem)] w-[calc(var(--width)_\/_16_*_1rem)] max-w-none absolute bottom-8 right-8 rounded-4 bg-snow p-8\" decoding=\"async\"\/><\/a><\/p>\n<p>Ein F-35-Flieger (Archivbild): Mit diesen Kampfjets fing die niederl\u00e4ndische Luftwaffe russische Drohnen \u00fcber Polen ab. (Quelle: Harald Tittel\/dpa\/dpa-bilder)<\/p>\n<p class=\"font-bold text-18 leading-17\">Die Nato \u00fcberdenkt ihre Drohnen-Abwehr. Hilfe kommt aus der Ukraine. Der Sprit f\u00fcr die neue Flamingo-Rakete kommt bald aus einem EU-Land. Produziert von einer ukrainischen Firma.<\/p>\n<p class=\"text-18 leading-17\">Markku Viitasaari, finnischer Brigadegeneral und Direktor der Nationalen Verteidigungseinheit des Nato-Staats, beschrieb die Lage so: &#8222;Das gesamte Konzept des Drohnenkriegs hat die Natur moderner bewaffneter Konflikte ver\u00e4ndert&#8220;, sagte er der &#8222;Financial Times&#8220;. Nun will die EU gegenhalten.<\/p>\n<p class=\"text-18 leading-17\">Vorbild ist ein neues ukrainisches System. Weil die russischen Drohnen vom Typ Shahed zu tief fliegen, um vom Radar ausreichend erfasst zu werden, hat die ukrainische Armee ein Ortungssystem entwickelt, das die gegnerischen Drohnen anhand ihres Flugl\u00e4rms aufsp\u00fcrt. Mobile Einsatzteams, teils auf Motorr\u00e4dern, machen sich dann auf den Weg, um die Flugger\u00e4te teils mit Maschinengewehren abzuschie\u00dfen.<\/p>\n<p class=\"text-18 leading-17\"><a class=\"transition-colors duration-200 cursor-pointer text-inherit no-underline text-salemsfur md:hover:text-magenta md:hover:border-magenta md:focus:text-magenta border-current border-b border-solid break-words\" href=\"https:\/\/www.t-online.de\/themen\/litauen\/\" data-sctrack=\"BodyAnchor\" target=\"_blank\" rel=\"noopener\">Litauen<\/a> folgte bereits ukrainischen Beispiel, mobile Kampfteams einzusetzen, um Drohnen abzuschie\u00dfen, die vom akustischen Ortungssystem erkannt wurden, so Vize-Verteidigungsminister Aleksa.<\/p>\n<p class=\"text-18 leading-17\">Auch die <a class=\"transition-colors duration-200 cursor-pointer text-inherit no-underline text-salemsfur md:hover:text-magenta md:hover:border-magenta md:focus:text-magenta border-current border-b border-solid break-words\" href=\"https:\/\/www.t-online.de\/themen\/ukraine\/\" data-sctrack=\"BodyAnchor\" target=\"_blank\" rel=\"noopener\">Ukraine<\/a> profitiert von der Kooperation. In <a class=\"transition-colors duration-200 cursor-pointer text-inherit no-underline text-salemsfur md:hover:text-magenta md:hover:border-magenta md:focus:text-magenta border-current border-b border-solid break-words\" href=\"https:\/\/www.t-online.de\/themen\/daenemark\/\" data-sctrack=\"BodyAnchor\" target=\"_blank\" rel=\"noopener\">D\u00e4nemark<\/a> soll noch in diesem Jahr die erste ukrainische R\u00fcstungsfabrik in der EU er\u00f6ffnen. Das ukrainische Unternehmen Fire Point produziert in der N\u00e4he eines Luftwaffenst\u00fctzpunkts im S\u00fcden D\u00e4nemarks den Sprit f\u00fcr seine neue Langstreckenrakete &#8222;Flamingo&#8220;. Der Standort Skydstrup ist nur knapp eine halbe Autostunde entfernt von der Grenze zu Schleswig-Holstein.<\/p>\n","protected":false},"excerpt":{"rendered":"Nach Zwischenfall in Polen Ukraine erteilt EU Nachhilfe in Drohnen-Abwehr 18.09.2025 &#8211; 12:47 UhrLesedauer: 2 Min. Ein F-35-Flieger&hellip;\n","protected":false},"author":2,"featured_media":432101,"comment_status":"","ping_status":"","sticky":false,"template":"","format":"standard","meta":{"footnotes":""},"categories":[3933],"tags":[326,331,332,513,685,227,1160,1478,548,22299,663,158,3934,3935,23012,13,33685,812,1480,112877,14,1159,15,3917,307,12,317],"class_list":{"0":"post-432100","1":"post","2":"type-post","3":"status-publish","4":"format-standard","5":"has-post-thumbnail","7":"category-eu","8":"tag-326","9":"tag-aktuelle-nachrichten","10":"tag-aktuelle-news","11":"tag-auto","12":"tag-bundeswehr","13":"tag-china","14":"tag-daenemark","15":"tag-drohne","16":"tag-eu","17":"tag-eurofighter","18":"tag-europa","19":"tag-europaeische-union","20":"tag-europe","21":"tag-european-union","22":"tag-financial-times","23":"tag-headlines","24":"tag-kampfjet","25":"tag-litauen","26":"tag-luftwaffe","27":"tag-nachhilfe","28":"tag-nachrichten","29":"tag-nato","30":"tag-news","31":"tag-polen","32":"tag-russland","33":"tag-schlagzeilen","34":"tag-ukraine"},"share_on_mastodon":{"url":"","error":""},"_links":{"self":[{"href":"https:\/\/www.europesays.com\/de\/wp-json\/wp\/v2\/posts\/432100","targetHints":{"allow":["GET"]}}],"collection":[{"href":"https:\/\/www.europesays.com\/de\/wp-json\/wp\/v2\/posts"}],"about":[{"href":"https:\/\/www.europesays.com\/de\/wp-json\/wp\/v2\/types\/post"}],"author":[{"embeddable":true,"href":"https:\/\/www.europesays.com\/de\/wp-json\/wp\/v2\/users\/2"}],"replies":[{"embeddable":true,"href":"https:\/\/www.europesays.com\/de\/wp-json\/wp\/v2\/comments?post=432100"}],"version-history":[{"count":0,"href":"https:\/\/www.europesays.com\/de\/wp-json\/wp\/v2\/posts\/432100\/revisions"}],"wp:featuredmedia":[{"embeddable":true,"href":"https:\/\/www.europesays.com\/de\/wp-json\/wp\/v2\/media\/432101"}],"wp:attachment":[{"href":"https:\/\/www.europesays.com\/de\/wp-json\/wp\/v2\/media?parent=432100"}],"wp:term":[{"taxonomy":"category","embeddable":true,"href":"https:\/\/www.europesays.com\/de\/wp-json\/wp\/v2\/categories?post=432100"},{"taxonomy":"post_tag","embeddable":true,"href":"https:\/\/www.europesays.com\/de\/wp-json\/wp\/v2\/tags?post=432100"}],"curies":[{"name":"wp","href":"https:\/\/api.w.org\/{rel}","templated":true}]}}