{"id":432118,"date":"2025-09-18T11:16:18","date_gmt":"2025-09-18T11:16:18","guid":{"rendered":"https:\/\/www.europesays.com\/de\/432118\/"},"modified":"2025-09-18T11:16:18","modified_gmt":"2025-09-18T11:16:18","slug":"mann-hantiert-mit-vermeintlicher-waffe-im-zug","status":"publish","type":"post","link":"https:\/\/www.europesays.com\/de\/432118\/","title":{"rendered":"Mann hantiert mit vermeintlicher Waffe im Zug"},"content":{"rendered":"<p>Vorfall im ICE <\/p>\n<p>Mann hantiert mit Softairpistole in Zug \u2013 Festnahme in Hannover<\/p>\n<p>18.09.2025 &#8211; 12:33 UhrLesedauer: 1 Min.<\/p>\n<p><a href=\"#focus-0\" class=\"transition-colors duration-200 block text-current relative\" data-sctrack=\"FocusGalleryImage.Reference\"><img fetchpriority=\"high\" data-testid=\"Opener.Image\" style=\"--lqipURL:url('https:\/\/images.t-online.de\/2025\/09\/UaIACE7g7tle\/0x209:4000x2250\/fit-in\/150x0\/filters:blur(25)\/themenfoto-bahnreise-intercity-ice-zug-1-klasse-grossraumwagen-abteil-waggon-leer-freie-plaetze-sitzplatz-sitzplaetze-sitze-theme-photo-rail-travel-intercity-ice-train-1-class-large-capacity-car-compartment-carriage-empty-free-seats-seat-seats-seats.jpg')\"   loading=\"eager\" src=\"https:\/\/www.europesays.com\/de\/wp-content\/uploads\/2025\/09\/themenfoto-bahnreise-intercity-ice-zug-1-klasse-grossraumwagen-abteil-waggon-leer-freie-plaetze-sitz.jpeg\" alt=\"imago images 0832802428\" title=\"imago images 0832802428\" width=\"4000\" height=\"2250\" class=\"bg-[url:var(--lqipURL)] bg-cover bg-center flex h-full w-full max-w-full\" decoding=\"async\"\/><img style=\"--width:32;--height:32\" loading=\"lazy\" src=\"https:\/\/www.t-online.de\/s\/paper\/_next\/static\/media\/zoom-in.f7dae02f.svg\" alt=\"Vergr\u00f6\u00dfern des Bildes\" title=\"Vergr\u00f6\u00dfern des Bildes\" class=\"block h-[calc(var(--height)_\/_16_*_1rem)] w-[calc(var(--width)_\/_16_*_1rem)] max-w-none absolute bottom-8 right-8 rounded-4 bg-snow p-8\" decoding=\"async\"\/><\/a><\/p>\n<p>Waggon eines ICE (Symbolbild): Ein Mann beobachtete, wie ein anderer eine Waffe in seinem Gep\u00e4ck verstaute. (Quelle: IMAGO\/Frank Hoermann \/ SVEN SIMON\/imago)<\/p>\n<p class=\"font-bold text-18 leading-17\">Ein Reisender alarmiert die Bundespolizei wegen einer vermeintlichen Waffe im ICE. Die t\u00e4uschend echte Softairpistole f\u00fchrt zu einem Polizeieinsatz am Hauptbahnhof.<\/p>\n<p class=\"text-18 leading-17\">Ein 22-j\u00e4hriger Bulgare hat am sp\u00e4ten Mittwochabend in einem ICE von W\u00fcrzburg nach <a class=\"transition-colors duration-200 cursor-pointer text-inherit no-underline text-salemsfur md:hover:text-magenta md:hover:border-magenta md:focus:text-magenta border-current border-b border-solid break-words\" href=\"https:\/\/www.t-online.de\/region\/hannover\/\" data-sctrack=\"BodyAnchor\" target=\"_blank\" rel=\"noopener\">Hannover<\/a> mit einer vermeintlichen Schusswaffe hantiert. Wie die Bundespolizei mitteilt, alarmierte ein Mitreisender die Beamten, nachdem er den Mann beobachtet hatte.<\/p>\n<p class=\"text-18 leading-17\">Gegen 22.30 Uhr warteten Einsatzkr\u00e4fte der Landes- und Bundespolizei am Hauptbahnhof Hannover auf den einfahrenden Zug. Die Beamten h\u00e4tten den Tatverd\u00e4chtigen anhand der Beschreibung, Wagennummer und Sitzplatznummer schnell identifizieren k\u00f6nnen. Der Mann sei widerstandslos aus dem Zug gef\u00fchrt worden.<\/p>\n<p class=\"text-18 leading-17\">Bei der Durchsuchung des Reisegep\u00e4cks h\u00e4tten die Polizisten eine schwarze Softairpistole samt Magazin gefunden. Die Beamten beschlagnahmten die Anscheinswaffe und nahmen den 22-J\u00e4hrigen vorl\u00e4ufig fest. Seine Begleitperson sei als Zeugin identifiziert worden.<\/p>\n<p class=\"text-18 leading-17\">Der ICE konnte seine Fahrt wenige Minuten nach der Einfahrt trotz des Vorfalls fortsetzen. Nach Abschluss aller polizeilichen Ma\u00dfnahmen durfte auch der Bulgare seine Reise fortsetzen. Die Bundespolizei leitete ein Ermittlungsverfahren wegen des F\u00fchrens einer Anscheinswaffe ein.<\/p>\n","protected":false},"excerpt":{"rendered":"Vorfall im ICE Mann hantiert mit Softairpistole in Zug \u2013 Festnahme in Hannover 18.09.2025 &#8211; 12:33 UhrLesedauer: 1&hellip;\n","protected":false},"author":2,"featured_media":432119,"comment_status":"","ping_status":"","sticky":false,"template":"","format":"standard","meta":{"footnotes":""},"categories":[1836],"tags":[722,2533,17161,421,3364,29,980,30,46,3601,2229,1411,121,112878,15205,2036],"class_list":{"0":"post-432118","1":"post","2":"type-post","3":"status-publish","4":"format-standard","5":"has-post-thumbnail","7":"category-hannover","8":"tag-722","9":"tag-2533","10":"tag-17161","11":"tag-bundespolizei","12":"tag-de","13":"tag-deutschland","14":"tag-festnahme","15":"tag-germany","16":"tag-hannover","17":"tag-hauptbahnhof","18":"tag-ice","19":"tag-niedersachsen","20":"tag-polizei","21":"tag-softairpistole","22":"tag-wuerzburg","23":"tag-zug"},"share_on_mastodon":{"url":"https:\/\/pubeurope.com\/@de\/115225020661041371","error":""},"_links":{"self":[{"href":"https:\/\/www.europesays.com\/de\/wp-json\/wp\/v2\/posts\/432118","targetHints":{"allow":["GET"]}}],"collection":[{"href":"https:\/\/www.europesays.com\/de\/wp-json\/wp\/v2\/posts"}],"about":[{"href":"https:\/\/www.europesays.com\/de\/wp-json\/wp\/v2\/types\/post"}],"author":[{"embeddable":true,"href":"https:\/\/www.europesays.com\/de\/wp-json\/wp\/v2\/users\/2"}],"replies":[{"embeddable":true,"href":"https:\/\/www.europesays.com\/de\/wp-json\/wp\/v2\/comments?post=432118"}],"version-history":[{"count":0,"href":"https:\/\/www.europesays.com\/de\/wp-json\/wp\/v2\/posts\/432118\/revisions"}],"wp:featuredmedia":[{"embeddable":true,"href":"https:\/\/www.europesays.com\/de\/wp-json\/wp\/v2\/media\/432119"}],"wp:attachment":[{"href":"https:\/\/www.europesays.com\/de\/wp-json\/wp\/v2\/media?parent=432118"}],"wp:term":[{"taxonomy":"category","embeddable":true,"href":"https:\/\/www.europesays.com\/de\/wp-json\/wp\/v2\/categories?post=432118"},{"taxonomy":"post_tag","embeddable":true,"href":"https:\/\/www.europesays.com\/de\/wp-json\/wp\/v2\/tags?post=432118"}],"curies":[{"name":"wp","href":"https:\/\/api.w.org\/{rel}","templated":true}]}}