{"id":432139,"date":"2025-09-18T11:29:15","date_gmt":"2025-09-18T11:29:15","guid":{"rendered":"https:\/\/www.europesays.com\/de\/432139\/"},"modified":"2025-09-18T11:29:15","modified_gmt":"2025-09-18T11:29:15","slug":"leichenfund-in-bonlanden-hinweise-zu-koffer-mit-leiche-nach-aktenzeichen-xy-sendung","status":"publish","type":"post","link":"https:\/\/www.europesays.com\/de\/432139\/","title":{"rendered":"Leichenfund in Bonlanden: Hinweise zu Koffer mit Leiche nach \u201eAktenzeichen XY\u201c-Sendung"},"content":{"rendered":"<p>\t\t\t\t\t\t\t\t\t\t\t\t\t\t\t\t\t\t\t\t\t\t\t\t\t\t\t\t      \t\t            \t\t             \t\t\t\t   \t\t\t\t\t   <img decoding=\"async\" id=\"article-image\" fetchpriority=\"high\" alt=\"Leichenfund in Bonlanden: Hinweise zu Koffer mit Leiche nach \u201eAktenzeichen XY\u201c-Sendung\" title=\"Leichenfund in Bonlanden: Hinweise zu Koffer mit Leiche nach \u201eAktenzeichen XY\u201c-Sendung\" src=\"https:\/\/www.europesays.com\/de\/wp-content\/uploads\/2025\/09\/media.media.4fd422f1-d148-4a80-9428-719fc5202c40.16x9_700.jpg\" data-linkto=\"https:\/\/www.stuttgarter-nachrichten.de\/javascript:void(0);\"\/>\t\t\t\t\t\t\t\t\t\t\t\t\t\t\t\t\t\t\t\t\t\t\t\tDie Leiche war Ende August in Filderstadt-Bonlanden gefunden worden.\u00a0Foto: Markus Lenhardt\/dpa\/Markus Lenhardt\t\t\t<\/p>\n<p>Ein Koffer, eine vermisste Frau und viele offene Fragen: Ermittler aus Filderstadt hofften auf Hinweise von TV-Zuschauern &#8211; und tats\u00e4chlich meldeten sich Zuschauer.<\/p>\n<p>Mit dem Hinweis auf einen Koffer in der Fahndungssendung \u201eAktenzeichen XY &#8230; ungel\u00f6st\u201c hatte die <a href=\"https:\/\/www.stuttgarter-nachrichten.de\/thema\/Polizei\" title=\"Polizei\" class=\"art_thema\" rel=\"nofollow noopener\" target=\"_blank\">Polizei<\/a> auf <a href=\"https:\/\/www.stuttgarter-nachrichten.de\/thema\/Hinweise\" title=\"Hinweise\" class=\"art_thema\" rel=\"nofollow noopener\" target=\"_blank\">Hinweise<\/a> zum Leichenfund in Filderstadt gehofft &#8211; und sie wurde nicht entt\u00e4uscht. \u201eEs gingen einige Hinweise ein\u201c, sagte ein Sprecher der Polizei in Reutlingen. Diese w\u00fcrden nun abgearbeitet und gepr\u00fcft. Ob der hei\u00dfe Tipp zur Herkunft des Koffers dabei ist, bleibt unklar.<\/p>\n<p>Der Fund einer toten Frau in einem Koffer in Filderstadt war am Mittwochabend in der ZDF-Sendung vorgestellt worden. Gezeigt wurden ein Foto der Toten und ein Foto des gefundenen Koffers. Es handle sich um einen beigefarbenen Rollkoffer der Marke \u201eJuicy Couture\u201c, 70 Zentimeter hoch und 46 Zentimeter breit. Moderator Rudi Cerne bat im Namen der Soko \u201eTrolley\u201c um Hinweise.\u00a0<\/p>\n<p>  <img decoding=\"async\" loading=\"lazy\" src=\"https:\/\/www.europesays.com\/de\/wp-content\/uploads\/2025\/09\/media.media.a000e978-0d79-460e-a64a-e23d40df8a69.original1024.media.jpeg\"\/>     Das von der Polizei ver\u00f6ffentlichte Foto zeigt einen Koffer \u00e4hnlich dem, in dem in Filderstadt Ende August die   <a href=\"https:\/\/www.stuttgarter-nachrichten.de\/thema\/Leiche\" title=\"Leiche\" class=\"art_thema\" rel=\"nofollow noopener\" target=\"_blank\">Leiche<\/a> gefunden wurde.    Foto: -\/Polizeipr\u00e4sidium Reutlingen\/dp    <\/p>\n<p>Die ZDF-Fernsehsendung \u201eAktenzeichen XY&#8230; Ungel\u00f6st\u201c stellt regelm\u00e4\u00dfig ungekl\u00e4rte F\u00e4lle vor und bittet um Mithilfe bei der Aufkl\u00e4rung.<\/p>\n<p>Belohnung ausgelobt\u00a0 <\/p>\n<p>Mitarbeiter eines Bauhofs hatten die Leiche Ende August in einem Wohngebiet unter einer Br\u00fccke gefunden, stark verwest und teils skelettiert. Nach dem Fund war bereits mit einem Flyer im Drogen- und Obdachlosenmilieu in Stuttgart gesucht worden. Zur Todesursache, zur Nationalit\u00e4t der Toten und zu m\u00f6glichen Hintergr\u00fcnden ist bislang nichts mitgeteilt worden. Die 40-J\u00e4hrige ist identifiziert und soll aus Stuttgart stammen.<\/p>\n<p>Frau soll seit zwei Monaten tot sein\u00a0 <\/p>\n<p>Bisherigen Erkenntnissen zufolge ist die Frau wom\u00f6glich seit fast zwei Monaten tot. Zumindest wurde sie laut Polizei zuletzt am 21. Juli dieses Jahres in Stuttgart gesehen. Die Frau galt als vermisst.<\/p>\n<p>Die Staatsanwaltschaft hat nach eigenen Angaben eine Belohnung in H\u00f6he von 1.000 Euro f\u00fcr die Aufkl\u00e4rung der Tat ausgelobt. <\/p>\n","protected":false},"excerpt":{"rendered":"Die Leiche war Ende August in Filderstadt-Bonlanden gefunden worden.\u00a0Foto: Markus Lenhardt\/dpa\/Markus Lenhardt Ein Koffer, eine vermisste Frau und&hellip;\n","protected":false},"author":2,"featured_media":432140,"comment_status":"","ping_status":"","sticky":false,"template":"","format":"standard","meta":{"footnotes":""},"categories":[1830],"tags":[112879,1634,3364,29,30,14996,108945,3438,584,121,1441],"class_list":{"0":"post-432139","1":"post","2":"type-post","3":"status-publish","4":"format-standard","5":"has-post-thumbnail","7":"category-stuttgart","8":"tag-aktenzeichen-xy-ungeloest","9":"tag-baden-wuerttemberg","10":"tag-de","11":"tag-deutschland","12":"tag-germany","13":"tag-hinweise","14":"tag-kofferleiche","15":"tag-landkreis-esslingen","16":"tag-leiche","17":"tag-polizei","18":"tag-stuttgart"},"share_on_mastodon":{"url":"https:\/\/pubeurope.com\/@de\/115225072114601067","error":""},"_links":{"self":[{"href":"https:\/\/www.europesays.com\/de\/wp-json\/wp\/v2\/posts\/432139","targetHints":{"allow":["GET"]}}],"collection":[{"href":"https:\/\/www.europesays.com\/de\/wp-json\/wp\/v2\/posts"}],"about":[{"href":"https:\/\/www.europesays.com\/de\/wp-json\/wp\/v2\/types\/post"}],"author":[{"embeddable":true,"href":"https:\/\/www.europesays.com\/de\/wp-json\/wp\/v2\/users\/2"}],"replies":[{"embeddable":true,"href":"https:\/\/www.europesays.com\/de\/wp-json\/wp\/v2\/comments?post=432139"}],"version-history":[{"count":0,"href":"https:\/\/www.europesays.com\/de\/wp-json\/wp\/v2\/posts\/432139\/revisions"}],"wp:featuredmedia":[{"embeddable":true,"href":"https:\/\/www.europesays.com\/de\/wp-json\/wp\/v2\/media\/432140"}],"wp:attachment":[{"href":"https:\/\/www.europesays.com\/de\/wp-json\/wp\/v2\/media?parent=432139"}],"wp:term":[{"taxonomy":"category","embeddable":true,"href":"https:\/\/www.europesays.com\/de\/wp-json\/wp\/v2\/categories?post=432139"},{"taxonomy":"post_tag","embeddable":true,"href":"https:\/\/www.europesays.com\/de\/wp-json\/wp\/v2\/tags?post=432139"}],"curies":[{"name":"wp","href":"https:\/\/api.w.org\/{rel}","templated":true}]}}