{"id":432141,"date":"2025-09-18T11:30:16","date_gmt":"2025-09-18T11:30:16","guid":{"rendered":"https:\/\/www.europesays.com\/de\/432141\/"},"modified":"2025-09-18T11:30:16","modified_gmt":"2025-09-18T11:30:16","slug":"blitzereinnahmen-stuttgart-kommt-an-karlsruhe-und-mannheim-nicht-ran-stuttgart","status":"publish","type":"post","link":"https:\/\/www.europesays.com\/de\/432141\/","title":{"rendered":"Blitzereinnahmen: Stuttgart kommt an Karlsruhe und Mannheim nicht ran &#8211; Stuttgart"},"content":{"rendered":"<p>Eine Auswertung zeigt: Karlsruhe nimmt gemessen am Fahrzeugbestand am meisten Geld mit Radarfallen ein, Mannheim liegt im Mittelfeld, Stuttgart deutlich dahinter.<\/p>\n<p>F\u00fcr die einen sind sie ein \u00c4rgernis, f\u00fcr viele andere ein unverzichtbares Instrument, um den Verkehr einzubremsen: <a href=\"https:\/\/www.esslinger-zeitung.de\/thema\/Blitzer\" title=\"Blitzer\" class=\"art_thema\" target=\"_blank\" rel=\"noopener\">Blitzer<\/a> am Stra\u00dfenrand. Nach einer neuen Erhebung sind vier von f\u00fcnf Autofahrern in Deutschland schon einmal in eine <a href=\"https:\/\/www.esslinger-zeitung.de\/thema\/Radarfalle\" title=\"Radarfalle\" class=\"art_thema\" target=\"_blank\" rel=\"noopener\">Radarfalle<\/a> geraten. Doch die Chancen darauf, in einer deutschen Stadt ein kostenpflichtiges Bild von sich beim Autofahren anfertigen zu lassen, sind ausgesprochen unterschiedlich. Das geht aus Zahlen hervor, die die Plattform \u201eLeasingmarkt.de\u201c nun ver\u00f6ffentlicht hat.<\/p>\n","protected":false},"excerpt":{"rendered":"Eine Auswertung zeigt: Karlsruhe nimmt gemessen am Fahrzeugbestand am meisten Geld mit Radarfallen ein, Mannheim liegt im Mittelfeld,&hellip;\n","protected":false},"author":2,"featured_media":432142,"comment_status":"","ping_status":"","sticky":false,"template":"","format":"standard","meta":{"footnotes":""},"categories":[1830],"tags":[9147,1634,5317,3364,29,30,8175,634,1441],"class_list":{"0":"post-432141","1":"post","2":"type-post","3":"status-publish","4":"format-standard","5":"has-post-thumbnail","7":"category-stuttgart","8":"tag-blitzer","9":"tag-baden-wuerttemberg","10":"tag-bussgeld","11":"tag-de","12":"tag-deutschland","13":"tag-germany","14":"tag-radarfalle","15":"tag-strassenverkehr","16":"tag-stuttgart"},"share_on_mastodon":{"url":"https:\/\/pubeurope.com\/@de\/115225075690602132","error":""},"_links":{"self":[{"href":"https:\/\/www.europesays.com\/de\/wp-json\/wp\/v2\/posts\/432141","targetHints":{"allow":["GET"]}}],"collection":[{"href":"https:\/\/www.europesays.com\/de\/wp-json\/wp\/v2\/posts"}],"about":[{"href":"https:\/\/www.europesays.com\/de\/wp-json\/wp\/v2\/types\/post"}],"author":[{"embeddable":true,"href":"https:\/\/www.europesays.com\/de\/wp-json\/wp\/v2\/users\/2"}],"replies":[{"embeddable":true,"href":"https:\/\/www.europesays.com\/de\/wp-json\/wp\/v2\/comments?post=432141"}],"version-history":[{"count":0,"href":"https:\/\/www.europesays.com\/de\/wp-json\/wp\/v2\/posts\/432141\/revisions"}],"wp:featuredmedia":[{"embeddable":true,"href":"https:\/\/www.europesays.com\/de\/wp-json\/wp\/v2\/media\/432142"}],"wp:attachment":[{"href":"https:\/\/www.europesays.com\/de\/wp-json\/wp\/v2\/media?parent=432141"}],"wp:term":[{"taxonomy":"category","embeddable":true,"href":"https:\/\/www.europesays.com\/de\/wp-json\/wp\/v2\/categories?post=432141"},{"taxonomy":"post_tag","embeddable":true,"href":"https:\/\/www.europesays.com\/de\/wp-json\/wp\/v2\/tags?post=432141"}],"curies":[{"name":"wp","href":"https:\/\/api.w.org\/{rel}","templated":true}]}}