{"id":432156,"date":"2025-09-18T11:40:11","date_gmt":"2025-09-18T11:40:11","guid":{"rendered":"https:\/\/www.europesays.com\/de\/432156\/"},"modified":"2025-09-18T11:40:11","modified_gmt":"2025-09-18T11:40:11","slug":"berlin-brandenburg-meningokokken-gesundheitsamt-klaert-verdachtsfaelle-ab","status":"publish","type":"post","link":"https:\/\/www.europesays.com\/de\/432156\/","title":{"rendered":"Berlin &#038; Brandenburg: Meningokokken: Gesundheitsamt kl\u00e4rt Verdachtsf\u00e4lle ab"},"content":{"rendered":"<p>                    Berlin &amp; Brandenburg<br \/>\n                Meningokokken: Gesundheitsamt kl\u00e4rt Verdachtsf\u00e4lle ab<\/p>\n<p>\t\t\t\t              18.09.2025, 13:33 Uhr<\/p>\n<p><strong>Nach dem Tod eines Sch\u00fclers untersucht das Gesundheitsamt zwei weitere Verdachtsf\u00e4lle auf Meningokokken. Zum Schutz vor einer Infektion ist eine Behandlung von Menschen im Umfeld des Jungen notwendig.<\/strong><\/p>\n<p>Potsdam (dpa\/bb) &#8211; Nach dem Tod eines siebenj\u00e4hrigen Sch\u00fclers in Potsdam nach einer Meningokokken-Infektion geht das Gesundheitsamt Verdachtsf\u00e4llen nach. &#8222;Zwei weitere Verdachtsf\u00e4lle bed\u00fcrfen noch einer abschlie\u00dfenden Kl\u00e4rung&#8220;, teilte die Stadtverwaltung mit. &#8222;Bisher konnten keine Meningokokken nachgewiesen werden.&#8220; Es seien bei den Verdachtsf\u00e4llen bereits Antibiotika verabreicht worden, die Betroffenen befinden sich laut Stadt in gutem Zustand.<\/p>\n<p>Vorsorge kommt f\u00fcr bis zu 380 Menschen infrage<\/p>\n<p>Um eine Ausbreitung zu verhindern, werden Menschen, die Kontakt mit dem Jungen gehabt haben oder als Kontaktperson infrage kommen, vorsorglich behandelt oder es wird ihnen das Angebot dazu gemacht. Die Aktion dauerte an. &#8222;Insgesamt betrifft dies rund 380 Personen, bei denen ein Prophylaxebedarf besteht oder noch gepr\u00fcft werden muss&#8220;, teilte die Stadt auf Anfrage mit.\u00a0<\/p>\n<p>Behandelt werden die Sch\u00fcler in der Klasse des Siebenj\u00e4hrigen sowie m\u00f6gliche weitere Kontaktpersonen im Hort und im Sportverein des Jungen. Auch Lehrkr\u00e4fte und Menschen aus dem Wohnumfeld werden laut Stadt einbezogen.<\/p>\n<p>Erkrankungen selten aber hochgef\u00e4hrlich<\/p>\n<p>Der Siebenj\u00e4hrige starb nach Angaben der Stadt am Dienstag an einer Meningokokken-Infektion. Solche Erkrankungen sind in Deutschland selten, aber gef\u00e4hrlich. Meningokokken sind Bakterien und werden durch Tr\u00f6pfchen, etwa beim Husten oder Niesen, auf andere Menschen \u00fcbertragen. Sie k\u00f6nnen eine lebensgef\u00e4hrliche Hirnhautentz\u00fcndung oder Blutvergiftung ausl\u00f6sen.<\/p>\n","protected":false},"excerpt":{"rendered":"Berlin &amp; Brandenburg Meningokokken: Gesundheitsamt kl\u00e4rt Verdachtsf\u00e4lle ab 18.09.2025, 13:33 Uhr Nach dem Tod eines Sch\u00fclers untersucht das&hellip;\n","protected":false},"author":2,"featured_media":432157,"comment_status":"","ping_status":"","sticky":false,"template":"","format":"standard","meta":{"footnotes":""},"categories":[1816],"tags":[1960,1958,1959,1957,296,1956,1890,29,30,36833,94782,94073],"class_list":{"0":"post-432156","1":"post","2":"type-post","3":"status-publish","4":"format-standard","5":"has-post-thumbnail","7":"category-brandenburg","8":"tag-aktuelle-nachrichten-aus-berlin-und-brandenburg","9":"tag-aktuelle-nachrichten-aus-brandenburg","10":"tag-aktuelle-news-aus-berlin-und-brandenburg","11":"tag-aktuelle-news-aus-brandenburg","12":"tag-berlin","13":"tag-berlin-und-brandenburg","14":"tag-brandenburg","15":"tag-deutschland","16":"tag-germany","17":"tag-gesundheitsamt","18":"tag-meningokokken","19":"tag-verdachtsfaelle"},"share_on_mastodon":{"url":"https:\/\/pubeurope.com\/@de\/115225114943606523","error":""},"_links":{"self":[{"href":"https:\/\/www.europesays.com\/de\/wp-json\/wp\/v2\/posts\/432156","targetHints":{"allow":["GET"]}}],"collection":[{"href":"https:\/\/www.europesays.com\/de\/wp-json\/wp\/v2\/posts"}],"about":[{"href":"https:\/\/www.europesays.com\/de\/wp-json\/wp\/v2\/types\/post"}],"author":[{"embeddable":true,"href":"https:\/\/www.europesays.com\/de\/wp-json\/wp\/v2\/users\/2"}],"replies":[{"embeddable":true,"href":"https:\/\/www.europesays.com\/de\/wp-json\/wp\/v2\/comments?post=432156"}],"version-history":[{"count":0,"href":"https:\/\/www.europesays.com\/de\/wp-json\/wp\/v2\/posts\/432156\/revisions"}],"wp:featuredmedia":[{"embeddable":true,"href":"https:\/\/www.europesays.com\/de\/wp-json\/wp\/v2\/media\/432157"}],"wp:attachment":[{"href":"https:\/\/www.europesays.com\/de\/wp-json\/wp\/v2\/media?parent=432156"}],"wp:term":[{"taxonomy":"category","embeddable":true,"href":"https:\/\/www.europesays.com\/de\/wp-json\/wp\/v2\/categories?post=432156"},{"taxonomy":"post_tag","embeddable":true,"href":"https:\/\/www.europesays.com\/de\/wp-json\/wp\/v2\/tags?post=432156"}],"curies":[{"name":"wp","href":"https:\/\/api.w.org\/{rel}","templated":true}]}}