{"id":432164,"date":"2025-09-18T11:44:15","date_gmt":"2025-09-18T11:44:15","guid":{"rendered":"https:\/\/www.europesays.com\/de\/432164\/"},"modified":"2025-09-18T11:44:15","modified_gmt":"2025-09-18T11:44:15","slug":"um-8-uhr-muessen-alle-raus-sein","status":"publish","type":"post","link":"https:\/\/www.europesays.com\/de\/432164\/","title":{"rendered":"\u201eUm 8 Uhr m\u00fcssen alle raus sein\u201c"},"content":{"rendered":"<p class=\"tspB8m0 tspB8m1\">Ab 8 Uhr sollen alle Menschen den Sperrkreis in <a href=\"https:\/\/www.tagesspiegel.de\/berlin\/bezirke\/spandau\/\" target=\"_blank\" rel=\"noopener\" class=\"link link--external\" data-gtm-class=\"article-text-link\" data-gtm-val=\"external\" aria-describedby=\"message-target-blank\">Berlin-Spandau <\/a>verlassen haben. Doch der Bezirk hat offenbar Gl\u00fcck im Ungl\u00fcck: Das gro\u00dfe Vivantes-Krankenhaus von Spandau (<strong>mehr als 700 Betten<\/strong>, 1400 Mitarbeitende) muss am Freitag <strong>nicht evakuiert<\/strong> werden. Entsprechende Tagesspiegel-Informationen aus <strong>Katastrophenschutzkreisen<\/strong> best\u00e4tigte der Klinikkonzern am Donnerstag auf Anfrage.<\/p>\n<p>12.500<\/p>\n<p><strong>Menschen<\/strong> leben rund um die Bombe. Viele werden aber eh auf der Arbeit oder in der Schule sein.<\/p>\n<p class=\"tspB8m0\"><a href=\"https:\/\/www.tagesspiegel.de\/berlin\/entscharfung-am-freitag-fliegerbombe-bei-bauarbeiten-in-berlin-spandau-gefunden--aktuell-keine-gefahr-14342867.html\" target=\"_blank\" rel=\"noopener\" class=\"link link--external\" data-gtm-class=\"article-text-link\" data-gtm-val=\"external\" aria-describedby=\"message-target-blank\">Am Freitagvormittag soll nahe dem Krankenhaus eine Weltkriegsbombe entsch\u00e4rft werden<\/a>, die dort <strong>bei Bauarbeiten gefunden<\/strong> worden ist. Sp\u00e4testens <strong>um 8 Uhr <\/strong>sollen laut Polizei alle Anwohner den Sperrkreis verlassen haben \u2013 mit einigen Einrichtungen wie dem Krankenhaus, das davon ausgenommen ist (\u201enur Teilr\u00e4umung, ohne Einschr\u00e4nkung des Betriebs, keine Patientenverlegung\u201c). <\/p>\n<p class=\"tspB8m0\">Es handelt sich um eine \u201e100 kg schwere russische Weltkriegsbombe\u201c, so die Polizei. Die Baugrube wird seit dem Fund am Mittwoch <strong>rund um die Uhr von der Polizei bewacht. <\/strong><\/p>\n<p>Bezirke-Newsletter: Spandau<\/p>\n<p><img decoding=\"async\" src=\"https:\/\/www.europesays.com\/de\/wp-content\/uploads\/2025\/04\/icon-spandau.png\" alt=\"\" class=\"tspCKgw\"\/><\/p>\n<p class=\"tspCKn9\"> Mehr Neuigkeiten zum Bezirk gibt es in unserem Newsletter \u2014 jede Woche per E-Mail. <\/p>\n<p class=\"tspB8m0\">Viele andere Anwohner m\u00fcssen hingegen aus Sicherheitsgr\u00fcnden ihre Wohnungen bis 8 Uhr verlassen, wenn sie nicht <strong>eh auf der Arbeit oder in der Schule<\/strong> sind. 12.500 Menschen leben in dem Gebiet. \u201eNach Abschluss der Evakuierungsma\u00dfnahmen und <strong>Errichtung von Verkehrssperren<\/strong> soll mit der Entsch\u00e4rfung der Bombe begonnen werden\u201c, sagte die Polizei.<\/p>\n<p class=\"tspB8m0\">Zwei umliegende Turnhallen sollen ab dem Morgen als <strong>Notquartiere<\/strong> dienen. Entsprechende Informationen hatte die <strong>Feuerwache Spandau-Nord <\/strong>auf ihrer Facebook-Seite am Vormittag geteilt. Mittlerweile best\u00e4tigt die Berliner Polizei diese Angaben. \u201eAus Sicherheitsgr\u00fcnden wird ein Sperrbereich <strong>bis zu 500 Metern<\/strong> um den Fundort errichtet\u201c, so die Polizei.<\/p>\n<p> Zwei Notquartiere <\/p>\n<p class=\"tspB8m0\">Anwohner aus dem Sperrkreis haben laut Polizei die M\u00f6glichkeit, sich <strong>ab 7 Uhr <\/strong>in eingerichtete Notunterk\u00fcnfte zu begeben. <\/p>\n<ul data-qa-hook=\"story-list-ul\" class=\"tspCVpl\">\n<li class=\"tspCVgq tspCVgq\"><strong>Turnhalle Kant-Gymnasium<\/strong>, Bismarckstra\u00dfe 54<\/li>\n<li class=\"tspCVgq tspCVgq\"><strong>Turnhalle Birkengrundschule<\/strong>, H\u00fcgelschanze 8 (\u201ebei zus\u00e4tzlichem Bedarf\u201c).<\/li>\n<li class=\"tspCVgq tspCVgq\"><strong>Wer seine Wohnung alleine nicht verlassen kann<\/strong>, soll im Rathaus anrufen: 90279-2891 oder 90279-2892.<\/li>\n<\/ul>\n<p class=\"tspB8m0\">Das Wetter ist hilfreich: Es ist nicht kalt. Und regnen soll\u2019s am Freitag auch nicht (sonnig, bis zu 26 Grad).<\/p>\n<p class=\"tspB8m0\">Folgen hat der Gro\u00dfeinsatz auch f\u00fcr<strong> viele Kinder und deren Eltern<\/strong>. Spandaus Jugendstadtr\u00e4tin Tanja Franzke (CDU) sagte am Morgen dem Tagesspiegel: \u201eIm Sperrgebiet befinden sich<strong> drei Kitas<\/strong>, die am Freitag geschlossen bleiben: die Kita Wundert\u00fcte, die Kita Brauereihof und die Kita Oscar. Die Tr\u00e4ger k\u00fcmmern sich aktuell um eine <strong>Notbetreuung.\u201c<\/strong> <\/p>\n<p class=\"tspB8m0\">Im Sperrkreis befinden sich auch die nahegelegene <strong>Lynar-Grundschule <\/strong>(500 Kinder) oder auch die gro\u00dfe<strong> <\/strong>Pflegeeinrichtung <strong>Katharinenhof am Uferpalais<\/strong>: \u201eOhne Einschr\u00e4nkung des Betriebs, aber kein Betreten und Verlassen w\u00e4hrend der Entsch\u00e4rfung\u201c, so die Polizei. Die Bewohner sollen im Haus bleiben.<\/p>\n<p class=\"tspB8m0\">Der Einsatzort liegt an der <strong>Neuendorfer Stra\u00dfe 39 <\/strong>im Spandauer Ortsteil <strong>Hakenfelde <\/strong>und befindet sich neben dem Krankenhausgel\u00e4nde. Fr\u00fcher befand sich dort ein beliebtes <strong>Bowling-Center.<\/strong> <a href=\"https:\/\/www.tagesspiegel.de\/berlin\/pflegestandort-statt-bowlingbahn-eine-aufregende-zeit-bricht-fur-unsere-bewohner-an-11807933.html\" target=\"_blank\" rel=\"noopener\" class=\"link link--external\" data-gtm-class=\"article-text-link\" data-gtm-val=\"external\" aria-describedby=\"message-target-blank\">Aktuell entsteht dort ein gro\u00dfes Wohnheim f\u00fcr Menschen mit Behinderung.<\/a> In der Baugrube neben dem Rohbau ist auch die Bombe gefunden worden.<\/p>\n<blockquote class=\"tspCDnj\">\n<p>Die Zufahrt zum Krankenhaus wird nicht m\u00f6glich sein.\u00a0Es m\u00fcssen andere Rettungsstellen angefahren werden.<\/p>\n<\/blockquote>\n<p class=\"tspCDnk\">Ein Vivantes-Sprecher zum Tagesspiegel<\/p>\n<p class=\"tspB8m0\">Die Folgen f\u00fcr den Krankenhausbetrieb w\u00e4hrend der Entsch\u00e4rfung? \u201eDie <strong>Zufahrt zum Krankenhaus wird nicht m\u00f6glich sein<\/strong>. Das gilt auch f\u00fcr Angeh\u00f6rige von unseren Patienten. Unsere Rettungsstelle kann auch nicht angefahren werden. <strong>Rettungswagen werden daher andere Krankenh\u00e4user ansteuern<\/strong>\u201c, hatte ein Vivantes-Sprecher dem Tagesspiegel am Morgen gesagt. Die Kapazit\u00e4ten seien aber ausreichend.<\/p>\n<p class=\"tspB8m0\">Gro\u00dfe Krankenh\u00e4user im Bezirk Spandau mit Erste-Hilfe-Stationen sind beispielsweise das <strong>Waldkrankenhaus im Falkenhagener Feld<\/strong> oder auch das<strong> Krankenhaus Havelh\u00f6he<\/strong> in Kladow.<\/p>\n<p><img decoding=\"async\" src=\"https:\/\/www.europesays.com\/de\/wp-content\/uploads\/2025\/09\/vivantes-6949.jpeg\" alt=\"\" aria-labelledby=\"caption-2861533\" width=\"620\" height=\"335\" loading=\"lazy\" class=\"tspAZis\"\/> Das Vivantes Klinikum Spandau mit seinen 700 Betten und 1400 Mitarbeitenden. <\/p>\n<p class=\"tspAFf9\"> \u00a9 Vivantes <\/p>\n<p class=\"tspB8m0\">Einige direkt an die Stra\u00dfe angrenzende <strong>Arztpraxen auf dem Krankenhausgel\u00e4nde<\/strong> (\u201eMedizinisches Versorgungszentrum MVZ\u201c) werden w\u00e4hrend der Entsch\u00e4rfung schlie\u00dfen. Das <strong>Betreten des Klinikgartens <\/strong>oder das Queren des Krankenhaushofes ist am Freitag laut Vivantes-Klinikum auch nicht gestattet. Dauer auch hier: unbekannt.<\/p>\n<p class=\"tspB8m0\">Die <strong>Dauer der Einschr\u00e4nkung<\/strong> rund um das Vivantes-Klinikum ist nicht bekannt und wie bei jeder Bombenentsch\u00e4rfung auch nicht planbar. Eine akute Gefahr, so die Polizei, geht von der Bombe schon mal nicht aus.<\/p>\n<p class=\"tspB8m0\">W\u00e4hrend der Entsch\u00e4rfung wird auch der<strong> Verkehr auf der Neuendorfer Stra\u00dfe<\/strong> betroffen sein. Sie ist die entscheidende Nord-S\u00fcd-Trasse f\u00fcr den gesamten Spandauer Norden mit all seinen Neubaugebieten. Wann <strong>die BVG den Verkehr auf ihren Linien einstellt und umleitet<\/strong>, ist bislang nicht bekannt. Ob weitere Linien im Umfeld betroffen sind, ist ebenfalls noch unklar. <\/p>\n<p> Lesen Sie mehr aus Berlin-Spandau im Tagesspiegel: <a href=\"https:\/\/www.tagesspiegel.de\/berlin\/bezirke\/spandau\/wir-fuhlen-uns-bedroht-1000-kleingartner-bilden-menschenkette-um-ihre-hauser-14337278.html?icid=topic-list_14347724___\" data-gtm-class=\"article-mzt-link\" class=\"tspCFno\" target=\"_blank\" rel=\"noopener\">\u201eWir f\u00fchlen uns bedroht\u201c 1000 Kleing\u00e4rtner bilden Menschenkette um ihre H\u00e4user <\/a><a href=\"https:\/\/www.tagesspiegel.de\/berlin\/bezirke\/spandau\/margot-friedlander-gymnasium-berliner-oberschule-will-sich-umbenennen-lassen-14336315.html?icid=topic-list_14347724___\" data-gtm-class=\"article-mzt-link\" class=\"tspCFno\" target=\"_blank\" rel=\"noopener\">\u201eMargot-Friedl\u00e4nder-Gymnasium\u201c Berliner Oberschule will sich umbenennen <\/a><a href=\"https:\/\/www.tagesspiegel.de\/berlin\/bezirke\/spandau\/spandaus-wahrzeichen-steht-still-so-geht-es-mit-der-rathausuhr-jetzt-weiter-14340719.html?icid=topic-list_14347724___\" data-gtm-class=\"article-mzt-link\" class=\"tspCFno\" target=\"_blank\" rel=\"noopener\">Spandaus Wahrzeichen steht still So geht es mit der Rathausuhr jetzt weiter <\/a><\/p>\n<p class=\"tspB8m0\"><strong>Mehr aus Spandau<\/strong> lesen Sie <strong>in unserem Bezirksnewsletter<\/strong>, der zu unserem digitalen Angebot<strong> Tagesspiegel Plus (T+)<\/strong> geh\u00f6rt \u2013 wie die Newsletter-Ausgaben aus den anderen elf Berliner Bezirken. <strong>Bestellbar <\/strong><a href=\"https:\/\/leute.tagesspiegel.de\/\" target=\"_blank\" rel=\"noopener\" class=\"link link--external\" data-gtm-class=\"article-text-link\" data-gtm-val=\"external\" aria-describedby=\"message-target-blank\"><strong>unter diesem Link <\/strong>hier<\/a>.<\/p>\n","protected":false},"excerpt":{"rendered":"Ab 8 Uhr sollen alle Menschen den Sperrkreis in Berlin-Spandau verlassen haben. Doch der Bezirk hat offenbar Gl\u00fcck&hellip;\n","protected":false},"author":2,"featured_media":432165,"comment_status":"","ping_status":"","sticky":false,"template":"","format":"standard","meta":{"footnotes":""},"categories":[1825],"tags":[296,2236,29,291,1923,30,5668,3263,10701,121,5173,966,529],"class_list":{"0":"post-432164","1":"post","2":"type-post","3":"status-publish","4":"format-standard","5":"has-post-thumbnail","7":"category-berlin","8":"tag-berlin","9":"tag-bvg","10":"tag-deutschland","11":"tag-facebook","12":"tag-fahrrad-und-verkehr","13":"tag-germany","14":"tag-katastrophenschutz","15":"tag-krankenhaus","16":"tag-krankenhaeuser","17":"tag-polizei","18":"tag-rettungswesen","19":"tag-schule","20":"tag-spandau"},"share_on_mastodon":{"url":"https:\/\/pubeurope.com\/@de\/115225131088590970","error":""},"_links":{"self":[{"href":"https:\/\/www.europesays.com\/de\/wp-json\/wp\/v2\/posts\/432164","targetHints":{"allow":["GET"]}}],"collection":[{"href":"https:\/\/www.europesays.com\/de\/wp-json\/wp\/v2\/posts"}],"about":[{"href":"https:\/\/www.europesays.com\/de\/wp-json\/wp\/v2\/types\/post"}],"author":[{"embeddable":true,"href":"https:\/\/www.europesays.com\/de\/wp-json\/wp\/v2\/users\/2"}],"replies":[{"embeddable":true,"href":"https:\/\/www.europesays.com\/de\/wp-json\/wp\/v2\/comments?post=432164"}],"version-history":[{"count":0,"href":"https:\/\/www.europesays.com\/de\/wp-json\/wp\/v2\/posts\/432164\/revisions"}],"wp:featuredmedia":[{"embeddable":true,"href":"https:\/\/www.europesays.com\/de\/wp-json\/wp\/v2\/media\/432165"}],"wp:attachment":[{"href":"https:\/\/www.europesays.com\/de\/wp-json\/wp\/v2\/media?parent=432164"}],"wp:term":[{"taxonomy":"category","embeddable":true,"href":"https:\/\/www.europesays.com\/de\/wp-json\/wp\/v2\/categories?post=432164"},{"taxonomy":"post_tag","embeddable":true,"href":"https:\/\/www.europesays.com\/de\/wp-json\/wp\/v2\/tags?post=432164"}],"curies":[{"name":"wp","href":"https:\/\/api.w.org\/{rel}","templated":true}]}}