{"id":432180,"date":"2025-09-18T11:53:12","date_gmt":"2025-09-18T11:53:12","guid":{"rendered":"https:\/\/www.europesays.com\/de\/432180\/"},"modified":"2025-09-18T11:53:12","modified_gmt":"2025-09-18T11:53:12","slug":"kind-bei-pyro-unfall-im-ostseestadion-schwer-verletzt","status":"publish","type":"post","link":"https:\/\/www.europesays.com\/de\/432180\/","title":{"rendered":"Kind bei Pyro-Unfall im Ostseestadion schwer verletzt"},"content":{"rendered":"<p>        <img decoding=\"async\" src=\"https:\/\/www.europesays.com\/de\/wp-content\/uploads\/2025\/09\/mvfoto-1768.webp\" alt=\"Nach dem Spiel wurden die alten Flutlichtmasten mit einer genehmigten Pyrotechnik verabschiedet.\" title=\"Nach dem Spiel wurden die alten Flutlichtmasten mit einer genehmigten Pyrotechnik verabschiedet. | Andy B\u00fcnning\" class=\"responsive\"\/><\/p>\n<p>AUDIO: Kind bei Pyro-Unfall im Ostseestadion schwer verletzt (1 Min)<\/p>\n<p>\n            Stand: 18.09.2025 13:38 Uhr<\/p>\n<p class=\"preface\">Beim Hansa-Heimspiel am Mittwoch gegen 1860 M\u00fcnchen ist ein neunj\u00e4hriger Junge durch Pyrotechnik schwer verletzt worden. Drei weitere Zuschauer erlitten Verletzungen. Die Polizei ermittelt zu den Ursachen.<\/p>\n<p class=\"\">Beim Hansa-Heimspiel gegen 1860 M\u00fcnchen ist ein neunj\u00e4hriger Junge durch Pyrotechnik schwer verletzt worden. Ein Zehnj\u00e4hriger, ein 57-J\u00e4hriger sowie eine 42-J\u00e4hrige erlitten leichte Verletzungen. Alle vier kommen aus dem Bereich Demmin. Der Neunj\u00e4hrige wurde mittlerweile in eine Spezialklinik in L\u00fcbeck gebracht. Die Polizei ermittelt wegen fahrl\u00e4ssiger K\u00f6rperverletzung gegen Unbekannt. Nach ersten Erkenntnissen der Polizei ereignete sich der Vorfall w\u00e4hrend der genehmigten Choreografie f\u00fcr die alten Flutlichtmasten, die am Mittwochabend im Ostseestadion ein letztes Mal eingeschaltet wurden.<\/p>\n<p>    Loch im Stadiondach<\/p>\n<p class=\"\">Die Polizei h\u00e4lt es f\u00fcr m\u00f6glich, dass ein noch brennendes St\u00fcck Pyrotechnik auf dem Stadiondach gelandet ist. Durch die Hitze k\u00f6nnte das Material geschmolzen und in den Zuschauerbereich gefallen sein. Daf\u00fcr spricht ein Loch im Dach. Dort traf das Material dann offenbar die vier Zuschauer.<\/p>\n<p>        <img decoding=\"async\" src=\"https:\/\/www.europesays.com\/de\/wp-content\/uploads\/2025\/09\/hansa-276.webp\" alt=\"Rostocks Spieler bejubeln einen Treffer\" title=\"Rostocks Spieler bejubeln einen Treffer | Imago Images\" class=\"responsive\" loading=\"lazy\"\/><\/p>\n<p>Das Team von Coach Daniel Brinkmann ist gegen den Aufstiegsmitfavoriten nicht wiederzuerkennen und feiert seinen zweiten Saisonsieg. <\/p>\n<p>        <img decoding=\"async\" src=\"https:\/\/www.europesays.com\/de\/wp-content\/uploads\/2025\/09\/hansa12898.webp\" alt=\"Anh\u00e4nger von Dynamo Dresden und Hansa Rostock beschie\u00dfen sich mit Raketen und brennen Pyrotechnik ab.\" title=\"Anh\u00e4nger von Dynamo Dresden und Hansa Rostock beschie\u00dfen sich mit Raketen und brennen Pyrotechnik ab. | IMAGO \/ Ostseephoto\" class=\"responsive\" loading=\"lazy\"\/><\/p>\n<p>Die Rostocker Vereinsf\u00fchrung k\u00fcndigte am Sonntag eine schnelle Aufarbeitung mit beiden Clubs an und wird sich mit der Landespolizei treffen.<\/p>\n<p>Dieses Thema im Programm:<\/p>\n<p>                NDR 1 Radio MV | Nachrichten aus Mecklenburg-Vorpommern | 18.09.2025 | 07:30 Uhr<\/p>\n","protected":false},"excerpt":{"rendered":"AUDIO: Kind bei Pyro-Unfall im Ostseestadion schwer verletzt (1 Min) Stand: 18.09.2025 13:38 Uhr Beim Hansa-Heimspiel am Mittwoch&hellip;\n","protected":false},"author":2,"featured_media":432181,"comment_status":"","ping_status":"","sticky":false,"template":"","format":"standard","meta":{"footnotes":""},"categories":[136],"tags":[590,1349,29,30,84179,66058,1351,66057,1352,66056,1353,14,1350,15,1354,66059,265],"class_list":{"0":"post-432180","1":"post","2":"type-post","3":"status-publish","4":"format-standard","5":"has-post-thumbnail","7":"category-sport","8":"tag-aktuell","9":"tag-aktuelles","10":"tag-deutschland","11":"tag-germany","12":"tag-landkreis-rostock","13":"tag-meck-pomm","14":"tag-mecklenburg-vorpommern","15":"tag-mecklenburg-vorpommern-aktuell","16":"tag-mv","17":"tag-mv-nachrichten","18":"tag-mv-news","19":"tag-nachrichten","20":"tag-neuigkeiten","21":"tag-news","22":"tag-news-mv","23":"tag-radio-mecklenburg-vorpommern","24":"tag-sport"},"share_on_mastodon":{"url":"https:\/\/pubeurope.com\/@de\/115225166348714711","error":""},"_links":{"self":[{"href":"https:\/\/www.europesays.com\/de\/wp-json\/wp\/v2\/posts\/432180","targetHints":{"allow":["GET"]}}],"collection":[{"href":"https:\/\/www.europesays.com\/de\/wp-json\/wp\/v2\/posts"}],"about":[{"href":"https:\/\/www.europesays.com\/de\/wp-json\/wp\/v2\/types\/post"}],"author":[{"embeddable":true,"href":"https:\/\/www.europesays.com\/de\/wp-json\/wp\/v2\/users\/2"}],"replies":[{"embeddable":true,"href":"https:\/\/www.europesays.com\/de\/wp-json\/wp\/v2\/comments?post=432180"}],"version-history":[{"count":0,"href":"https:\/\/www.europesays.com\/de\/wp-json\/wp\/v2\/posts\/432180\/revisions"}],"wp:featuredmedia":[{"embeddable":true,"href":"https:\/\/www.europesays.com\/de\/wp-json\/wp\/v2\/media\/432181"}],"wp:attachment":[{"href":"https:\/\/www.europesays.com\/de\/wp-json\/wp\/v2\/media?parent=432180"}],"wp:term":[{"taxonomy":"category","embeddable":true,"href":"https:\/\/www.europesays.com\/de\/wp-json\/wp\/v2\/categories?post=432180"},{"taxonomy":"post_tag","embeddable":true,"href":"https:\/\/www.europesays.com\/de\/wp-json\/wp\/v2\/tags?post=432180"}],"curies":[{"name":"wp","href":"https:\/\/api.w.org\/{rel}","templated":true}]}}