{"id":432187,"date":"2025-09-18T11:57:12","date_gmt":"2025-09-18T11:57:12","guid":{"rendered":"https:\/\/www.europesays.com\/de\/432187\/"},"modified":"2025-09-18T11:57:12","modified_gmt":"2025-09-18T11:57:12","slug":"taliban-kappen-in-teilen-afghanistans-internetzugang","status":"publish","type":"post","link":"https:\/\/www.europesays.com\/de\/432187\/","title":{"rendered":"Taliban kappen in Teilen Afghanistans Internetzugang"},"content":{"rendered":"<p class=\"metatextline\">Stand: 18.09.2025 10:53 Uhr<\/p>\n<p class=\"textabsatz columns twelve  m-ten  m-offset-one l-eight l-offset-two\">\n        <strong>In mehreren Provinzen Afghanistans haben private Haushalte keinen Zugang mehr zum Internet &#8211; gekappt auf Anweisung der radikal-islamistischen Taliban. Nun w\u00e4chst die Sorge, dass der Zugang landesweit gesperrt werden k\u00f6nnte.<\/strong>\n    <\/p>\n<p>                                        <a class=\"authorline__link\" href=\"https:\/\/www.tagesschau.de\/korrespondenten\/peter-hornung-105.html\" target=\"_blank\" rel=\"noopener\"><br \/>\n                                            <img decoding=\"async\" class=\"authorline__img\" alt=\"Peter Hornung, NDR\" src=\"https:\/\/www.europesays.com\/de\/wp-content\/uploads\/2025\/09\/peter-hornung-103.jpg\"\/><br \/>\n                                        <\/a><\/p>\n<p class=\"textabsatz m-ten m-offset-one l-eight l-offset-two columns twelve\">In Afghanistan haben die radikal-islamistischen Taliban in einigen Provinzen begonnen, den Zugang zum Internet zu kappen. Er sei entt\u00e4uscht gewesen und schockiert, als ihn die Berichte \u00fcber das Internetverbot erreichten, sagt Ahmad. Er selbst ist gerade in Pakistan, getrennt von seiner Familie in Afghanistan.<\/p>\n<p class=\"textabsatz m-ten m-offset-one l-eight l-offset-two columns twelve\">Ahmad hei\u00dft eigentlich anders, aber er muss sich und seine Familie sch\u00fctzen. &#8222;Das ist der einzige Kanal, \u00fcber den wir kommunizieren k\u00f6nnen. Damit ich Bescheid wei\u00df, wie es meinen Lieben geht. Wenn es den nicht mehr g\u00e4be, w\u00e4re das unglaublich. Unertr\u00e4glich&#8220;, sagt er weiter.<\/p>\n<p>    Bislang f\u00fcnf Provinzen im Norden des Landes betroffen<\/p>\n<p class=\"textabsatz m-ten m-offset-one l-eight l-offset-two columns twelve\">Die Angst geht um unter Afghaninnen und Afghanen im In- und Ausland, seit es hei\u00dft, dass die Taliban im ganzen Land Internetzug\u00e4nge lahmlegen wollen. Doch so weit ist es noch nicht. Zun\u00e4chst wurden lediglich in f\u00fcnf Provinzen im Norden Afghanistans die Verbindungen unterbrochen &#8211; auch in den St\u00e4dten Masar-i-Sharif und Kundus, wo <a href=\"https:\/\/www.tagesschau.de\/ausland\/asien\/kabul-taliban-sieg-101.html\" title=\"Afghanistan: Taliban \u00fcbernehmen die Macht\" target=\"_blank\" rel=\"noopener\">bis 2021<\/a> die Bundeswehr stationiert war. Betroffen sind bisher Glasfaserkabel und damit das schnelle Internet f\u00fcr private Haushalte, mobile Zug\u00e4nge funktionieren noch.<\/p>\n<p class=\"textabsatz m-ten m-offset-one l-eight l-offset-two columns twelve\">Hintergrund sei ein Erlass des obersten Talibanf\u00fchrers Haibatullah Achundsada. Das berichtete der afghanische Nachrichtensender Tolonews und berief sich dabei auf \u00f6rtliche Beh\u00f6rden. Die Ma\u00dfnahme sei ergriffen worden, &#8222;um Unmoral zu verhindern&#8220;, hie\u00df es von Neda Mohammad Nadeem, Bildungsminister der Taliban. Er betonte: &#8222;Die N\u00e4he, die Kontakte und die Annehmlichkeiten des Internets und von Mobiltelefonen sind ein Fortschritt. Aber andererseits gibt es sehr gro\u00dfe Probleme und Rechtsverst\u00f6\u00dfe in Bezug auf soziale Netzwerke, das Internet allgemein und Handys.&#8220;<\/p>\n<p class=\"textabsatz m-ten m-offset-one l-eight l-offset-two columns twelve\">Schon in der Vergangenheit hatten die Taliban Bedenken ge\u00e4u\u00dfert, dass Pornographie \u00fcber das Internet zug\u00e4nglich sei oder M\u00e4nner mit Frauen in Kontakt treten k\u00f6nnten.<\/p>\n<p>    Debatte \u00fcber wirtschaftliche Auswirkungen<\/p>\n<p class=\"textabsatz m-ten m-offset-one l-eight l-offset-two columns twelve\">Im Land selbst hat nun eine vorsichtige Diskussion dar\u00fcber begonnen, wie so ein allgemeines Verbot vor allem der Wirtschaft schaden k\u00f6nnte. Experten wie Khan Jan Alokozai, fr\u00fcherer Vorstand der Handelskammer, erkl\u00e4ren, warum man das Internet auch in Afghanistan braucht: &#8222;Internetdienste haben nat\u00fcrlich sowohl soziale als auch wirtschaftliche Auswirkungen. Auch im Produktionsprozess k\u00f6nnen Genauigkeit, Geschwindigkeit und Transparenz verbessert werden&#8220;, sagt er.<\/p>\n<p class=\"textabsatz m-ten m-offset-one l-eight l-offset-two columns twelve\">Nicht nur im Norden, sondern auch in anderen Regionen Afghanistans waren nach ARD-Informationen in den vergangenen Tagen Internetausf\u00e4lle beobachtet worden, darunter in Kandahar. Das hat bei vielen Bef\u00fcrchtungen geweckt, dass das Internetverbot der Taliban-F\u00fchrung bald landesweit durchgesetzt werden k\u00f6nnte. Der Initiative Netblocks zufolge ist die Anbindung Afghanistans an das Internet in den vergangenen Tagen deutlich schlechter geworden. Daten der Initiative best\u00e4tigten, dass Teile des Landes inzwischen offline seien.<\/p>\n<p>    <a href=\"https:\/\/www.tagesschau.de\/multimedia\/audio\/audio-286908.html\" target=\"_blank\" rel=\"noopener\"><\/p>\n<p>Peter Hornung, ARD Neu-Delhi, tagesschau, 18.09.2025 09:34 Uhr<\/p>\n<p>    <\/a><\/p>\n","protected":false},"excerpt":{"rendered":"Stand: 18.09.2025 10:53 Uhr In mehreren Provinzen Afghanistans haben private Haushalte keinen Zugang mehr zum Internet &#8211; gekappt&hellip;\n","protected":false},"author":2,"featured_media":432188,"comment_status":"","ping_status":"","sticky":false,"template":"","format":"standard","meta":{"footnotes":""},"categories":[3],"tags":[7451,13,14,15,12,15451,10,8,9,11,103,104],"class_list":{"0":"post-432187","1":"post","2":"type-post","3":"status-publish","4":"format-standard","5":"has-post-thumbnail","7":"category-welt","8":"tag-afghanistan","9":"tag-headlines","10":"tag-nachrichten","11":"tag-news","12":"tag-schlagzeilen","13":"tag-taliban","14":"tag-top-news","15":"tag-top-meldungen","16":"tag-topmeldungen","17":"tag-topnews","18":"tag-welt","19":"tag-world"},"share_on_mastodon":{"url":"https:\/\/pubeurope.com\/@de\/115225181908910495","error":""},"_links":{"self":[{"href":"https:\/\/www.europesays.com\/de\/wp-json\/wp\/v2\/posts\/432187","targetHints":{"allow":["GET"]}}],"collection":[{"href":"https:\/\/www.europesays.com\/de\/wp-json\/wp\/v2\/posts"}],"about":[{"href":"https:\/\/www.europesays.com\/de\/wp-json\/wp\/v2\/types\/post"}],"author":[{"embeddable":true,"href":"https:\/\/www.europesays.com\/de\/wp-json\/wp\/v2\/users\/2"}],"replies":[{"embeddable":true,"href":"https:\/\/www.europesays.com\/de\/wp-json\/wp\/v2\/comments?post=432187"}],"version-history":[{"count":0,"href":"https:\/\/www.europesays.com\/de\/wp-json\/wp\/v2\/posts\/432187\/revisions"}],"wp:featuredmedia":[{"embeddable":true,"href":"https:\/\/www.europesays.com\/de\/wp-json\/wp\/v2\/media\/432188"}],"wp:attachment":[{"href":"https:\/\/www.europesays.com\/de\/wp-json\/wp\/v2\/media?parent=432187"}],"wp:term":[{"taxonomy":"category","embeddable":true,"href":"https:\/\/www.europesays.com\/de\/wp-json\/wp\/v2\/categories?post=432187"},{"taxonomy":"post_tag","embeddable":true,"href":"https:\/\/www.europesays.com\/de\/wp-json\/wp\/v2\/tags?post=432187"}],"curies":[{"name":"wp","href":"https:\/\/api.w.org\/{rel}","templated":true}]}}