{"id":432204,"date":"2025-09-18T12:07:14","date_gmt":"2025-09-18T12:07:14","guid":{"rendered":"https:\/\/www.europesays.com\/de\/432204\/"},"modified":"2025-09-18T12:07:14","modified_gmt":"2025-09-18T12:07:14","slug":"essen-krupp-stiftung-foerdert-mit-impulsruhr-projekte-im-ruhrgebiet","status":"publish","type":"post","link":"https:\/\/www.europesays.com\/de\/432204\/","title":{"rendered":"Essen: Krupp-Stiftung f\u00f6rdert mit \u201eImPulsRuhr\u201c Projekte im Ruhrgebiet"},"content":{"rendered":"<p class=\"small date article__date\">Ver\u00f6ffentlicht:\u00a0Donnerstag, 18.09.2025 13:26<\/p>\n<p>Die Krupp-Stiftung mit Sitz in Essen unterst\u00fctzt den Wandel im Ruhrgebiet. Mit dem neuen F\u00f6rderprogramm \u201eImPulsRuhr\u201c werden innovative Projekte in Wissenschaft, Bildung, Kultur, Gesundheit und Sport gef\u00f6rdert.<\/p>\n<p><img decoding=\"async\" alt=\"\" src=\"https:\/\/www.europesays.com\/de\/wp-content\/uploads\/2025\/09\/240829_acker-c-schuchrat-kurbanov_kl-91-720x600.jpg&#038;crop=0x0x720x450&#038;resize=720x450&#038;dt=2025091518280.jpeg\" data-size=\"720x450\"\/>\u00a9 Krupp-StiftungKrupp-Stiftung in Essen stellt 1,5 Millionen Euro bereit<\/p>\n<p>Mit \u201eImPulsRuhr\u201c will die Krupp-Stiftung den Wandel im Ruhrgebiet aktiv begleiten. Insgesamt 1,5 Millionen Euro stehen in zwei Ausschreibungsrunden zur Verf\u00fcgung. <a href=\"https:\/\/www.krupp-stiftung.de\/foerderprogramm-impulsruhr\/\" rel=\"noopener noreferrer nofollow\" target=\"_blank\">Die erste Bewerbungsphase l\u00e4uft bis zum 5. Dezember 2025.<\/a><\/p>\n<p>Gef\u00f6rdert werden neue Ideen und Projekte, die konkrete Herausforderungen der Region aufgreifen, etwa im Bereich Wissenschaft, Bildung, Kunst und Kultur, Gesundheit oder Sport. Entscheidend ist, dass die Projekte innovativ sind und Impulse f\u00fcr die Zukunft des Ruhrgebiets geben.<\/p>\n<p>Essen: F\u00f6rderprogramm richtet sich an Vereine und Einrichtungen<\/p>\n<p>Antr\u00e4ge k\u00f6nnen gemeinn\u00fctzige Institutionen, Vereine oder \u00f6ffentliche Einrichtungen stellen. Je nach Umfang gibt es zwischen 1.000 und 20.000 Euro pro Projekt, bei Kooperationen bis zu 30.000 Euro. Ziel ist es, lokale Potenziale zu st\u00e4rken und nachhaltige Entwicklungen anzusto\u00dfen.<\/p>\n<p>Mehr Gute Nachrichten aus Essen<\/p>\n","protected":false},"excerpt":{"rendered":"Ver\u00f6ffentlicht:\u00a0Donnerstag, 18.09.2025 13:26 Die Krupp-Stiftung mit Sitz in Essen unterst\u00fctzt den Wandel im Ruhrgebiet. Mit dem neuen F\u00f6rderprogramm&hellip;\n","protected":false},"author":2,"featured_media":432205,"comment_status":"","ping_status":"","sticky":false,"template":"","format":"standard","meta":{"footnotes":""},"categories":[1848],"tags":[47032,61511,3275,50993,3364,29,548,663,3934,3658,30,13,14,15,1209,3856,12],"class_list":{"0":"post-432204","1":"post","2":"type-post","3":"status-publish","4":"format-standard","5":"has-post-thumbnail","7":"category-gelsenkirchen","8":"tag-frderprogramm","9":"tag-krupp-stiftung","10":"tag-lokalnachrichten","11":"tag-strukturwandel","12":"tag-de","13":"tag-deutschland","14":"tag-eu","15":"tag-europa","16":"tag-europe","17":"tag-gelsenkirchen","18":"tag-germany","19":"tag-headlines","20":"tag-nachrichten","21":"tag-news","22":"tag-nordrhein-westfalen","23":"tag-ruhrgebiet","24":"tag-schlagzeilen"},"share_on_mastodon":{"url":"https:\/\/pubeurope.com\/@de\/115225221165678795","error":""},"_links":{"self":[{"href":"https:\/\/www.europesays.com\/de\/wp-json\/wp\/v2\/posts\/432204","targetHints":{"allow":["GET"]}}],"collection":[{"href":"https:\/\/www.europesays.com\/de\/wp-json\/wp\/v2\/posts"}],"about":[{"href":"https:\/\/www.europesays.com\/de\/wp-json\/wp\/v2\/types\/post"}],"author":[{"embeddable":true,"href":"https:\/\/www.europesays.com\/de\/wp-json\/wp\/v2\/users\/2"}],"replies":[{"embeddable":true,"href":"https:\/\/www.europesays.com\/de\/wp-json\/wp\/v2\/comments?post=432204"}],"version-history":[{"count":0,"href":"https:\/\/www.europesays.com\/de\/wp-json\/wp\/v2\/posts\/432204\/revisions"}],"wp:featuredmedia":[{"embeddable":true,"href":"https:\/\/www.europesays.com\/de\/wp-json\/wp\/v2\/media\/432205"}],"wp:attachment":[{"href":"https:\/\/www.europesays.com\/de\/wp-json\/wp\/v2\/media?parent=432204"}],"wp:term":[{"taxonomy":"category","embeddable":true,"href":"https:\/\/www.europesays.com\/de\/wp-json\/wp\/v2\/categories?post=432204"},{"taxonomy":"post_tag","embeddable":true,"href":"https:\/\/www.europesays.com\/de\/wp-json\/wp\/v2\/tags?post=432204"}],"curies":[{"name":"wp","href":"https:\/\/api.w.org\/{rel}","templated":true}]}}