{"id":432493,"date":"2025-09-18T14:48:15","date_gmt":"2025-09-18T14:48:15","guid":{"rendered":"https:\/\/www.europesays.com\/de\/432493\/"},"modified":"2025-09-18T14:48:15","modified_gmt":"2025-09-18T14:48:15","slug":"mann-mit-abgebrochener-flasche-schwer-am-hals-verletzt","status":"publish","type":"post","link":"https:\/\/www.europesays.com\/de\/432493\/","title":{"rendered":"Mann mit abgebrochener Flasche schwer am Hals verletzt"},"content":{"rendered":"<p>\t\t\tPolizeieinsatz im Chemnitzer Zentrum: Mann mit abgebrochener Flasche schwer am Hals verletzt<br \/>\n\t\t\t\t\t\t\t\t\t\t\t\t<b>Blaulicht<\/b> Der Mann kam mit schweren Verletzungen ins Krankenhaus<\/p>\n<p>\t\t\t\t\t\t\t\t\t\t<img loading=\"lazy\" decoding=\"async\" src=\"https:\/\/www.europesays.com\/de\/wp-content\/uploads\/2025\/07\/lml_M50x50.png\"  alt=\"Luise Malinka\" width=\"50\" height=\"50\"\/><\/p>\n<p>\t\t\t\t<a id=\"whatsapp_channel_link\" href=\"https:\/\/whatsapp.com\/channel\/0029Va6RBvnLY6dCNLfeAA0c\" data-ct=\"SHARE\/WHATSAPPKANAL\" rel=\"nofollow noopener\" target=\"_blank\"><br \/>\n\t\t\t\t\t<img decoding=\"async\" alt=\"Zum Blick WhatsApp Kanal\" src=\"https:\/\/www.blick.de\/img\/WhatsApp-Kanal.svg\"\/><br \/>\n\t\t\t\t<\/a><\/p>\n<ul class=\"gallery-items\">\n<li class=\"img gallery-item\">\n<p>\t\t\t\t\t\t\t\t\t\t\t\t\t\t\t\t\t\t\t\t\t\t\t\t\t\t\t\t\t\t\t\t\t\t\t\t\t\t\t\t\t\t\t\t\t\t<img decoding=\"async\" class=\"media-image \" loading=\"eager\" src=\"https:\/\/www.europesays.com\/de\/wp-content\/uploads\/2025\/09\/17276267_W400C740x499o0x0.jpg\" alt=\"Polizeieinsatz im Chemnitzer Zentrum: Mann mit abgebrochener Flasche schwer am Hals verletzt - Am Donnerstagnachmittag gegen 14 Uhr wurde der Rettungsdienst und die Polizei auf der Theaterstra\u00dfe in Chemnitz gerufen.\"   style=\"&#10;&#9;&#9;&#9;aspect-ratio:740\/499;&#10;&#9;&#9;&#9;background: url(data:image\/jpg;base64,\/9j\/4AAQSkZJRgABAQED5wPnAAD\/2wBDAAUDBAQEAwUEBAQFBQUGBwwIBwcHBw8LCwkMEQ8SEhEPERETFhwXExQaFRERGCEYGh0dHx8fExciJCIeJBweHx7\/2wBDAQUFBQcGBw4ICA4eFBEUHh4eHh4eHh4eHh4eHh4eHh4eHh4eHh4eHh4eHh4eHh4eHh4eHh4eHh4eHh4eHh4eHh7\/wAARCAAHAAoDAREAAhEBAxEB\/8QAFQABAQAAAAAAAAAAAAAAAAAABAX\/xAAjEAACAQMBCQAAAAAAAAAAAAABAgMEBRETAAYSIjFBQlFy\/8QAFQEBAQAAAAAAAAAAAAAAAAAABAP\/xAAfEQABBAEFAQAAAAAAAAAAAAABAAIDESEEExSRocH\/2gAMAwEAAhEDEQA\/AJm7lXe7dTyCtrrhrwZSN59GZZFLAnmxxeI6gdvRySaaWMgtIr21d21WGnu\/gRJxXSzySvdKMu7FmJtKZJJ+tmc2Y5JyjDTsAX\/\/2Q==) no-repeat left top; background-size: cover;&#9;&#9;&#9;height: 100%;&#9;&#9;\"\/><\/p>\n<p>\n\t\t\t\t\t\t\t\t\tAm Donnerstagnachmittag gegen 14 Uhr wurde der Rettungsdienst und die Polizei auf der Theaterstra\u00dfe in Chemnitz gerufen. Foto: Jan H\u00e4rtel\n\t\t\t\t\t\t\t\t<\/p>\n<\/li>\n<li class=\"img gallery-item\">\n<p>\t\t\t\t\t\t\t\t\t\t\t\t\t\t\t\t\t\t\t\t\t\t\t\t\t\t\t\t\t\t\t\t\t\t\t\t\t\t\t\t\t<img decoding=\"async\" class=\"media-image \" loading=\"lazy\" src=\"https:\/\/www.europesays.com\/de\/wp-content\/uploads\/2025\/09\/17276271_W400C740x499o0x0.jpg\" alt=\"Polizeieinsatz im Chemnitzer Zentrum: Mann mit abgebrochener Flasche schwer am Hals verletzt - Ein 25-j\u00e4hriger t\u00fcrkischer Staatsangeh\u00f6riger hat dort einem weiteren Mann Stichverletzungen mit einer abgebrochenen Flasche zugef\u00fcgt.\"   style=\"&#10;&#9;&#9;&#9;aspect-ratio:740\/499;&#10;&#9;&#9;&#9;background: url(data:image\/jpg;base64,\/9j\/4AAQSkZJRgABAQED5wPnAAD\/2wBDAAUDBAQEAwUEBAQFBQUGBwwIBwcHBw8LCwkMEQ8SEhEPERETFhwXExQaFRERGCEYGh0dHx8fExciJCIeJBweHx7\/2wBDAQUFBQcGBw4ICA4eFBEUHh4eHh4eHh4eHh4eHh4eHh4eHh4eHh4eHh4eHh4eHh4eHh4eHh4eHh4eHh4eHh4eHh7\/wAARCAAHAAoDAREAAhEBAxEB\/8QAFQABAQAAAAAAAAAAAAAAAAAABQf\/xAAeEAACAgMBAAMAAAAAAAAAAAABBAIDBREhEgAiQf\/EABYBAQEBAAAAAAAAAAAAAAAAAAIBBP\/EABwRAAIBBQEAAAAAAAAAAAAAAAABAgMEERIhQf\/aAAwDAQACEQMRAD8AIwK7K1krUa1mbfQXjWxVGUTdvYABHAB9j3utfvDZW8YT2l0lR5WEV\/Eq5lbFqLMZhey6qiELJlYkykI6J36735vevgOn\/9k=) no-repeat left top; background-size: cover;&#9;&#9;&#9;height: 100%;&#9;&#9;\"\/><\/p>\n<p>\n\t\t\t\t\t\t\t\t\tEin 25-j\u00e4hriger t\u00fcrkischer Staatsangeh\u00f6riger hat dort einem weiteren Mann Stichverletzungen mit einer abgebrochenen Flasche zugef\u00fcgt. Foto: Jan H\u00e4rtel\n\t\t\t\t\t\t\t\t<\/p>\n<\/li>\n<li class=\"img gallery-item\">\n<p>\t\t\t\t\t\t\t\t\t\t\t\t\t\t\t\t\t\t\t\t\t\t\t\t\t\t\t\t\t\t\t\t\t\t\t\t\t\t\t\t\t<img decoding=\"async\" class=\"media-image \" loading=\"lazy\" src=\"https:\/\/www.europesays.com\/de\/wp-content\/uploads\/2025\/09\/17276276_W400C740x499o0x0.jpg\" alt=\"Polizeieinsatz im Chemnitzer Zentrum: Mann mit abgebrochener Flasche schwer am Hals verletzt - Der Mann wurde dadurch schwer verletzt.\"   style=\"&#10;&#9;&#9;&#9;aspect-ratio:740\/499;&#10;&#9;&#9;&#9;background: url(data:image\/jpg;base64,\/9j\/4AAQSkZJRgABAQED5wPnAAD\/2wBDAAUDBAQEAwUEBAQFBQUGBwwIBwcHBw8LCwkMEQ8SEhEPERETFhwXExQaFRERGCEYGh0dHx8fExciJCIeJBweHx7\/2wBDAQUFBQcGBw4ICA4eFBEUHh4eHh4eHh4eHh4eHh4eHh4eHh4eHh4eHh4eHh4eHh4eHh4eHh4eHh4eHh4eHh4eHh7\/wAARCAAHAAoDAREAAhEBAxEB\/8QAFAABAAAAAAAAAAAAAAAAAAAABv\/EACIQAAIBAwQCAwAAAAAAAAAAAAEDAgQFEQYhIjEABzJxsf\/EABcBAAMBAAAAAAAAAAAAAAAAAAABAgX\/xAAcEQADAAEFAAAAAAAAAAAAAAAAAQIRBAUTITH\/2gAMAwEAAhEDEQA\/ADtm0fe9RIVeq2spbFahUUxUumUMug1whmUIZHCG+CT2Nyer5XXgpWO0OWetqVrJNbO3zZMmUpAv5E9n5D8H15mXu2nVNBg\/\/9k=) no-repeat left top; background-size: cover;&#9;&#9;&#9;height: 100%;&#9;&#9;\"\/><\/p>\n<p>\n\t\t\t\t\t\t\t\t\tDer Mann wurde dadurch schwer verletzt. Foto: Jan H\u00e4rtel\n\t\t\t\t\t\t\t\t<\/p>\n<\/li>\n<\/ul>\n<p>1\/3<\/p>\n<p>\t\t\t\t\t\t\t\t\t\t\t\t\t\t\t\t\t\t\t\t\t\t\t\t\t\t\t\t\t\t<b class=\"ortsmarke\">Chemnitz.<\/b>\u00a0<\/p>\n<p>Am Donnerstagnachmittag gegen 14 Uhr wurde der Rettungsdienst und die <a href=\"https:\/\/www.blick.de\/thema\/organisation\/polizei\" title=\"Polizei\" class=\"internal-article-link\" data-ct=\"ENTITY\/ORGANISATION\/POLIZEI\" rel=\"nofollow noopener\" target=\"_blank\">Polizei<\/a> auf der Theaterstra\u00dfe in Chemnitz gerufen.<\/p>\n<p>\t\t\t\t\t\t\t\t\t\t\t\t\t\t\t\t\t\tStichverletzungen zugezogen<\/p>\n<p>Ein 25-j\u00e4hriger t\u00fcrkischer Staatsangeh\u00f6riger hat dort einem weiteren Mann Stichverletzungen mit einer abgebrochenen Flasche zugef\u00fcgt. Der Mann wurde dadurch schwer verletzt. Zum Alter sowie zur Staatsangeh\u00f6rigkeit des zweiten Mannes konnte die Polizeidirektion noch keine Aussage treffen.<\/p>\n<p>\t\t\t\t\t\t\t\t\t\t\t\t\t\t\t\t\t\tTaverd\u00e4chtiger gestellt<\/p>\n<p>Wie BLICK.de auf Nachfrage bei der Chemnitzer Polizeidirektion erfuhr, konnte der Tatverd\u00e4chtige durch die Polizei gestellt werden.<\/p>\n<p>\t\t\t\t\t\t\t\t\t\t\t\t\t\t\t\t\t\tHintergr\u00fcnde unklar<\/p>\n<p>Die Hintergr\u00fcnde der Tat sind aktuell Gegenstand der Ermittlungen. Der Einsatz der Polizei l\u00e4uft aktuell (Stand: 15.45 Uhr).<\/p>\n","protected":false},"excerpt":{"rendered":"Polizeieinsatz im Chemnitzer Zentrum: Mann mit abgebrochener Flasche schwer am Hals verletzt Blaulicht Der Mann kam mit schweren&hellip;\n","protected":false},"author":2,"featured_media":432494,"comment_status":"","ping_status":"","sticky":false,"template":"","format":"standard","meta":{"footnotes":""},"categories":[1851],"tags":[2770,3364,29,548,663,3934,30,13,17318,14,15,859,12],"class_list":{"0":"post-432493","1":"post","2":"type-post","3":"status-publish","4":"format-standard","5":"has-post-thumbnail","7":"category-chemnitz","8":"tag-chemnitz","9":"tag-de","10":"tag-deutschland","11":"tag-eu","12":"tag-europa","13":"tag-europe","14":"tag-germany","15":"tag-headlines","16":"tag-kriminalitaet-verstoesse","17":"tag-nachrichten","18":"tag-news","19":"tag-sachsen","20":"tag-schlagzeilen"},"share_on_mastodon":{"url":"https:\/\/pubeurope.com\/@de\/115225854961431829","error":""},"_links":{"self":[{"href":"https:\/\/www.europesays.com\/de\/wp-json\/wp\/v2\/posts\/432493","targetHints":{"allow":["GET"]}}],"collection":[{"href":"https:\/\/www.europesays.com\/de\/wp-json\/wp\/v2\/posts"}],"about":[{"href":"https:\/\/www.europesays.com\/de\/wp-json\/wp\/v2\/types\/post"}],"author":[{"embeddable":true,"href":"https:\/\/www.europesays.com\/de\/wp-json\/wp\/v2\/users\/2"}],"replies":[{"embeddable":true,"href":"https:\/\/www.europesays.com\/de\/wp-json\/wp\/v2\/comments?post=432493"}],"version-history":[{"count":0,"href":"https:\/\/www.europesays.com\/de\/wp-json\/wp\/v2\/posts\/432493\/revisions"}],"wp:featuredmedia":[{"embeddable":true,"href":"https:\/\/www.europesays.com\/de\/wp-json\/wp\/v2\/media\/432494"}],"wp:attachment":[{"href":"https:\/\/www.europesays.com\/de\/wp-json\/wp\/v2\/media?parent=432493"}],"wp:term":[{"taxonomy":"category","embeddable":true,"href":"https:\/\/www.europesays.com\/de\/wp-json\/wp\/v2\/categories?post=432493"},{"taxonomy":"post_tag","embeddable":true,"href":"https:\/\/www.europesays.com\/de\/wp-json\/wp\/v2\/tags?post=432493"}],"curies":[{"name":"wp","href":"https:\/\/api.w.org\/{rel}","templated":true}]}}