{"id":432502,"date":"2025-09-18T14:53:12","date_gmt":"2025-09-18T14:53:12","guid":{"rendered":"https:\/\/www.europesays.com\/de\/432502\/"},"modified":"2025-09-18T14:53:12","modified_gmt":"2025-09-18T14:53:12","slug":"kampf-um-gelder-und-regionale-vorteile","status":"publish","type":"post","link":"https:\/\/www.europesays.com\/de\/432502\/","title":{"rendered":"Kampf um Gelder und regionale Vorteile"},"content":{"rendered":"<p class=\"mb-6 text-xs md:text-m lg:text-l font-serif group-[.font-sans]:font-sans \">\n    Wann genau der erste ICE auf der Neubaustrecke \u00fcber <a href=\"https:\/\/www.augsburger-allgemeine.de\/guenzburg\/ort\/guenzburg\" target=\"_self\" class=\"underline \" rel=\"nofollow noopener\">G\u00fcnzburg<\/a> nach Ulm oder Augsburg f\u00e4hrt, da will sich keiner festlegen. Erst recht nicht nach den aktuellen Entwicklungen. Doch dass es passieren wird, daran hat der G\u00fcnzburger Landrat <a href=\"https:\/\/www.augsburger-allgemeine.de\/personen\/aa-hans-reichhart\" target=\"_self\" class=\"underline \" rel=\"nofollow noopener\">Hans Reichhart<\/a> (<a href=\"https:\/\/www.augsburger-allgemeine.de\/organisationen\/aa-csu\" target=\"_self\" class=\"underline \" rel=\"nofollow noopener\">CSU<\/a>) keine Zweifel. Er sagt im Gespr\u00e4ch mit unserer Redaktion, er werde weiterhin daf\u00fcr k\u00e4mpfen, dass Ulm-Augsburg kommt. Doch nutzt dieser Kampf, wenn schlicht \u201edie daf\u00fcr n\u00f6tigen Mittel fehlen\u201c, <a href=\"https:\/\/www.augsburger-allgemeine.de\/politik\/trotz-sondervermoegen-steht-bahnstrecke-zwischen-ulm-und-augsburg-vor-dem-aus-110828231\" target=\"_self\" class=\"underline \" rel=\"nofollow noopener\">so wie es aus den neuesten Dokumenten des Verkehrsministeriums hervorgeht?<\/a> Es klingt paradox: Es fehlt Geld, obwohl sich der Staat massiv verschuldet. <a href=\"https:\/\/www.augsburger-allgemeine.de\/politik\/alarmstimmung-in-bayern-soeder-fordert-mehr-geld-fuer-verkehrsprojekte-110898835\" target=\"_self\" class=\"underline \" rel=\"nofollow noopener\">500 Milliarden Euro betr\u00e4gt das Sonderverm\u00f6gen f\u00fcr Infrastruktur und trotzdem ist auf einmal kein Geld da f\u00fcr Stra\u00dfen und Schienen?<\/a> Es geht im Hintergrund wohl um das Gerangel, um den harten Verteilungskampf der Milliarden f\u00fcr die Projekte. Wie der Landkreis G\u00fcnzburg auf die Nachricht reagiert.\n  <\/p>\n<ul data-module-id=\"DragDropModule\" class=\"flex flex-wrap justify-start group-[.no-bookmarks]:hidden\">\n<li class=\"mb-3 mr-3\">\n    Sophia Huber<\/p>\n<p>      Icon Haken im Kreis gesetzt<\/p>\n<p>      Icon Plus im Kreis<\/p>\n<\/li>\n<li class=\"mb-3 mr-3\">\n    ICE<\/p>\n<p>      Icon Haken im Kreis gesetzt<\/p>\n<p>      Icon Plus im Kreis<\/p>\n<\/li>\n<li class=\"mb-3 mr-3\">\n    Ulm<\/p>\n<p>      Icon Haken im Kreis gesetzt<\/p>\n<p>      Icon Plus im Kreis<\/p>\n<\/li>\n<\/ul>\n","protected":false},"excerpt":{"rendered":"Wann genau der erste ICE auf der Neubaustrecke \u00fcber G\u00fcnzburg nach Ulm oder Augsburg f\u00e4hrt, da will sich&hellip;\n","protected":false},"author":2,"featured_media":432503,"comment_status":"","ping_status":"","sticky":false,"template":"","format":"standard","meta":{"footnotes":""},"categories":[1846],"tags":[680,772,3364,29,548,663,3934,30,13,14,15,12],"class_list":{"0":"post-432502","1":"post","2":"type-post","3":"status-publish","4":"format-standard","5":"has-post-thumbnail","7":"category-augsburg","8":"tag-augsburg","9":"tag-bayern","10":"tag-de","11":"tag-deutschland","12":"tag-eu","13":"tag-europa","14":"tag-europe","15":"tag-germany","16":"tag-headlines","17":"tag-nachrichten","18":"tag-news","19":"tag-schlagzeilen"},"share_on_mastodon":{"url":"https:\/\/pubeurope.com\/@de\/115225874018401962","error":""},"_links":{"self":[{"href":"https:\/\/www.europesays.com\/de\/wp-json\/wp\/v2\/posts\/432502","targetHints":{"allow":["GET"]}}],"collection":[{"href":"https:\/\/www.europesays.com\/de\/wp-json\/wp\/v2\/posts"}],"about":[{"href":"https:\/\/www.europesays.com\/de\/wp-json\/wp\/v2\/types\/post"}],"author":[{"embeddable":true,"href":"https:\/\/www.europesays.com\/de\/wp-json\/wp\/v2\/users\/2"}],"replies":[{"embeddable":true,"href":"https:\/\/www.europesays.com\/de\/wp-json\/wp\/v2\/comments?post=432502"}],"version-history":[{"count":0,"href":"https:\/\/www.europesays.com\/de\/wp-json\/wp\/v2\/posts\/432502\/revisions"}],"wp:featuredmedia":[{"embeddable":true,"href":"https:\/\/www.europesays.com\/de\/wp-json\/wp\/v2\/media\/432503"}],"wp:attachment":[{"href":"https:\/\/www.europesays.com\/de\/wp-json\/wp\/v2\/media?parent=432502"}],"wp:term":[{"taxonomy":"category","embeddable":true,"href":"https:\/\/www.europesays.com\/de\/wp-json\/wp\/v2\/categories?post=432502"},{"taxonomy":"post_tag","embeddable":true,"href":"https:\/\/www.europesays.com\/de\/wp-json\/wp\/v2\/tags?post=432502"}],"curies":[{"name":"wp","href":"https:\/\/api.w.org\/{rel}","templated":true}]}}