{"id":432505,"date":"2025-09-18T14:55:11","date_gmt":"2025-09-18T14:55:11","guid":{"rendered":"https:\/\/www.europesays.com\/de\/432505\/"},"modified":"2025-09-18T14:55:11","modified_gmt":"2025-09-18T14:55:11","slug":"zweite-rheinbruecke-fuer-projekt-droht-das-aus-woerth-karlsruhe","status":"publish","type":"post","link":"https:\/\/www.europesays.com\/de\/432505\/","title":{"rendered":"Zweite Rheinbr\u00fccke: F\u00fcr Projekt droht das Aus &#8211; W\u00f6rth\/Karlsruhe"},"content":{"rendered":"<p class=\"rhp-dpa-teaser\"><b>Das Gro\u00dfprojekt zwischen W\u00f6rth und Karlsruhe steht offensichtlich auf der Kippe. Das ist bisher bekannt.<\/b><\/p>\n<p> Die Zweite Rheinbr\u00fccke zwischen <a class=\"rtr-entity\" data-rtr-entity=\"W\u00f6rth\" data-rtr-id=\"c68b4afdf45a0ab361d35b4a6813e0800f76b867\" data-rtr-score=\"75.10415610745059\" data-rtr-etype=\"location\" data-rtr-index=\"14\" href=\"https:\/\/www.rheinpfalz.de\/themen\/woerth-am-rhein?utm_source=rheinpfalz.de&amp;utm_medium=tms&amp;utm_campaign=intext\" target=\"_blank\" rel=\"noopener\">W\u00f6rth<\/a> und <a class=\"rtr-entity\" data-rtr-entity=\"Karlsruhe\" data-rtr-id=\"80c7016b06fa35b3df6c5c0b41fd6df26fb493b1\" data-rtr-score=\"74.71642169285352\" data-rtr-etype=\"location\" data-rtr-index=\"12\" href=\"https:\/\/www.rheinpfalz.de\/themen\/karlsruhe?utm_source=rheinpfalz.de&amp;utm_medium=tms&amp;utm_campaign=intext\" target=\"_blank\" rel=\"noopener\">Karlsruhe<\/a> wird m\u00f6glicherweise nicht gebaut. Der Grund: Dem Bund fehlt trotz des 500-Milliarden-Sonderverm\u00f6gens f\u00fcr Infrastruktur das Geld. Das geht zumindest aus Medienberichten vom Mittwoch hervor. <\/p>\n<p>Darin geht es  um ein Papier aus<\/p>\n<p class=\"\">Bitte loggen Sie sich ein um den Artikel im Klartext zu sehen.<\/p>\n<p class=\"\">mde <\/p>\n<p class=\"\">ieirsmskisedunhBtevme,nrur rerestsdai an nde Vhcsekurhsuasrses sde Begsasunt.d cahnDa htste edi tZewie  afu eiren stieL von 74 tPeoekrjn,  eid wazr sbi 2902   awtteerr .rwdi Der auB sei nnad earb urn  nnwe ied lasatsauznehHst\u00e4 red mnmondeke hJrae erhth\u00f6 der.wen rkKneot edetbute as:d tlSs<\/p>\n","protected":false},"excerpt":{"rendered":"Das Gro\u00dfprojekt zwischen W\u00f6rth und Karlsruhe steht offensichtlich auf der Kippe. Das ist bisher bekannt. Die Zweite Rheinbr\u00fccke&hellip;\n","protected":false},"author":2,"featured_media":432506,"comment_status":"","ping_status":"","sticky":false,"template":"","format":"standard","meta":{"footnotes":""},"categories":[1844],"tags":[1634,1180,36389,31,3364,29,30,8903,4060,5992,26148],"class_list":{"0":"post-432505","1":"post","2":"type-post","3":"status-publish","4":"format-standard","5":"has-post-thumbnail","7":"category-karlsruhe","8":"tag-baden-wuerttemberg","9":"tag-bundestag","10":"tag-bundesverkehrsministerium","11":"tag-cdu","12":"tag-de","13":"tag-deutschland","14":"tag-germany","15":"tag-karlsruhe","16":"tag-lokal","17":"tag-rheinbruecke","18":"tag-woerth"},"share_on_mastodon":{"url":"https:\/\/pubeurope.com\/@de\/115225881768499744","error":""},"_links":{"self":[{"href":"https:\/\/www.europesays.com\/de\/wp-json\/wp\/v2\/posts\/432505","targetHints":{"allow":["GET"]}}],"collection":[{"href":"https:\/\/www.europesays.com\/de\/wp-json\/wp\/v2\/posts"}],"about":[{"href":"https:\/\/www.europesays.com\/de\/wp-json\/wp\/v2\/types\/post"}],"author":[{"embeddable":true,"href":"https:\/\/www.europesays.com\/de\/wp-json\/wp\/v2\/users\/2"}],"replies":[{"embeddable":true,"href":"https:\/\/www.europesays.com\/de\/wp-json\/wp\/v2\/comments?post=432505"}],"version-history":[{"count":0,"href":"https:\/\/www.europesays.com\/de\/wp-json\/wp\/v2\/posts\/432505\/revisions"}],"wp:featuredmedia":[{"embeddable":true,"href":"https:\/\/www.europesays.com\/de\/wp-json\/wp\/v2\/media\/432506"}],"wp:attachment":[{"href":"https:\/\/www.europesays.com\/de\/wp-json\/wp\/v2\/media?parent=432505"}],"wp:term":[{"taxonomy":"category","embeddable":true,"href":"https:\/\/www.europesays.com\/de\/wp-json\/wp\/v2\/categories?post=432505"},{"taxonomy":"post_tag","embeddable":true,"href":"https:\/\/www.europesays.com\/de\/wp-json\/wp\/v2\/tags?post=432505"}],"curies":[{"name":"wp","href":"https:\/\/api.w.org\/{rel}","templated":true}]}}