{"id":432562,"date":"2025-09-18T15:26:12","date_gmt":"2025-09-18T15:26:12","guid":{"rendered":"https:\/\/www.europesays.com\/de\/432562\/"},"modified":"2025-09-18T15:26:12","modified_gmt":"2025-09-18T15:26:12","slug":"fussball-bundesliga-aergerlich-freiburgs-trainer-julian-schuster-muss-offensive-in-bremen-neu-ordnen","status":"publish","type":"post","link":"https:\/\/www.europesays.com\/de\/432562\/","title":{"rendered":"Fu\u00dfball | Bundesliga: &#8222;\u00c4rgerlich&#8220;: Freiburgs Trainer Julian Schuster muss Offensive in Bremen neu ordnen"},"content":{"rendered":"<p class=\"metatextline\">Stand: 18.09.2025 16:53 Uhr<\/p>\n<p class=\"textabsatz columns twelve  m-ten  m-offset-one l-eight l-offset-two\">\n        <strong>Der SC Freiburg muss am Samstag (15:30 Uhr, live in SWR1 Stadion) beim SV Werder Bremen ran. Julian Schuster muss in der Offensive Johan Manzambi ersetzen &#8211; was den Trainer zum Nachdenken zwingt.<\/strong>\n    <\/p>\n<p class=\"textabsatz m-ten m-offset-one l-eight l-offset-two columns twelve\">Auch auf Nachfrage wollte sich Julian Schuster nicht in die Karten blicken lassen. Er habe ein, zwei L\u00f6sungen im Kopf, sagte der Trainer des SC Freiburg zu seinen Pl\u00e4nen, wie er den Ausfall von <a href=\"https:\/\/www.swr.de\/sport\/fussball\/johan-manzambi-sc-freiburgs-neuer-kreativspieler-100.html\" title=\"Mittelfeld-Juwel Johan Manzambi\" class=\"textlink--extern\" target=\"_blank\" rel=\"noopener\">Mittelfeld-Juwel Johan Manzambi<\/a> auffangen k\u00f6nnte. Wie die genau aussehen, zeigt sich aber wohl erst am Samstag &#8211; beim Ausw\u00e4rtsspiel in der Bundesliga gegen den SV Werder Bremen.<\/p>\n<p class=\"textabsatz m-ten m-offset-one l-eight l-offset-two columns twelve\">Manzambis Sperre stellt Schuster vor eine Denkaufgabe. Und das Angriffsspiel des SC vor eine Herausforderung. Der 19-J\u00e4hrige sei &#8222;offensiv in der Lage, Akzente zu setzen, die gut tun und es dem Gegner schwer machen&#8220;, sagte Schuster.<\/p>\n<p>    Johan Manzambi fehlt wegen Roter Karte gegen den VfB Stuttgart<\/p>\n<p class=\"textabsatz m-ten m-offset-one l-eight l-offset-two columns twelve\">Manzambi ist eine Art Senkrechtstarter, war zuletzt unumstrittene Stammkraft in Freiburg, stand in allen bisherigen Pflichtspielen der noch jungen Saison in der Startelf. Nun muss er zwei Liga-Partien aussetzen. Wegen einer unn\u00f6tigen Roten Karte.\u00a0<\/p>\n<p>    Julian Schuster: &#8222;H\u00e4tte nicht sein m\u00fcssen&#8220;<\/p>\n<p class=\"textabsatz m-ten m-offset-one l-eight l-offset-two columns twelve\">Der Schweizer hatte Gegenspieler Ramon Hendriks <a href=\"https:\/\/www.swr.de\/sport\/fussball\/sc-freiburg-sieg-vfb-stuttgart-matanovic-100.html\" title=\"beim 3:1-Sieg gegen den VfB Stuttgart am vergangenen Samstag\" class=\"textlink--extern\" target=\"_blank\" rel=\"noopener\">beim 3:1-Sieg gegen den VfB Stuttgart am vergangenen Samstag<\/a> in der Nachspielzeit mit dem hohen Bein am Kopf getroffen. &#8222;Das h\u00e4tte nicht sein m\u00fcssen &#8211; auch in dieser Situation&#8220;, meinte Schuster. Er nahm den Youngster aber auch in Schutz. &#8222;Wir haben sehr viel Einsatz und Wille verlangt&#8220;, erkl\u00e4rte der Coach. Da k\u00f6nne es dann auch mal passieren, &#8222;dass die eine oder andere Aktion etwas dr\u00fcber ist&#8220;.<\/p>\n<p class=\"textabsatz m-ten m-offset-one l-eight l-offset-two columns twelve\">&#8222;Leidenschaft und Energie&#8220; zu sehen, war Schuster laut eigener Aussage nach dem schwachen Saisonstart zuvor ohnehin das Wichtigste. Die drei Tore in den letzten zehn Minuten des Landesduells und die damit verbundenen ersten drei Punkte in dieser Saison sollen dem SC nun einen Schub geben &#8211; ob mit oder ohne Manzambi, der zumindest beim Europa-League-Auftakt gegen den FC Basel in der kommenden Woche aber spielberechtigt ist.<\/p>\n<p>    Auch Werder Bremen im Aufwind<\/p>\n<p class=\"textabsatz m-ten m-offset-one l-eight l-offset-two columns twelve\">Man habe den &#8222;richtigen Umgang&#8220; mit dem verkorksten Auftakt und den zwei vorangegangenen Niederlagen gegen den FC Augsburg (1:3) und beim 1. FC K\u00f6ln (1:4) gefunden, meinte Schuster. Letztlich sei der Sieg gegen Stuttgart aber auch nur &#8222;ein Schritt&#8220; gewesen, so der 40-J\u00e4hrige, &#8222;mehr nicht&#8220;.<\/p>\n<p class=\"textabsatz m-ten m-offset-one l-eight l-offset-two columns twelve\">In Bremen soll der n\u00e4chste folgen. Gegen ein Team in \u00e4hnlicher Verfassung. Auch die Hanseaten mit ihrem neuen Trainer Horst Steffen feierten nach dem holprigen Start durch das 4:0 bei Borussia M\u00f6nchengladbach zuletzt einen Befreiungsschlag. Ob er sie eher attackierend oder abwartend erwarte? &#8222;Sie k\u00f6nnen beides&#8220;, sagte Schuster.<\/p>\n<p class=\"textabsatz m-ten m-offset-one l-eight l-offset-two columns twelve\">Vergangene Saison gewannen seine Freiburger beide Liga-Duelle mit Werder &#8211; auch ohne Manzambi in der Startelf.<\/p>\n<p class=\"textabsatz m-ten m-offset-one l-eight l-offset-two columns twelve\">Sendung am Do., 18.9.2025 15:00 Uhr, SWR Aktuell am Nachmittag, SWR Aktuell<\/p>\n<p>                                        <a class=\"backlink__link\" href=\"https:\/\/www.swr.de\/sport\/fussball\/sc-freiburg-werder-bremen-vorbericht-100.html\" target=\"_blank\" rel=\"noopener\"><\/p>\n<p>                                                <img decoding=\"async\" src=\"https:\/\/images.sportschau.de\/image\/d14251d0-d158-4797-a47c-e97e1e58a56b\/AAABlap_vas\/AAABmKJi16M\/original\/lra-swr-logo-100.svg\" alt=\"S\u00fcdwestrundfunk\"\/><\/p>\n<p>                                        <\/a><\/p>\n","protected":false},"excerpt":{"rendered":"Stand: 18.09.2025 16:53 Uhr Der SC Freiburg muss am Samstag (15:30 Uhr, live in SWR1 Stadion) beim SV&hellip;\n","protected":false},"author":2,"featured_media":432563,"comment_status":"","ping_status":"","sticky":false,"template":"","format":"standard","meta":{"footnotes":""},"categories":[1824],"tags":[2420,3364,29,30,298,1755],"class_list":{"0":"post-432562","1":"post","2":"type-post","3":"status-publish","4":"format-standard","5":"has-post-thumbnail","7":"category-bremen","8":"tag-bremen","9":"tag-de","10":"tag-deutschland","11":"tag-germany","12":"tag-sc-freiburg","13":"tag-swr"},"share_on_mastodon":{"url":"https:\/\/pubeurope.com\/@de\/115226003742900953","error":""},"_links":{"self":[{"href":"https:\/\/www.europesays.com\/de\/wp-json\/wp\/v2\/posts\/432562","targetHints":{"allow":["GET"]}}],"collection":[{"href":"https:\/\/www.europesays.com\/de\/wp-json\/wp\/v2\/posts"}],"about":[{"href":"https:\/\/www.europesays.com\/de\/wp-json\/wp\/v2\/types\/post"}],"author":[{"embeddable":true,"href":"https:\/\/www.europesays.com\/de\/wp-json\/wp\/v2\/users\/2"}],"replies":[{"embeddable":true,"href":"https:\/\/www.europesays.com\/de\/wp-json\/wp\/v2\/comments?post=432562"}],"version-history":[{"count":0,"href":"https:\/\/www.europesays.com\/de\/wp-json\/wp\/v2\/posts\/432562\/revisions"}],"wp:featuredmedia":[{"embeddable":true,"href":"https:\/\/www.europesays.com\/de\/wp-json\/wp\/v2\/media\/432563"}],"wp:attachment":[{"href":"https:\/\/www.europesays.com\/de\/wp-json\/wp\/v2\/media?parent=432562"}],"wp:term":[{"taxonomy":"category","embeddable":true,"href":"https:\/\/www.europesays.com\/de\/wp-json\/wp\/v2\/categories?post=432562"},{"taxonomy":"post_tag","embeddable":true,"href":"https:\/\/www.europesays.com\/de\/wp-json\/wp\/v2\/tags?post=432562"}],"curies":[{"name":"wp","href":"https:\/\/api.w.org\/{rel}","templated":true}]}}