{"id":432603,"date":"2025-09-18T15:49:10","date_gmt":"2025-09-18T15:49:10","guid":{"rendered":"https:\/\/www.europesays.com\/de\/432603\/"},"modified":"2025-09-18T15:49:10","modified_gmt":"2025-09-18T15:49:10","slug":"gunnar-schupelius-das-nachtflugverbot-am-ber-muss-gelockert-werden-regional","status":"publish","type":"post","link":"https:\/\/www.europesays.com\/de\/432603\/","title":{"rendered":"Gunnar Schupelius: Das Nachtflugverbot am BER muss gelockert werden | Regional"},"content":{"rendered":"<p>Berlin \u2013 <b>Flughafen Berlin, 26. Juli 2025 gegen Mitternacht. \u00a0Eurowings 5831 aus Alicante setzt zur Landung an. Als sich herausstellt, dass der Airbus wenige Sekunden nach null Uhr aufsetzen w\u00fcrde, bekommen die Piloten Landeverbot.<\/b><\/p>\n<p>Auch interessant<\/p>\n<p>Anzeige<\/p>\n<p>Auch interessant<\/p>\n<p>Anzeige<\/p>\n<p>In nur 84 (!) Metern H\u00f6he \u00fcber der Landebahn starten sie voll durch und fliegen nach Hannover. 212 Passagiere m\u00fcssen mit Bussen nach Berlin gefahren werden. Die Crew fliegt am Morgen leer nach Berlin zur\u00fcck.<\/p>\n<p>Solche Szenen spielen sich gar nicht so selten ab, denn die Berlin-Brandenburger Luftfahrtbeh\u00f6rde setzt das Nachtflugverbot mit eiserner Hand durch. Es gilt von 22 bis sechs Uhr. Bis 23.30 Uhr d\u00fcrfen besonders leise Maschinen noch fliegen und bis 0.00 Uhr versp\u00e4tete Fl\u00fcge landen.\u00a0<\/p>\n<p>Die kompromisslose Haltung der Luftfahrtbeh\u00f6rde trifft die preiswerten Fluggesellschaften besonders hart. Sie m\u00fcssen ihre Maschinen engmaschig fliegen lassen, um rentabel zu sein. Wenn sich Fl\u00fcge w\u00e4hrend des Tages wegen schlechten Wetters versp\u00e4ten, kann es sein, dass der Letzte nicht vor Mitternacht landen kann.<\/p>\n<p>Mehr zum Thema<\/p>\n<p>Die Fluggesellschaften protestieren immer wieder gegen die rigide Null-Uhr-Grenze in Berlin, finden aber kein Geh\u00f6r. Erstmals hat sich jetzt Berlins Flughafenchefin Aletta von Massenbach in die Debatte eingemischt. Sie k\u00f6nne den Wunsch nach einer Lockerung der Nachtflugregeln verstehen, sagte sie in einem Interview mit der \u201eM\u00e4rkischen Allgemeinen Zeitung\u201c. Andere Flugh\u00e4fen seien viel kulanter.<\/p>\n<p>Sie nannte ein konkretes Beispiel: \u201eRyanair kostet es viel Geld, weil alles durcheinanderger\u00e4t, wenn der Flieger abends nicht in Berlin in die Garage kommt und am n\u00e4chsten Morgen nicht wieder losfliegen kann.\u201c Und sie warnte: \u201eAls Folge wandern die Airlines dann vom BER ab.\u201c<\/p>\n<p>Auch der Regierende B\u00fcrgermeister Wegner (CDU) spricht sich f\u00fcr eine Lockerung des Nachtflugverbots aus. Er wolle deshalb \u201edas Gespr\u00e4ch mit Brandenburg suchen, ob es Ausnahmen bei geringf\u00fcgigen Abweichungen geben kann.\u201c<\/p>\n<p>Mehr zum Thema<\/p>\n<p>Doch das Gespr\u00e4ch mit Brandenburg kommt nicht zustande, denn die Potsdamer Regierung l\u00e4sst nicht mit sich reden. Der zust\u00e4ndige Infrastrukturminister Detlef Tabbert vom B\u00fcndnis Sahra Wagenknecht (BSW) sagte dem RBB: \u201eWir werden das Nachtflugverbot einhalten!\u201c Er bekommt die R\u00fcckendeckung des Ministerpr\u00e4sidenten Dietmar Woidke (<a href=\"https:\/\/www.bild.de\/politik\/inland\/spd\/spd-alle-infos-76661710.bild.html\" class=\"text-link\" target=\"_blank\" rel=\"noopener\">SPD<\/a>), der um W\u00e4hlerstimmen in den Einflugschneisen f\u00fcrchtet und deshalb das Nachtflugverbot sogar noch versch\u00e4rfen wollte.<\/p>\n<p><a href=\"https:\/\/www.bild.de\/regional\/berlin\/berlin-regional\/home-15823246.bild.html\" class=\"text-link\" target=\"_blank\" rel=\"noopener\">Berlin<\/a> hat nur einen Flughafen \u2013 das ist ohnehin ungew\u00f6hnlich f\u00fcr eine Hauptstadt. Auf diesem Flughafen wird der Flugverkehr durch Pedanterie auch noch behindert. Das kann so nicht bleiben.<\/p>\n<p>Wenn das eine oder andere Flugzeug nach null Uhr landet, ist das f\u00fcr die Anwohner noch lange keine Katastrophe.<\/p>\n<p>Der Flughafen ist von allergr\u00f6\u00dfter wirtschaftlicher Bedeutung f\u00fcr die Region. Daf\u00fcr fehlt in der Landesregierung <a href=\"https:\/\/www.bild.de\/regional\/brandenburg\/home-4iuSIwgeKB4eBkcDkDKD\" class=\"text-link\" target=\"_blank\" rel=\"noopener\">Brandenburg<\/a> offenbar vollkommen das Verst\u00e4ndnis.<\/p>\n<p><b>Hat Gunnar Schupelius recht? Schreiben Sie an: <\/b><a href=\"https:\/\/www.bild.de\/regional\/berlin\/mailto:gunnar.schupelius@axelspringer.de\" rel=\"noopener\" class=\"text-link--external text-link\" target=\"_blank\"><b>gunnar.schupelius@axelspringer.de<\/b><\/a><\/p>\n","protected":false},"excerpt":{"rendered":"Berlin \u2013 Flughafen Berlin, 26. Juli 2025 gegen Mitternacht. \u00a0Eurowings 5831 aus Alicante setzt zur Landung an. Als&hellip;\n","protected":false},"author":2,"featured_media":432604,"comment_status":"","ping_status":"","sticky":false,"template":"","format":"standard","meta":{"footnotes":""},"categories":[1825],"tags":[296,29,538,458,2109,12183,30,45],"class_list":{"0":"post-432603","1":"post","2":"type-post","3":"status-publish","4":"format-standard","5":"has-post-thumbnail","7":"category-berlin","8":"tag-berlin","9":"tag-deutschland","10":"tag-erste-bundesliga","11":"tag-fc-bayern-muenchen","12":"tag-flughafen","13":"tag-flughafen-berlin-brandenburg","14":"tag-germany","15":"tag-texttospeech"},"share_on_mastodon":{"url":"https:\/\/pubeurope.com\/@de\/115226094116748584","error":""},"_links":{"self":[{"href":"https:\/\/www.europesays.com\/de\/wp-json\/wp\/v2\/posts\/432603","targetHints":{"allow":["GET"]}}],"collection":[{"href":"https:\/\/www.europesays.com\/de\/wp-json\/wp\/v2\/posts"}],"about":[{"href":"https:\/\/www.europesays.com\/de\/wp-json\/wp\/v2\/types\/post"}],"author":[{"embeddable":true,"href":"https:\/\/www.europesays.com\/de\/wp-json\/wp\/v2\/users\/2"}],"replies":[{"embeddable":true,"href":"https:\/\/www.europesays.com\/de\/wp-json\/wp\/v2\/comments?post=432603"}],"version-history":[{"count":0,"href":"https:\/\/www.europesays.com\/de\/wp-json\/wp\/v2\/posts\/432603\/revisions"}],"wp:featuredmedia":[{"embeddable":true,"href":"https:\/\/www.europesays.com\/de\/wp-json\/wp\/v2\/media\/432604"}],"wp:attachment":[{"href":"https:\/\/www.europesays.com\/de\/wp-json\/wp\/v2\/media?parent=432603"}],"wp:term":[{"taxonomy":"category","embeddable":true,"href":"https:\/\/www.europesays.com\/de\/wp-json\/wp\/v2\/categories?post=432603"},{"taxonomy":"post_tag","embeddable":true,"href":"https:\/\/www.europesays.com\/de\/wp-json\/wp\/v2\/tags?post=432603"}],"curies":[{"name":"wp","href":"https:\/\/api.w.org\/{rel}","templated":true}]}}