{"id":432626,"date":"2025-09-18T16:03:10","date_gmt":"2025-09-18T16:03:10","guid":{"rendered":"https:\/\/www.europesays.com\/de\/432626\/"},"modified":"2025-09-18T16:03:10","modified_gmt":"2025-09-18T16:03:10","slug":"schaden-an-haus-in-polen-untersuchung-deutet-auf-westliche-rakete-hin","status":"publish","type":"post","link":"https:\/\/www.europesays.com\/de\/432626\/","title":{"rendered":"Schaden an Haus in Polen: Untersuchung deutet auf westliche Rakete hin"},"content":{"rendered":"<p class=\"metatextline\">Stand: 18.09.2025 17:11 Uhr<\/p>\n<p class=\"textabsatz columns twelve  m-ten  m-offset-one l-eight l-offset-two\">\n        <strong>Nach dem Eindringen russischer Drohnen in Polens Luftraum gingen Bilder von einem besch\u00e4digten Haus um die Welt. Nun gibt es Hinweise, dass die Rakete eines westlichen Kampfjets f\u00fcr den Schaden verantwortlich ist.<\/strong>\n    <\/p>\n<p class=\"textabsatz m-ten m-offset-one l-eight l-offset-two columns twelve\">Ein in Polen nach dem Eindringen russischer Drohnen besch\u00e4digtes Haus ist nach Regierungsangaben h\u00f6chstwahrscheinlich von der Rakete eines westlichen Kampfjets getroffen worden. &#8222;Alles deutet darauf hin, dass das eine Rakete war, die von unserem Flugzeug bei der Verteidigung Polens abgefeuert wurde&#8220;, sagte der Koordinator der polnischen Geheimdienste, Tomasz Siemoniak. Man m\u00fcsse aber die Ergebnisse der laufenden Ermittlungen abwarten, um sicherzugehen.<\/p>\n<p class=\"textabsatz m-ten m-offset-one l-eight l-offset-two columns twelve\">Auch die Staatsanwaltschaft verwies auf die noch laufenden Untersuchungen. &#8222;Die Ermittlungen befinden sich noch in einem fr\u00fchen Stadium, und wir m\u00fcssen die Meinung der Experten abwarten, um sagen zu k\u00f6nnen, welche Art von Waffen dieses Haus besch\u00e4digt haben&#8220;, sagte die Sprecherin der Staatsanwaltschaft, Anna Adamiak, der Nachrichtenagentur AFP.<\/p>\n<p class=\"textabsatz m-ten m-offset-one l-eight l-offset-two columns twelve\">In der vergangenen Woche waren in der Nacht zum Mittwoch <a href=\"https:\/\/www.tagesschau.de\/ausland\/europa\/polen-drohne-russland-102.html\" title=\"Polen schie\u00dft erstmals russische Drohnen ab\" rel=\"nofollow noopener\" target=\"_blank\">mindestens 19 russische Drohnen teils hunderte Kilometer weit in den Luftraum des NATO-Mitglieds Polen eingedrungen<\/a>. Daraufhin waren polnische F-16 Kampfjets und in Polen stationierte Maschinen vom Typ F-35 aufgestiegen. Die Drohnen wurden abgeschossen oder st\u00fcrzten ab.\u00a0<\/p>\n<p>    Bericht: Rakete hatte Defekt an Steuerungssystem<\/p>\n<p class=\"textabsatz m-ten m-offset-one l-eight l-offset-two columns twelve\">Die Bilder vom besch\u00e4digten Dach des Hauses im ostpolnischen Dorf Wyryki, 15 Kilometer von der Grenze zu Belarus, gingen um die Welt. Die Besch\u00e4digung des Hauses in Wyryki war der einzige offiziell festgestellte Schaden. Verletzte gab es nicht.<\/p>\n<p class=\"textabsatz m-ten m-offset-one l-eight l-offset-two columns twelve\">Bereits am Montag hatte die polnische Tageszeitung Rzeczpospolita unter Berufung auf anonyme Quellen in der Armee berichtet, dass eine polnische Luft-Luft-Rakete vom Typ AIM-120 AMRAAM, die von einem F-16-Kampfflugzeug abgefeuert wurde, auf das Haus gefallen sei.<\/p>\n<p class=\"textabsatz m-ten m-offset-one l-eight l-offset-two columns twelve\">Die Rakete, deren Wert Milit\u00e4rexperten auf 850.000 Euro sch\u00e4tzen, habe einen Defekt im Steuerungssystem gehabt. Ein anderes System, das den Sprengkopf entsch\u00e4rfte, funktionierte demnach jedoch einwandfrei, so dass es nicht zu einer Explosion kam. Die aus Metall gefertigte Rakete habe ein Loch in das Dach geschlagen und sei in einen Raum im Obergeschoss gefallen. Verletzt wurde bei dem Einschlag niemand.<\/p>\n<p>    Streit zwischen Pr\u00e4sident und Ministerpr\u00e4sident entbrannt<\/p>\n<p class=\"textabsatz m-ten m-offset-one l-eight l-offset-two columns twelve\">Der Zeitungsbericht l\u00f6ste einen Konflikt zwischen dem rechtskonservativen Pr\u00e4sidenten Karol Nawrocki und der Mitte-Links-Regierung von Ministerpr\u00e4sident Donald Tusk aus. Der Pr\u00e4sident verlange von der Regierung eine sofortige Aufkl\u00e4rung der Ereignisse in Wyryki, schrieb Nawrockis B\u00fcro f\u00fcr Nationale Sicherheit auf der Plattform X. Es d\u00fcrfe keine Information verheimlicht werden.<\/p>\n<p class=\"textabsatz m-ten m-offset-one l-eight l-offset-two columns twelve\">Regierungschef Tusk reagierte scharf. &#8222;Die gesamte Verantwortung f\u00fcr die Sch\u00e4den am Haus in Wyryki liegt bei den Urhebern der Drohnenprovokation, also bei Russland&#8220;, schrieb er auf X. Die zust\u00e4ndigen Beh\u00f6rden w\u00fcrden den Pr\u00e4sidenten und die Bev\u00f6lkerung nach Abschluss der Ermittlungen informieren.<\/p>\n<p class=\"textabsatz m-ten m-offset-one l-eight l-offset-two columns twelve\">Unter anderem Deutschland und Frankreich k\u00fcndigten als Reaktion eine <a href=\"https:\/\/www.tagesschau.de\/ausland\/europa\/luftraum-lettland-polen-100.html\" title=\"Bundeswehr weitet Luftraum-Kontrolle \u00fcber Polen aus\" rel=\"nofollow noopener\" target=\"_blank\">Verst\u00e4rkung ihres Beitrags zur Luftverteidigung Polens<\/a> entlang seiner Ostgrenze zur Ukraine und Belarus an, die NATO verk\u00fcndete einen <a href=\"https:\/\/www.tagesschau.de\/ausland\/nato-ostflanke-100.html\" title=\"NATO will Flanke zu Russland st\u00e4rken\" rel=\"nofollow noopener\" target=\"_blank\">Einsatz zur St\u00e4rkung der NATO-Ostflanke<\/a>.<\/p>\n","protected":false},"excerpt":{"rendered":"Stand: 18.09.2025 17:11 Uhr Nach dem Eindringen russischer Drohnen in Polens Luftraum gingen Bilder von einem besch\u00e4digten Haus&hellip;\n","protected":false},"author":2,"featured_media":432627,"comment_status":"","ping_status":"","sticky":false,"template":"","format":"standard","meta":{"footnotes":""},"categories":[3],"tags":[13,14,15,3917,307,12,10,8,9,11,103,104],"class_list":{"0":"post-432626","1":"post","2":"type-post","3":"status-publish","4":"format-standard","5":"has-post-thumbnail","7":"category-welt","8":"tag-headlines","9":"tag-nachrichten","10":"tag-news","11":"tag-polen","12":"tag-russland","13":"tag-schlagzeilen","14":"tag-top-news","15":"tag-top-meldungen","16":"tag-topmeldungen","17":"tag-topnews","18":"tag-welt","19":"tag-world"},"share_on_mastodon":{"url":"https:\/\/pubeurope.com\/@de\/115226149179036889","error":""},"_links":{"self":[{"href":"https:\/\/www.europesays.com\/de\/wp-json\/wp\/v2\/posts\/432626","targetHints":{"allow":["GET"]}}],"collection":[{"href":"https:\/\/www.europesays.com\/de\/wp-json\/wp\/v2\/posts"}],"about":[{"href":"https:\/\/www.europesays.com\/de\/wp-json\/wp\/v2\/types\/post"}],"author":[{"embeddable":true,"href":"https:\/\/www.europesays.com\/de\/wp-json\/wp\/v2\/users\/2"}],"replies":[{"embeddable":true,"href":"https:\/\/www.europesays.com\/de\/wp-json\/wp\/v2\/comments?post=432626"}],"version-history":[{"count":0,"href":"https:\/\/www.europesays.com\/de\/wp-json\/wp\/v2\/posts\/432626\/revisions"}],"wp:featuredmedia":[{"embeddable":true,"href":"https:\/\/www.europesays.com\/de\/wp-json\/wp\/v2\/media\/432627"}],"wp:attachment":[{"href":"https:\/\/www.europesays.com\/de\/wp-json\/wp\/v2\/media?parent=432626"}],"wp:term":[{"taxonomy":"category","embeddable":true,"href":"https:\/\/www.europesays.com\/de\/wp-json\/wp\/v2\/categories?post=432626"},{"taxonomy":"post_tag","embeddable":true,"href":"https:\/\/www.europesays.com\/de\/wp-json\/wp\/v2\/tags?post=432626"}],"curies":[{"name":"wp","href":"https:\/\/api.w.org\/{rel}","templated":true}]}}