{"id":432868,"date":"2025-09-18T18:14:12","date_gmt":"2025-09-18T18:14:12","guid":{"rendered":"https:\/\/www.europesays.com\/de\/432868\/"},"modified":"2025-09-18T18:14:12","modified_gmt":"2025-09-18T18:14:12","slug":"rote-markierungen-an-wichtiger-evinger-kreuzung-muessen-warten","status":"publish","type":"post","link":"https:\/\/www.europesays.com\/de\/432868\/","title":{"rendered":"Rote Markierungen an wichtiger Evinger Kreuzung m\u00fcssen warten"},"content":{"rendered":"<p>Der Radweg an der Derner Stra\u00dfe soll rot markiert werden \u2013 doch Stra\u00dfenNRW stuft die Ma\u00dfnahme nur als zweitrangig ein.<\/p>\n<p>Trotz intensiver Bem\u00fchungen wird es noch dauern, bis der Radweg im Kreuzungsbereich Derner Stra\u00dfe \/ Bayrische Stra\u00dfe in Dortmund-Eving mit einer gut sichtbaren Rotmarkierung versehen wird. Hintergrund ist ein Antrag der Fraktion B\u00fcndnis 90\/Die Gr\u00fcnen aus Juni 24 in der Bezirksvertretung Eving.<\/p>\n<p>Zust\u00e4ndig f\u00fcr die Kreuzung ist der Landesbetrieb Stra\u00dfenNRW. Dieser lehnte im Februar zun\u00e4chst ab: Die vorhandene Ampelschaltung biete eine gesicherte F\u00fchrung f\u00fcr Radfahrende, eine zus\u00e4tzliche Markierung sei daher nicht erforderlich. Das Tiefbauamt der Stadt Dortmund widersprach und forderte erneut eine Hervorhebung, weil eine Rotmarkierung aus seiner Sicht die Verkehrssicherheit deutlich erh\u00f6hen w\u00fcrde.<\/p>\n<p>Inzwischen hat sich Stra\u00dfenNRW der Einsch\u00e4tzung der Stadt angeschlossen und die Ma\u00dfnahme in die Markierungsliste aufgenommen. Allerdings hat die Regionalniederlassung Ruhr bei der diesj\u00e4hrigen Ausschreibung entschieden, zuerst nur Markierungen mit h\u00f6chster Priorit\u00e4t umzusetzen. Vorrang haben Ma\u00dfnahmen, die nach Beschl\u00fcssen der Unfallkommission unmittelbar der Beseitigung von Unfallh\u00e4ufungsstellen dienen. Erst danach werden weitere Vorhaben abgearbeitet. Wann die Rotmarkierung an der Derner Stra\u00dfe tats\u00e4chlich umgesetzt wird, bleibt deshalb weiterhin unklar.<\/p>\n<p>\t\t<a href=\"https:\/\/www.ruhrnachrichten.de\/dortmund-nordost\/eving-kompakt-stadtbezirk-kostenloser-newsletter-w1062582-2001758362\/\" rel=\"nofollow noopener\" aria-hidden=\"true\" tabindex=\"-1\" title=\"Eving Kompakt \u2013 Wissen, was im Stadtbezirk los ist! Neuer kostenloser Newsletter\" aria-label=\"Eving Kompakt \u2013 Wissen, was im Stadtbezirk los ist! Neuer kostenloser Newsletter\" target=\"_blank\"><\/p>\n<p>                <img decoding=\"async\" src=\"https:\/\/www.europesays.com\/de\/wp-content\/uploads\/2025\/08\/630_0900_4925614_Product_Card_Mock_Up_Eving-160x160.jpg\"  width=\"160\" height=\"160\" alt=\"Der Hammerkopfturm der Zeche Minister Stein in Eving mit einem Screenshot des neuen Newsletters.\" loading=\"lazy\"\/><\/p>\n<p>\t\t<\/a><\/p>\n<p>\t\t<a href=\"https:\/\/www.ruhrnachrichten.de\/dortmund-nordost\/vandalismus-stoppt-hightech-im-park-stadtverwaltung-kuendigt-neue-ausschreibung-an-w1076245-2001811620\/\" rel=\"nofollow noopener\" aria-hidden=\"true\" tabindex=\"-1\" title=\"Vandalismus Ladestationen im Externbergpark schon kurz nach Er\u00f6ffnung zerst\u00f6rt\" aria-label=\"Vandalismus Ladestationen im Externbergpark schon kurz nach Er\u00f6ffnung zerst\u00f6rt\" target=\"_blank\"><\/p>\n<p>                <img decoding=\"async\" src=\"https:\/\/www.europesays.com\/de\/wp-content\/uploads\/2025\/09\/630_0900_5039011_IMG_6597-160x160.jpg\"  width=\"160\" height=\"160\" alt=\"Die Ladestationen an der Parkour-Anlage im Externbergpark in Eving sind zerst\u00f6rt worden.\" loading=\"lazy\"\/><\/p>\n<p>\t\t<\/a><\/p>\n<p>\t\t<a href=\"https:\/\/www.ruhrnachrichten.de\/dortmund-nordost\/blitzer-an-der-kemminghauser-strasse-stadt-lehnt-tempolimit-trotz-senioreneinrichtung-ab-w1076133-2001804574\/\" rel=\"nofollow noopener\" aria-hidden=\"true\" tabindex=\"-1\" title=\"Blitzer-Zahlen von der Kemminghauser Stra\u00dfe Stadt lehnt Tempolimit trotz Senioreneinrichtung ab\" aria-label=\"Blitzer-Zahlen von der Kemminghauser Stra\u00dfe Stadt lehnt Tempolimit trotz Senioreneinrichtung ab\" target=\"_blank\"><\/p>\n<p>                <img decoding=\"async\" src=\"https:\/\/www.europesays.com\/de\/wp-content\/uploads\/2025\/09\/630_0900_5019114_Blitzer_Luenener_Str-160x160.jpg\"  width=\"160\" height=\"160\" alt=\"Ein sogenannte \u201eEnforcement Trailer\u201c stand im Februar f\u00fcr einige Tage an der Kemminghauser Stra\u00dfe (Symbolbild)\" loading=\"lazy\"\/><\/p>\n<p>\t\t<\/a><\/p>\n","protected":false},"excerpt":{"rendered":"Der Radweg an der Derner Stra\u00dfe soll rot markiert werden \u2013 doch Stra\u00dfenNRW stuft die Ma\u00dfnahme nur als&hellip;\n","protected":false},"author":2,"featured_media":432869,"comment_status":"","ping_status":"","sticky":false,"template":"","format":"standard","meta":{"footnotes":""},"categories":[1833],"tags":[3364,29,217,13484,30,1209,3587],"class_list":{"0":"post-432868","1":"post","2":"type-post","3":"status-publish","4":"format-standard","5":"has-post-thumbnail","7":"category-dortmund","8":"tag-de","9":"tag-deutschland","10":"tag-dortmund","11":"tag-eving","12":"tag-germany","13":"tag-nordrhein-westfalen","14":"tag-verkehr-mobilitaet"},"share_on_mastodon":{"url":"https:\/\/pubeurope.com\/@de\/115226664322236364","error":""},"_links":{"self":[{"href":"https:\/\/www.europesays.com\/de\/wp-json\/wp\/v2\/posts\/432868","targetHints":{"allow":["GET"]}}],"collection":[{"href":"https:\/\/www.europesays.com\/de\/wp-json\/wp\/v2\/posts"}],"about":[{"href":"https:\/\/www.europesays.com\/de\/wp-json\/wp\/v2\/types\/post"}],"author":[{"embeddable":true,"href":"https:\/\/www.europesays.com\/de\/wp-json\/wp\/v2\/users\/2"}],"replies":[{"embeddable":true,"href":"https:\/\/www.europesays.com\/de\/wp-json\/wp\/v2\/comments?post=432868"}],"version-history":[{"count":0,"href":"https:\/\/www.europesays.com\/de\/wp-json\/wp\/v2\/posts\/432868\/revisions"}],"wp:featuredmedia":[{"embeddable":true,"href":"https:\/\/www.europesays.com\/de\/wp-json\/wp\/v2\/media\/432869"}],"wp:attachment":[{"href":"https:\/\/www.europesays.com\/de\/wp-json\/wp\/v2\/media?parent=432868"}],"wp:term":[{"taxonomy":"category","embeddable":true,"href":"https:\/\/www.europesays.com\/de\/wp-json\/wp\/v2\/categories?post=432868"},{"taxonomy":"post_tag","embeddable":true,"href":"https:\/\/www.europesays.com\/de\/wp-json\/wp\/v2\/tags?post=432868"}],"curies":[{"name":"wp","href":"https:\/\/api.w.org\/{rel}","templated":true}]}}