{"id":432975,"date":"2025-09-18T19:12:14","date_gmt":"2025-09-18T19:12:14","guid":{"rendered":"https:\/\/www.europesays.com\/de\/432975\/"},"modified":"2025-09-18T19:12:14","modified_gmt":"2025-09-18T19:12:14","slug":"finanzen-im-krisenmodus-russland-trotzt-sanktionen-so-will-die-regierung-den-staatshaushalt-schuetzen","status":"publish","type":"post","link":"https:\/\/www.europesays.com\/de\/432975\/","title":{"rendered":"Finanzen im Krisenmodus: Russland trotzt Sanktionen: So will die Regierung den Staatshaushalt sch\u00fctzen"},"content":{"rendered":"<p id=\"newsArticleSummary\">\n        Russland reagiert mit neuen Finanzregeln auf die westlichen Sanktionen. Der Haushalt soll stabiler werden, w\u00e4hrend \u00d6lpreis-Schwankungen abgefedert werden.    <\/p>\n<p>\n  Russland plant drastische \u00c4nderungen im Staatshaushalt, um die Finanzreserven gegen fallende \u00d6lpreise und westliche Sanktionen zu sichern. Das Finanzministerium k\u00fcndigte am Donnerstag eine neue<br \/>\n  Ma\u00dfnahme an, die ab dem kommenden Jahr umgesetzt werden soll. Ziel ist es, den Mindestpreis f\u00fcr \u00d6l zu senken, ab dem Einnahmen in den Haushaltsreservefonds flie\u00dfen, und so die R\u00fccklagen des Landes<br \/>\n  stabil zu halten.\n<\/p>\n<p>\n  &#8222;Um unsere Finanzen widerstandsf\u00e4higer zu machen, schlagen wir vor, die Abh\u00e4ngigkeit von verschiedenen Zw\u00e4ngen, sei es preis- oder volumenbedingt, im Budget gegen\u00fcber \u00d6l- und Gaseinnahmen zu<br \/>\n  verringern&#8220;, sagte Finanzminister Anton Siluanov in einem \u00f6ffentlichen Forum.\n<\/p>\n<p>                                        <a style=\"text-decoration:none;\" href=\"https:\/\/www.wallstreet-online.de\/nachrichten\/autor\/wallstreet-online-redaktion\" target=\"_blank\" rel=\"noopener\"><br \/>\n                                <img style=\"padding: 0 10px 10px 0;\" class=\"img-fluid d-block loadOnSight\" rel=\"\/\/assets.wallstreet-online.de\/_media\/3278\/nl\/size_59\/bild-2023-07-26-162724843.png\" alt=\"Autor\"\/><\/p>\n<p>                            <\/a><\/p>\n<p>wallstreetONLINE Redaktion<\/p>\n<p>0 Follower                    <\/p>\n<p>                                <img style=\"padding: 0 10px 10px 0;\" class=\"img-fluid d-block loadOnSight\" rel=\"\/\/assets.wallstreet-online.de\/_media\/3278\/nl\/size_59\/bild-2023-07-26-162724843.png\" alt=\"Autor\"\/><\/p>\n<p>\n                            Mehr anzeigen\n                        <\/p>\n<p>Melden Sie sich <a href=\"https:\/\/www.wallstreet-online.de\/newsletter\" target=\"_blank\" rel=\"noopener\">HIER f\u00fcr den Newsletter der wallstreetONLINE Redaktion an<\/a> &#8211; alle Top-Themen der B\u00f6rsenwoche im \u00dcberblick! Verpassen Sie kein wichtiges Anleger-Thema!&#13;\n<\/p>\n<p>&#13;<br \/>\nF\u00fcr Beitr\u00e4ge auf diesem journalistischen Channel ist die Chefredaktion der wallstreetONLINE Redaktion verantwortlich.<\/p>\n<p>Die Fachjournalisten der wallstreetONLINE Redaktion berichten hier mit ihren Kolleginnen und Kollegen aus den Partnerredaktionen exklusiv, fundiert, ausgewogen sowie unabh\u00e4ngig f\u00fcr den Anleger.<\/p>\n<p>Die Zentralredaktion recherchiert intensiv, um Anlegern der Kategorie Selbstentscheider relevante Informationen f\u00fcr ihre Anlageentscheidungen liefern zu k\u00f6nnen.<\/p>\n<p>NEU: Podcast &#8222;B\u00f6rse, Baby!&#8220;<\/p>\n<p>\n                            Mehr anzeigen\n                        <\/p>\n<p>                        <a href=\"https:\/\/www.wallstreet-online.de\/rss\/nachrichten\/wallstreet-online-redaktion\" title=\"RSS-Feed des Autors wallstreetONLINE Redaktion\" target=\"_blank\" rel=\"noopener\"><img decoding=\"async\" src=\"https:\/\/assets.wallstreet-online.de\/frontend\/img\/icons\/icons\/rss.svg\" alt=\"RSS Icon\" class=\"imgSvg me-1\" style=\"width:16px;height:16px\"\/><\/a><a style=\"vertical-align:top;\" href=\"https:\/\/www.wallstreet-online.de\/rss\/nachrichten\/wallstreet-online-redaktion\" title=\"RSS-Feed des Autors wallstreetONLINE Redaktion\" target=\"_blank\" class=\"text-subdued-alpha\" rel=\"noopener\">RSS-Feed abonnieren<\/a><\/p>\n","protected":false},"excerpt":{"rendered":"Russland reagiert mit neuen Finanzregeln auf die westlichen Sanktionen. Der Haushalt soll stabiler werden, w\u00e4hrend \u00d6lpreis-Schwankungen abgefedert werden.&hellip;\n","protected":false},"author":2,"featured_media":432976,"comment_status":"","ping_status":"","sticky":false,"template":"","format":"standard","meta":{"footnotes":""},"categories":[4013],"tags":[331,332,13,14,15,1124,4043,4044,850,307,38815,1155,12],"class_list":{"0":"post-432975","1":"post","2":"type-post","3":"status-publish","4":"format-standard","5":"has-post-thumbnail","7":"category-russland","8":"tag-aktuelle-nachrichten","9":"tag-aktuelle-news","10":"tag-headlines","11":"tag-nachrichten","12":"tag-news","13":"tag-oelpreis","14":"tag-russia","15":"tag-russian-federation","16":"tag-russische-foederation","17":"tag-russland","18":"tag-russland-sanktionen","19":"tag-sanktionen","20":"tag-schlagzeilen"},"share_on_mastodon":{"url":"https:\/\/pubeurope.com\/@de\/115226892460640179","error":""},"_links":{"self":[{"href":"https:\/\/www.europesays.com\/de\/wp-json\/wp\/v2\/posts\/432975","targetHints":{"allow":["GET"]}}],"collection":[{"href":"https:\/\/www.europesays.com\/de\/wp-json\/wp\/v2\/posts"}],"about":[{"href":"https:\/\/www.europesays.com\/de\/wp-json\/wp\/v2\/types\/post"}],"author":[{"embeddable":true,"href":"https:\/\/www.europesays.com\/de\/wp-json\/wp\/v2\/users\/2"}],"replies":[{"embeddable":true,"href":"https:\/\/www.europesays.com\/de\/wp-json\/wp\/v2\/comments?post=432975"}],"version-history":[{"count":0,"href":"https:\/\/www.europesays.com\/de\/wp-json\/wp\/v2\/posts\/432975\/revisions"}],"wp:featuredmedia":[{"embeddable":true,"href":"https:\/\/www.europesays.com\/de\/wp-json\/wp\/v2\/media\/432976"}],"wp:attachment":[{"href":"https:\/\/www.europesays.com\/de\/wp-json\/wp\/v2\/media?parent=432975"}],"wp:term":[{"taxonomy":"category","embeddable":true,"href":"https:\/\/www.europesays.com\/de\/wp-json\/wp\/v2\/categories?post=432975"},{"taxonomy":"post_tag","embeddable":true,"href":"https:\/\/www.europesays.com\/de\/wp-json\/wp\/v2\/tags?post=432975"}],"curies":[{"name":"wp","href":"https:\/\/api.w.org\/{rel}","templated":true}]}}