{"id":433610,"date":"2025-09-19T01:17:14","date_gmt":"2025-09-19T01:17:14","guid":{"rendered":"https:\/\/www.europesays.com\/de\/433610\/"},"modified":"2025-09-19T01:17:14","modified_gmt":"2025-09-19T01:17:14","slug":"galerienrundgang-stuttgart-gebrauchsanweisung-fuer-den-art-alarm-in-stuttgart-alles-finden-alles-sehen-stuttgart","status":"publish","type":"post","link":"https:\/\/www.europesays.com\/de\/433610\/","title":{"rendered":"Galerienrundgang Stuttgart: Gebrauchsanweisung f\u00fcr den Art Alarm in Stuttgart \u2013 Alles finden, alles sehen &#8211; Stuttgart"},"content":{"rendered":"<p>\t\t\t\t\t\t\t\t\t\t\t\t\t\t\t\t\t\t\t\t\t\t\t\t\t\t\t\t\t\t\t\t\t\t\t\t   \t\t\t\t\t \t\t\t\t   \t      \t\t\t\t   <img decoding=\"async\" id=\"article-image\" fetchpriority=\"high\" alt=\"Galerienrundgang Stuttgart: Gebrauchsanweisung f\u00fcr den Art Alarm in Stuttgart \u2013 Alles finden, alles sehen\" title=\"Galerienrundgang Stuttgart: Gebrauchsanweisung f\u00fcr den Art Alarm in Stuttgart \u2013 Alles finden, alles sehen\" src=\"https:\/\/www.europesays.com\/de\/wp-content\/uploads\/2025\/09\/media.media.7887d1c3-affc-46f1-b5bc-08b79143ad91.original700.jpg\" data-linkto=\"https:\/\/www.esslinger-zeitung.de\/javascript:void(0);\"\/>\t\t\t\t\t\t\t\t\t\t\t\t\t\t\t\t\t\t\t\t\t\t\t\tZuim Art Alarm in der Galerie Sammlung Amann in Stuttgart (Schwabstra\u00dfe 69\/1) zu sehen: Werke von Bertram Bartl\u00a0Foto: Bertram Bartl \/ Galerie Sammlung Amann\t\t\t<\/p>\n<p>Wie funktioniert der Galerienrundgang Art Alarm in Stuttgart am 20. und 21. September? Wir fassen f\u00fcr Sie die wichtigsten Punkte zusammen.<\/p>\n<p>An diesem Samstag und Sonntag, 20. und 21. September, findet in <a href=\"https:\/\/www.esslinger-zeitung.de\/thema\/Stuttgart\" title=\"Stuttgart\" class=\"art_thema\" target=\"_blank\" rel=\"noopener\">Stuttgart<\/a> der<a href=\"https:\/\/www.art-alarm.de\/\" target=\"_blank\" rel=\"noopener\"> Galerienrundgang Art Alarm<\/a> statt. Wir haben Fragen und Antworten dazu.<\/p>\n<p>Was ist der Galerienrundgang Art Alarm in Stuttgart? <\/p>\n<p>Am 20. und 21. September zeigen 22 inhabergef\u00fchrte Galerien in Stuttgart eine vielf\u00e4ltige Auswahl von Positionen nationaler und internationaler Gegenwartskunst. In vielen der teilnehmenden Galerien sind die ausstellenden K\u00fcnstlerinnen und K\u00fcnstler anwesend. Die Galerien haben am Samstag, 20. September, von 11 bis 20 Uhr und am Sonntag, 21. September, von 11 bis 18 Uhr ge\u00f6ffnet. Organisiert wird der Galerienrundgang Art Alarm durch die Initiative Stuttgarter Galerien zeitgen\u00f6ssischer <a href=\"https:\/\/www.esslinger-zeitung.de\/thema\/Kunst\" title=\"Kunst\" class=\"art_thema\" target=\"_blank\" rel=\"noopener\">Kunst<\/a>.<\/p>\n<p>  <img decoding=\"async\" loading=\"lazy\" src=\"https:\/\/www.europesays.com\/de\/wp-content\/uploads\/2025\/09\/media.media.242adf02-63f0-4157-8291-ee980a7285ca.original1024.media.jpeg\"\/>     Von der Galerie Z zum Galerienrundgang Art Alarm in Stuttgart pr\u00e4sentiert: Marc Taschowskys \u201eMeditation\u201c    Foto: Marc Taschowsky    Wer ist beim Art Alarm Stuttgart dabei? <\/p>\n<p>Am <a href=\"https:\/\/www.art-alarm.de\/\" target=\"_blank\" rel=\"noopener\">Galerienrundgang Art Alarm<\/a> nehmen diese 22 Galerien teil:<\/p>\n<ul>\n<li>Galerie ABTART<\/li>\n<li>Galerie Sammlung Amann<\/li>\n<li>Galerie Klaus Braun<\/li>\n<li>Galerie von Braunbehrens<\/li>\n<li>Dengler und Dengler \u2013 Galerie f\u00fcr Sch\u00f6ne K\u00fcnste<\/li>\n<li>EXOgallery<\/li>\n<li>Kunsthaus Fr\u00f6lich<\/li>\n<li>Galerie Thomas Fuchs<\/li>\n<li>Hartmann Projects<\/li>\n<li>Galerie Elisabeth &amp; Reinhard Hauff<\/li>\n<li>Andreas Henn Kunsthandel Galerie<\/li>\n<li>Galerie Keim<\/li>\n<li>Galerie Kernweine<\/li>\n<li>Galerie Lauffer<\/li>\n<li>Brigitte March ICA<\/li>\n<li>Schacher \u2013 Raum f\u00fcr Kunst<\/li>\n<li>Galerie Schlichtenmaier<\/li>\n<li>Strzelski Galerie<\/li>\n<li>Galerie Michael Sturm<\/li>\n<li>Uno Art Space \u2013 Ute Noll<\/li>\n<li>Galerie Imke Valentien<\/li>\n<li>Galerie Z<\/li>\n<\/ul>\n<p> Was kostet mich der Art Alarm? <\/p>\n<p>Der Besuch der 22 Art Alarm-Galerien ist kostenlos. Alle Werke der pr\u00e4sentierten Ausstellungen sind k\u00e4uflich \u2013 zu Preisen zwischen 100 Euro und bis zu mehr als 100 000 Euro.<\/p>\n<p>Gibt es F\u00fchrungen zum Art Alarm? <\/p>\n<p>Die Unterst\u00fctzung der Stadt Stuttgart erm\u00f6glicht zum Galerienrundgang f\u00fcnf <a href=\"https:\/\/www.art-alarm.de\/tourenplan\" target=\"_blank\" rel=\"noopener\">kostenlose Touren mit hochkar\u00e4tigen Guides<\/a>. Anmelden kann man sich noch f\u00fcr die Tour 4. Treffpunkt ist am Sonntag, 21. September, um 14 Uhr die Galerie Andreas Henn (Wagenburgstra\u00dfe 4). Angesteuert werden von dort aus die Galerien Schacher \u2013 Raum f\u00fcr Kunst und Klaus Braun in der Innenstadt sowie die Galerie Keim in Stuttgart-Bad Cannstatt. Die Teilnahme ist kostenlos, eine Anmeldung ist notwendig \u2013 unter kontakt@art-alarm.de oder office@kunstkontaktet.de. Die F\u00fchrung wird prominent geleitet \u2013 von Susanne Kaufmann-Valet, in der Staatsgalerie Stuttgart f\u00fcr die Gegenwartskunst verantwortlich.<\/p>\n<p> Wie finde ich die Art Alarm-Galerien ? <\/p>\n<p>Eine schnelle Navigation \u00fcber alles Wissenswerte erm\u00f6glicht das Internetangebot. Die <a href=\"https:\/\/www.art-alarm.de\/citymap\" target=\"_blank\" rel=\"noopener\">mobile City Map<\/a> erm\u00f6glicht \u2013 jeweils vom eigenen Standpunkt aus \u2013 den schnellsten Weg von Galerie zu Galerie. Ein Angebot, das die Initiative Stuttgarter Galerien zeitgen\u00f6ssischer Kunst mit wesentlicher Unterst\u00fctzung der Stadt Stuttgart 2024 zum 25-Jahr-Jubil\u00e4um des Art Alarms entwickeln konnte.<\/p>\n","protected":false},"excerpt":{"rendered":"Zuim Art Alarm in der Galerie Sammlung Amann in Stuttgart (Schwabstra\u00dfe 69\/1) zu sehen: Werke von Bertram Bartl\u00a0Foto:&hellip;\n","protected":false},"author":2,"featured_media":433611,"comment_status":"","ping_status":"","sticky":false,"template":"","format":"standard","meta":{"footnotes":""},"categories":[1830],"tags":[10224,1634,3364,29,10223,30,80,2075,1441],"class_list":{"0":"post-433610","1":"post","2":"type-post","3":"status-publish","4":"format-standard","5":"has-post-thumbnail","7":"category-stuttgart","8":"tag-art-alarm","9":"tag-baden-wuerttemberg","10":"tag-de","11":"tag-deutschland","12":"tag-galerienrundgang-stuttgart","13":"tag-germany","14":"tag-kultur","15":"tag-kunst","16":"tag-stuttgart"},"share_on_mastodon":{"url":"https:\/\/pubeurope.com\/@de\/115228327953127090","error":""},"_links":{"self":[{"href":"https:\/\/www.europesays.com\/de\/wp-json\/wp\/v2\/posts\/433610","targetHints":{"allow":["GET"]}}],"collection":[{"href":"https:\/\/www.europesays.com\/de\/wp-json\/wp\/v2\/posts"}],"about":[{"href":"https:\/\/www.europesays.com\/de\/wp-json\/wp\/v2\/types\/post"}],"author":[{"embeddable":true,"href":"https:\/\/www.europesays.com\/de\/wp-json\/wp\/v2\/users\/2"}],"replies":[{"embeddable":true,"href":"https:\/\/www.europesays.com\/de\/wp-json\/wp\/v2\/comments?post=433610"}],"version-history":[{"count":0,"href":"https:\/\/www.europesays.com\/de\/wp-json\/wp\/v2\/posts\/433610\/revisions"}],"wp:featuredmedia":[{"embeddable":true,"href":"https:\/\/www.europesays.com\/de\/wp-json\/wp\/v2\/media\/433611"}],"wp:attachment":[{"href":"https:\/\/www.europesays.com\/de\/wp-json\/wp\/v2\/media?parent=433610"}],"wp:term":[{"taxonomy":"category","embeddable":true,"href":"https:\/\/www.europesays.com\/de\/wp-json\/wp\/v2\/categories?post=433610"},{"taxonomy":"post_tag","embeddable":true,"href":"https:\/\/www.europesays.com\/de\/wp-json\/wp\/v2\/tags?post=433610"}],"curies":[{"name":"wp","href":"https:\/\/api.w.org\/{rel}","templated":true}]}}