{"id":433792,"date":"2025-09-19T03:07:15","date_gmt":"2025-09-19T03:07:15","guid":{"rendered":"https:\/\/www.europesays.com\/de\/433792\/"},"modified":"2025-09-19T03:07:15","modified_gmt":"2025-09-19T03:07:15","slug":"ihr-abtauchen-tut-ihr-leid-bella-hadid-schockt-mit-drastischen-krankenhaus-bildern","status":"publish","type":"post","link":"https:\/\/www.europesays.com\/de\/433792\/","title":{"rendered":"Ihr Abtauchen tut ihr leid: Bella Hadid schockt mit drastischen Krankenhaus-Bildern"},"content":{"rendered":"<p>                    Ihr Abtauchen tut ihr leid<br \/>\n                Bella Hadid schockt mit drastischen Krankenhaus-Bildern<\/p>\n<p>\t\t\t\t              19.09.2025, 00:30 Uhr<\/p>\n<p>\t\t\t\t\t       Artikel anh\u00f6ren<\/p>\n<p>\t\t\t\t\t\t\tDiese Audioversion wurde k\u00fcnstlich generiert. <a href=\"https:\/\/www.n-tv.de\/23249898\" rel=\"nofollow noopener\" target=\"_blank\">Mehr Infos<\/a><\/p>\n<p><strong>Bella Hadid meldet sich mit besorgniserregenden Fotos bei ihren rund 61 Millionen Instagram-Followern. Die privaten Bilder zeigen das 28-j\u00e4hrige Model offenbar im Krankenhaus. Ihre Mutter und ihre Schwester schicken Genesungsw\u00fcnsche mit Andeutungen auf eine Borreliose-Erkrankung. <\/strong><\/p>\n<p>Bella Hadid scheint sich derzeit im Krankenhaus zu befinden. Das Model hat auf Instagram mit seinen Fans mehrere Bilder geteilt, die offenbar in einer Klinik aufgenommen wurden. Auf mehreren der Aufnahmen liegt die 28-J\u00e4hrige im Bett, sie ist an Schl\u00e4uche angeschlossen. Auf einem der Fotos tr\u00e4gt sie sogar eine Sauerstoffmaske. Andere Bilder zeigen unter anderem die Umgebung.<\/p>\n<p>Zu den Fotos entschuldigt sich Hadid in einem kurzen Kommentar bei ihren derzeit gut 61 Millionen Followern. Ihr tue es leid, dass sie immer wieder verschwinde oder abtauche. Fans antworten aber mit viel Liebe und Genesungsw\u00fcnschen. Auch ihre Mutter Yolanda und ihre Schwester Gigi melden sich kurz zu Wort. Die 61-j\u00e4hrige Yolanda Hadid bezeichnet Bella als &#8222;Lyme-Kriegerin&#8220; und postet dazu ein Herz-Emoji. &#8222;Ich liebe dich! Ich hoffe, du f\u00fchlst dich bald so stark und gut, wie du es verdienst!!!!!!&#8220;, schreibt ihre 30-j\u00e4hrige Schwester Gigi Hadid.<\/p>\n<p>Bella Hadid k\u00e4mpft gegen Lyme-Borreliose<\/p>\n<p>Den Grund f\u00fcr den Aufenthalt teilt sie nicht mit. Bereits seit l\u00e4ngerer Zeit ist allerdings bekannt, dass Bella Hadid gegen die Infektionskrankheit Lyme-Borreliose, auch einfach nur Borreliose oder Lyme-Krankheit, k\u00e4mpft. Diese wird durch Zeckenbisse \u00fcbertragen. Die 28-J\u00e4hrige erkl\u00e4rt auch nicht, wo sie sich aufh\u00e4lt. Auf einem der Fotos sind im Hintergrund aber offenbar eine Europa-, eine Deutschland- und eine Bayern-Flagge zu sehen.<\/p>\n<p>Im Sommer 2023 hatte Hadid mitgeteilt, dass sie sich zu diesem Zeitpunkt besser f\u00fchlte. Sie sei nach mehr als einem Jahrzehnt gesundheitlicher Probleme &#8222;endlich gesund&#8220;, schrieb sie damals bei Instagram. Sie habe &#8222;fast 15 Jahre unsichtbares Leid&#8220; ertragen, darunter &#8222;\u00fcber 100 Tage Lyme-Borreliose, chronische Krankheiten, Co-Infektionsbehandlungen&#8220;. Auch erkl\u00e4rte sie damals: &#8222;Das kleine Ich, das gelitten hat, w\u00e4re so stolz auf das erwachsene Ich, weil ich mich selbst nicht aufgegeben habe.&#8220;<\/p>\n","protected":false},"excerpt":{"rendered":"Ihr Abtauchen tut ihr leid Bella Hadid schockt mit drastischen Krankenhaus-Bildern 19.09.2025, 00:30 Uhr Artikel anh\u00f6ren Diese Audioversion&hellip;\n","protected":false},"author":2,"featured_media":433793,"comment_status":"","ping_status":"","sticky":false,"template":"","format":"standard","meta":{"footnotes":"","_share_on_mastodon":"0"},"categories":[155],"tags":[113153,29,214,30,3263,215,2630],"class_list":["post-433792","post","type-post","status-publish","format-standard","has-post-thumbnail","category-unterhaltung","tag-bella-hadid","tag-deutschland","tag-entertainment","tag-germany","tag-krankenhaus","tag-unterhaltung","tag-zecken"],"share_on_mastodon":{"url":"https:\/\/pubeurope.com\/@de\/115228759949784220","error":""},"_links":{"self":[{"href":"https:\/\/www.europesays.com\/de\/wp-json\/wp\/v2\/posts\/433792","targetHints":{"allow":["GET"]}}],"collection":[{"href":"https:\/\/www.europesays.com\/de\/wp-json\/wp\/v2\/posts"}],"about":[{"href":"https:\/\/www.europesays.com\/de\/wp-json\/wp\/v2\/types\/post"}],"author":[{"embeddable":true,"href":"https:\/\/www.europesays.com\/de\/wp-json\/wp\/v2\/users\/2"}],"replies":[{"embeddable":true,"href":"https:\/\/www.europesays.com\/de\/wp-json\/wp\/v2\/comments?post=433792"}],"version-history":[{"count":0,"href":"https:\/\/www.europesays.com\/de\/wp-json\/wp\/v2\/posts\/433792\/revisions"}],"wp:featuredmedia":[{"embeddable":true,"href":"https:\/\/www.europesays.com\/de\/wp-json\/wp\/v2\/media\/433793"}],"wp:attachment":[{"href":"https:\/\/www.europesays.com\/de\/wp-json\/wp\/v2\/media?parent=433792"}],"wp:term":[{"taxonomy":"category","embeddable":true,"href":"https:\/\/www.europesays.com\/de\/wp-json\/wp\/v2\/categories?post=433792"},{"taxonomy":"post_tag","embeddable":true,"href":"https:\/\/www.europesays.com\/de\/wp-json\/wp\/v2\/tags?post=433792"}],"curies":[{"name":"wp","href":"https:\/\/api.w.org\/{rel}","templated":true}]}}