{"id":434109,"date":"2025-09-19T06:10:11","date_gmt":"2025-09-19T06:10:11","guid":{"rendered":"https:\/\/www.europesays.com\/de\/434109\/"},"modified":"2025-09-19T06:10:11","modified_gmt":"2025-09-19T06:10:11","slug":"50-jahre-weiherhofbad-jubilaeumsfeier-am-kerwe-sonntag","status":"publish","type":"post","link":"https:\/\/www.europesays.com\/de\/434109\/","title":{"rendered":"50 Jahre Weiherhofbad: Jubil\u00e4umsfeier am Kerwe-Sonntag"},"content":{"rendered":"<p>Die Jubil\u00e4umsfeier des Weiherhofbades ist f\u00fcr Gro\u00df und Klein. F\u00fcr die ganze Familie wurde gemeinsam mit der DLRG-Ortsgruppe Durlach e. V., dem Sch\u00fclerhort Weiherhof und der Freiwilligen Feuerwehr Durlach ein abwechslungsreiches Jubil\u00e4umsprogramm rund um den Weiherhof konzipiert.<\/p>\n<p>Programm<\/p>\n<ul>\n<li>Er\u00f6ffnungsrede um 13 Uhr im Foyer des Weiherhofbades<\/li>\n<li>DLRG Badeparty f\u00fcr Kids im Weiherhofbad von ca. 13.15 bis 15.30 Uhr<\/li>\n<li>Fahrzeugschau der Freiwilligen Feuerwehr Durlach und der DLRG Ortsgruppe Durlach e.V. von 13 bis 18 Uhr bei der Freiwilligen Feuerwehr<\/li>\n<li>Kinderaktionen wie Kinderschminken und Bastelaktionen im Sch\u00fclerhort Weiherhof von 13 bis 18 Uhr<\/li>\n<li>Fotobox mit KAi \u2013 der Hai im Foyer des Weiherhofbades (ca. 13.30 bis 15.30 Uhr)<\/li>\n<\/ul>\n<p>Das Weiherhofbad ist an diesem Tag von 9 bis 19 Uhr ge\u00f6ffnet \u2013 letzer Einlass um 18 Uhr, Badeschluss um 18.30 Uhr. Und das beste daran: Der Eintritt in das Weiherhofbad ist an diesem Tag f\u00fcr alle kostenlos!<\/p>\n<p>Neben dem bunten Programm d\u00fcrfen sich Besucher und Besucherinnen auch auf kulinarische Angebote freuen: Pommes, Bratwurst und Getr\u00e4nke bei der Freiwilligen Feuerwehr Durlach sowie Kaffee- und Kuchenverkauf im Sch\u00fclerhort Weiherhof durch den 1. Durlacher Schwimmverein.<\/p>\n","protected":false},"excerpt":{"rendered":"Die Jubil\u00e4umsfeier des Weiherhofbades ist f\u00fcr Gro\u00df und Klein. F\u00fcr die ganze Familie wurde gemeinsam mit der DLRG-Ortsgruppe&hellip;\n","protected":false},"author":2,"featured_media":434110,"comment_status":"","ping_status":"","sticky":false,"template":"","format":"standard","meta":{"footnotes":""},"categories":[1844],"tags":[25552,1634,3364,29,30,8903,113208],"class_list":{"0":"post-434109","1":"post","2":"type-post","3":"status-publish","4":"format-standard","5":"has-post-thumbnail","7":"category-karlsruhe","8":"tag-50-jahre","9":"tag-baden-wuerttemberg","10":"tag-de","11":"tag-deutschland","12":"tag-germany","13":"tag-karlsruhe","14":"tag-weiherhofbad-durlach"},"share_on_mastodon":{"url":"https:\/\/pubeurope.com\/@de\/115229479746196465","error":""},"_links":{"self":[{"href":"https:\/\/www.europesays.com\/de\/wp-json\/wp\/v2\/posts\/434109","targetHints":{"allow":["GET"]}}],"collection":[{"href":"https:\/\/www.europesays.com\/de\/wp-json\/wp\/v2\/posts"}],"about":[{"href":"https:\/\/www.europesays.com\/de\/wp-json\/wp\/v2\/types\/post"}],"author":[{"embeddable":true,"href":"https:\/\/www.europesays.com\/de\/wp-json\/wp\/v2\/users\/2"}],"replies":[{"embeddable":true,"href":"https:\/\/www.europesays.com\/de\/wp-json\/wp\/v2\/comments?post=434109"}],"version-history":[{"count":0,"href":"https:\/\/www.europesays.com\/de\/wp-json\/wp\/v2\/posts\/434109\/revisions"}],"wp:featuredmedia":[{"embeddable":true,"href":"https:\/\/www.europesays.com\/de\/wp-json\/wp\/v2\/media\/434110"}],"wp:attachment":[{"href":"https:\/\/www.europesays.com\/de\/wp-json\/wp\/v2\/media?parent=434109"}],"wp:term":[{"taxonomy":"category","embeddable":true,"href":"https:\/\/www.europesays.com\/de\/wp-json\/wp\/v2\/categories?post=434109"},{"taxonomy":"post_tag","embeddable":true,"href":"https:\/\/www.europesays.com\/de\/wp-json\/wp\/v2\/tags?post=434109"}],"curies":[{"name":"wp","href":"https:\/\/api.w.org\/{rel}","templated":true}]}}