{"id":434314,"date":"2025-09-19T08:08:13","date_gmt":"2025-09-19T08:08:13","guid":{"rendered":"https:\/\/www.europesays.com\/de\/434314\/"},"modified":"2025-09-19T08:08:13","modified_gmt":"2025-09-19T08:08:13","slug":"zukunft-des-dortmund-evinger-marktplatzes-umsetzung-nach-kanalbauarbeiten","status":"publish","type":"post","link":"https:\/\/www.europesays.com\/de\/434314\/","title":{"rendered":"Zukunft des Dortmund-Evinger Marktplatzes: Umsetzung nach Kanalbauarbeiten"},"content":{"rendered":"<p>Umbau mit Spiel- und Wasserfl\u00e4chen geplant: Der alte Evinger Markt erh\u00e4lt ein v\u00f6llig neues Gesicht \u2013 Fertigstellung aber erst ab 2027\/28.<\/p>\n<p>Der Umbau des alten Evinger Marktplatzes an der Deutschen Stra\u00dfe \/ Ecke Waldecker Stra\u00dfe war am Mittwoch (17.9.) erneut Thema in der Sitzung der Bezirksvertretung Eving. Zwei Mitarbeiterinnen der Fachverwaltung informierten. Stand der Dinge: Der urspr\u00fcngliche Siegerentwurf, den eine Jury bereits im Jahre 2018 ausgew\u00e4hlt hatte, wird umgesetzt. <\/p>\n<p>Dieser Entwurf des Solinger B\u00fcros Landschaftsarchitekten von Gunter Ulrichs-Fischer in Arbeitsgemeinschaft mit dem Ingenieurb\u00fcro EVTI GmbH\/Ralf Uhlitzsch aus Leipzig sieht einen Stadtplatz mit viel Gr\u00fcn, einer Spielelandschaft, Wasserspielen und einer \u201eQuartiershalle\u201c vor, die etwa f\u00fcr ein Caf\u00e9 oder einen Kiosk genutzt werden k\u00f6nnte. Bei dieser Quartiershalle gebe es allerdings Schwierigkeiten, so die Referentinnen, weil sie genau \u00fcber einer Kanalanlage geplant sei.<\/p>\n<p>Ohnehin m\u00fcssen zun\u00e4chst Kanalbauarbeiten abgewartet werden, bevor mit dem Umbau der Fl\u00e4che begonnen werden k\u00f6nne \u2013 Stand jetzt bis zum dritten Quartal 2027. Fertigstellung w\u00e4re dann im Fr\u00fchjahr 2028.<\/p>\n<p>Detailplanungen, die Anfang 2026 vorgestellt werden sollen, k\u00f6nnen \u00fcbrigens durchaus in Einzelheiten noch von dem Siegerentwurf abweichen. Dabei geht es um Themen wie den Baumschutz, Containerstandorte oder die Veloroute, die dort verlaufen soll.<\/p>\n<p>\t\t<a href=\"https:\/\/www.ruhrnachrichten.de\/dortmund-nordost\/eving-kompakt-stadtbezirk-kostenloser-newsletter-w1062582-2001758362\/\" rel=\"nofollow noopener\" aria-hidden=\"true\" tabindex=\"-1\" title=\"Eving Kompakt \u2013 Wissen, was im Stadtbezirk los ist! Neuer kostenloser Newsletter\" aria-label=\"Eving Kompakt \u2013 Wissen, was im Stadtbezirk los ist! Neuer kostenloser Newsletter\" target=\"_blank\"><\/p>\n<p>                <img decoding=\"async\" src=\"https:\/\/www.europesays.com\/de\/wp-content\/uploads\/2025\/08\/630_0900_4925614_Product_Card_Mock_Up_Eving-160x160.jpg\"  width=\"160\" height=\"160\" alt=\"Der Hammerkopfturm der Zeche Minister Stein in Eving mit einem Screenshot des neuen Newsletters.\" loading=\"lazy\"\/><\/p>\n<p>\t\t<\/a><\/p>\n<p>\t\t<a href=\"https:\/\/www.ruhrnachrichten.de\/dortmund-nordost\/sicherheit-fuer-radfahrende-rote-markierungen-an-wichtiger-evinger-kreuzung-muessen-warten-w1079209-2001811914\/\" rel=\"nofollow noopener\" aria-hidden=\"true\" tabindex=\"-1\" title=\"Sicherheit f\u00fcr Radfahrende Rote Markierungen an wichtiger Evinger Kreuzung m\u00fcssen warten\" aria-label=\"Sicherheit f\u00fcr Radfahrende Rote Markierungen an wichtiger Evinger Kreuzung m\u00fcssen warten\" target=\"_blank\"><\/p>\n<p>                <img decoding=\"async\" src=\"https:\/\/www.europesays.com\/de\/wp-content\/uploads\/2025\/09\/630_0900_3357400_630_0900_2945835_0526hb_radweg_bei_Hit_.jpg\"  width=\"160\" height=\"107\" alt=\"Rote Markierungen wie hier auf unserem Symbolfoto sollen nach dem Willen der Bezirksvertretung Eving auch an der Kreuzung Derner-\/Bayrische Stra\u00dfe Stra\u00dfe kommen.\" loading=\"lazy\"\/><\/p>\n<p>\t\t<\/a><\/p>\n<p>\t\t<a href=\"https:\/\/www.ruhrnachrichten.de\/dortmund-nordost\/vandalismus-stoppt-hightech-im-park-stadtverwaltung-kuendigt-neue-ausschreibung-an-w1076245-2001811620\/\" rel=\"nofollow noopener\" aria-hidden=\"true\" tabindex=\"-1\" title=\"Vandalismus Ladestationen im Externbergpark schon kurz nach Er\u00f6ffnung zerst\u00f6rt\" aria-label=\"Vandalismus Ladestationen im Externbergpark schon kurz nach Er\u00f6ffnung zerst\u00f6rt\" target=\"_blank\"><\/p>\n<p>                <img decoding=\"async\" src=\"https:\/\/www.europesays.com\/de\/wp-content\/uploads\/2025\/09\/630_0900_5039011_IMG_6597-160x160.jpg\"  width=\"160\" height=\"160\" alt=\"Die Ladestationen an der Parkour-Anlage im Externbergpark in Eving sind zerst\u00f6rt worden.\" loading=\"lazy\"\/><\/p>\n<p>\t\t<\/a><\/p>\n","protected":false},"excerpt":{"rendered":"Umbau mit Spiel- und Wasserfl\u00e4chen geplant: Der alte Evinger Markt erh\u00e4lt ein v\u00f6llig neues Gesicht \u2013 Fertigstellung aber&hellip;\n","protected":false},"author":2,"featured_media":434315,"comment_status":"","ping_status":"","sticky":false,"template":"","format":"standard","meta":{"footnotes":""},"categories":[1833],"tags":[3364,29,217,13484,30,3648,1209],"class_list":{"0":"post-434314","1":"post","2":"type-post","3":"status-publish","4":"format-standard","5":"has-post-thumbnail","7":"category-dortmund","8":"tag-de","9":"tag-deutschland","10":"tag-dortmund","11":"tag-eving","12":"tag-germany","13":"tag-lokalpolitik","14":"tag-nordrhein-westfalen"},"share_on_mastodon":{"url":"https:\/\/pubeurope.com\/@de\/115229944208831023","error":""},"_links":{"self":[{"href":"https:\/\/www.europesays.com\/de\/wp-json\/wp\/v2\/posts\/434314","targetHints":{"allow":["GET"]}}],"collection":[{"href":"https:\/\/www.europesays.com\/de\/wp-json\/wp\/v2\/posts"}],"about":[{"href":"https:\/\/www.europesays.com\/de\/wp-json\/wp\/v2\/types\/post"}],"author":[{"embeddable":true,"href":"https:\/\/www.europesays.com\/de\/wp-json\/wp\/v2\/users\/2"}],"replies":[{"embeddable":true,"href":"https:\/\/www.europesays.com\/de\/wp-json\/wp\/v2\/comments?post=434314"}],"version-history":[{"count":0,"href":"https:\/\/www.europesays.com\/de\/wp-json\/wp\/v2\/posts\/434314\/revisions"}],"wp:featuredmedia":[{"embeddable":true,"href":"https:\/\/www.europesays.com\/de\/wp-json\/wp\/v2\/media\/434315"}],"wp:attachment":[{"href":"https:\/\/www.europesays.com\/de\/wp-json\/wp\/v2\/media?parent=434314"}],"wp:term":[{"taxonomy":"category","embeddable":true,"href":"https:\/\/www.europesays.com\/de\/wp-json\/wp\/v2\/categories?post=434314"},{"taxonomy":"post_tag","embeddable":true,"href":"https:\/\/www.europesays.com\/de\/wp-json\/wp\/v2\/tags?post=434314"}],"curies":[{"name":"wp","href":"https:\/\/api.w.org\/{rel}","templated":true}]}}