{"id":434379,"date":"2025-09-19T08:44:11","date_gmt":"2025-09-19T08:44:11","guid":{"rendered":"https:\/\/www.europesays.com\/de\/434379\/"},"modified":"2025-09-19T08:44:11","modified_gmt":"2025-09-19T08:44:11","slug":"bombe-in-berlin-mitte-muss-nicht-entschaerft-werden-2","status":"publish","type":"post","link":"https:\/\/www.europesays.com\/de\/434379\/","title":{"rendered":"Bombe in Berlin-Mitte muss nicht entsch\u00e4rft werden"},"content":{"rendered":"<p class=\"metatextline\">Stand: 19.09.2025 09:42 Uhr<\/p>\n<p class=\"textabsatz columns twelve  m-ten  m-offset-one l-eight l-offset-two\">\n        <strong>Tausende Anwohner rund um die Berliner Fischerinsel mussten in der Nacht ihre H\u00e4user verlassen. In der Spree wurde eine Weltkriegsbombe gefunden. Nun hat die Polizei Entwarnung gegeben: Die Brandbombe ist ungef\u00e4hrlich. <\/strong>\n    <\/p>\n<ul class=\"bulletpoint-list \">\n<li>Brandbombe nahe der Fischerinsel in Berlin-Mitte ist ungef\u00e4hrlich<\/li>\n<li>Taucher hatten Blindg\u00e4nger am fr\u00fchen Freitagmorgen unter Wasser begutachten k\u00f6nnen<\/li>\n<li>10.000 Menschen hatten ihre Wohnungen verlassen m\u00fcssen<\/li>\n<li>auch die U2 war zeitweise unterbrochen<\/li>\n<li>Munition war am Donnerstagabend bei Routinearbeiten vom Kampfmittelr\u00e4umdienst in der Spree gefunden worden<\/li>\n<\/ul>\n<p class=\"textabsatz m-ten m-offset-one l-eight l-offset-two columns twelve\">Die vor der Fischerinsel in Berlin-Mitte gefundene Weltkriegsbombe ist ungef\u00e4hrlich. Wie eine Polizeisprecherin dem rbb am Freitagmorgen sagte, haben die Experten den Blindg\u00e4nger unter Wasser begutachtet. Dabei habe sich rausgestellt, dass es sich um eine &#8222;ungef\u00e4hrliche Bombe&#8220; handelt.<br \/>\u00a0<br \/>Tausende Bewohner rund um die Berliner Fischerinsel mussten in der Nacht zu Freitag wegen des Bombenblindg\u00e4ngers in der Spree am M\u00fchlendamm ihre Wohnungen verlassen. Die Evakuierung war um 5 Uhr abgeschlossen, sagte ein Polizeisprecher am Morgen. Dabei habe es keine nennenswerten Probleme gegeben. Betroffen waren rund 10.000 Menschen. Die Evakuierungsma\u00dfnahme war notwendig, weil ein Transport der Bombe im Vorhinein ausgeschlossen worden war.<br \/>\u00a0<br \/>Die Polizei ver\u00f6ffentlichte <a href=\"https:\/\/x.com\/polizeiberlin\/status\/1968798415652868335\" title=\"auf der Plattform X \" class=\"textlink--extern js-link-dialog\" rel=\"noopener noreferrer nofollow\" target=\"_blank\" data-type=\"external\">auf der Plattform X <\/a>eine Karte mit dem Sperrkreis.<\/p>\n<p>    Sofortige Absperrung nach Fund<\/p>\n<p class=\"textabsatz m-ten m-offset-one l-eight l-offset-two columns twelve\">Am fr\u00fchen Donnerstagabend hatte die Polizei zun\u00e4chst den Verdacht auf einen Blindg\u00e4ngerfund in der Spree vermeldet und dann am sp\u00e4ten Abend die Evakuierung des Umfeldes angek\u00fcndigt. Die Experten der Polizei gingen davon aus, dass es sich bei dem Fund um eine Weltkriegsbombe handelt, sagte Polizeisprecher Michael Gassen am Donnerstag dem rbb.<br \/>\u00a0<br \/>Der Bereich unmittelbar um den Fundort an der M\u00fchlendammschleuse war am Abend sofort abgesperrt worden, der Schiffsverkehr auf der Spree wurde laut Polizei unterbrochen. Die Stadtbahn war nicht betroffen, die U2 wurde aber zwischen Alexanderplatz und Spittelmarkt unterbrochen.<\/p>\n<p>            <img loading=\"lazy\" decoding=\"async\" class=\"ts-image\" src=\"https:\/\/www.europesays.com\/de\/wp-content\/uploads\/2025\/09\/rbb-audio-rbb24-inforadio-19-09-2025-o-ton-polizeisprecher-michael-gassen-100.jpg\" alt=\"Einsatzkr\u00e4fte sichern den Bereich um den Fundort einer Weltkriegsbombe. Nach dem Fund einer Bombe aus dem Zweiten Weltkrieg beginnen die Evakuierungen im Stadtteil Spandau. Die Bombe soll kontrolliert entsch\u00e4rft werden. Etwa 12 400 Menschen sind von Evakuierungsma\u00dfnahmen betroffen fotografiert am 19.09.2025. (Quelle: picture alliance\/dpa\/Carsten Koall)\" title=\"Audio: rbb24 Inforadio | 19.09.2025 | O-Ton Polizeisprecher Michael Gassen | picture alliance\/dpa\/Carsten Koall\"\/><\/p>\n<p>12.400 Menschen m\u00fcssen wegen Bombenentsch\u00e4rfung ihre Wohnungen verlassen<\/p>\n<p>            In Berlin-Spandau ist am Mittwoch eine Fliegerbombe aus dem Zweiten Weltkrieg entdeckt worden, sie soll am Freitag entsch\u00e4rft werden. Mehr als 12.000 Menschen m\u00fcssen evakuiert werden, auch das Vivantes-Klinikum ist betroffen.<a href=\"https:\/\/www.rbb24.de\/panorama\/beitrag\/2025\/09\/berlin-spandau-altstadt-bombenfund-entschaerfung.html\" title=\"mehr\" class=\"textlink--extern\" target=\"_blank\" rel=\"noopener nofollow\">mehr<\/a><\/p>\n<p>    Rotes Rathaus musste evakuiert werden<\/p>\n<p class=\"textabsatz m-ten m-offset-one l-eight l-offset-two columns twelve\">Medizinische Einrichtungen waren den Angaben der Polizei zufolge von der Evakuierung nicht betroffen. Allerdings lagen Botschaften sowie Senatsgeb\u00e4ude inklusive dem Roten Rathaus und mehrere Hochh\u00e4user im Sperrkreis.<br \/>\u00a0<br \/>Polizeikr\u00e4fte gingen am Donnerstagabend von Haus zu Haus, um die Bewohner zu informieren. Auch Lautsprecherdurchsagen waren zu h\u00f6ren, mit denen die Menschen aufgefordert wurden, den Sperrkreis zu verlassen. Das Bezirksamt Mitte hatte eine Notunterkunft im Rathaus Mitte eingerichtet. BVG-Busse waren in der Nacht f\u00fcr den Transport im Einsatz.<br \/>\u00a0<br \/>Ein Polizeisprecher sagte in der Nacht, auch Krankentransporte in die Notunterkunft habe es gegeben. Insgesamt seien die Einsatzkr\u00e4fte auf &#8222;viel Verst\u00e4ndnis&#8220; gesto\u00dfen, weil man wisse, &#8222;es geht hier um die Sicherheit der B\u00fcrgerinnen und B\u00fcrger&#8220;.<\/p>\n<p>    Begutachtung aufgrund der Bedingungen schwierig<\/p>\n<p class=\"textabsatz--contains-image  m-six l-five textabsatz columns twelve\">Bei der Entsch\u00e4rfung war Eile geboten, weil die Beschaffenheit der Bombe zun\u00e4chst unklar war, so ein Polizeisprecher. In der Nacht hie\u00df es von der Polizei, Taucher und Entsch\u00e4rfer h\u00e4tten in der Spree die &#8222;schwierige Herausforderung&#8220;, die Bombe &#8222;in der Tiefe, in der Dunkelheit und in dem Schlick, der dort noch ist&#8220; zu begutachten, um dann \u00fcber die Art der Entsch\u00e4rfung zu entscheiden. Eine Entsch\u00e4rfung war aber nicht notwendig.<\/p>\n<p class=\"absatzbild__info__text\">\n                        Der Kampfmittelr\u00e4umdienst hat die Spree mit einem Bagger abgesucht\n                    <\/p>\n<p class=\"textabsatz m-ten m-offset-one l-eight l-offset-two columns twelve\">Die Bombe wurde laut Polizei bei Routinearbeiten des Kampfmittelr\u00e4umdienstes gefunden. Die Kampfmittelexperten hatten den Grund der Spree mit einem Bagger auf einem Arbeitsponton abgesucht.<\/p>\n<p>    Weitere Bombeneins\u00e4tze am Freitag<\/p>\n<p class=\"textabsatz m-ten m-offset-one l-eight l-offset-two columns twelve\">Erst am Mittwoch war in Spandau eine Weltkriegsbombe gefunden worden. Auch sie soll <a href=\"https:\/\/www.rbb24.de\/panorama\/beitrag\/2025\/09\/berlin-spandau-altstadt-bombenfund-entschaerfung.html\" title=\"am Freitag unsch\u00e4dlich \" class=\"textlink--extern\" target=\"_blank\" rel=\"noopener nofollow\">am Freitag unsch\u00e4dlich <\/a>werden. Deswegen m\u00fcssen dort rund 12.400 Menschen bis 8 Uhr ihre Wohnungen verlassen. Zudem gibt es eine <a href=\"https:\/\/www.rbb24.de\/panorama\/beitrag\/2025\/09\/cottbus-kahren-bombenentschaerfung-autobahn-sperrung.html\" title=\"Bombenentsch\u00e4rfung an der A15\" class=\"textlink--extern\" target=\"_blank\" rel=\"noopener nofollow\">Bombenentsch\u00e4rfung an der A15<\/a> zwischen den Autobahnanschlussstellen Cottbus S\u00fcd und Roggosen.<\/p>\n<p class=\"textabsatz m-ten m-offset-one l-eight l-offset-two columns twelve\">Sendung: rbb24 Inforadio, 19.09.2025, 06:40 Uhr<\/p>\n<p>                                        <a class=\"backlink__link\" href=\"https:\/\/www.rbb24.de\/panorama\/beitrag\/2025\/09\/weltkriegsmunition-berlin-fischerinsel-sperrkreis.html\" rel=\"nofollow noopener\" target=\"_blank\"><\/p>\n<p>                                                <img decoding=\"async\" src=\"https:\/\/images.tagesschau.de\/image\/898f19c3-6760-4be2-a33f-1fa765216ec2\/AAABlap_olM\/AAABmKJi16M\/original\/lra-rbb-logo-100.svg\" alt=\"Rundfunk Berlin-Brandenburg\"\/><\/p>\n<p>                                        <\/a><\/p>\n","protected":false},"excerpt":{"rendered":"Stand: 19.09.2025 09:42 Uhr Tausende Anwohner rund um die Berliner Fischerinsel mussten in der Nacht ihre H\u00e4user verlassen.&hellip;\n","protected":false},"author":2,"featured_media":434380,"comment_status":"","ping_status":"","sticky":false,"template":"","format":"standard","meta":{"footnotes":""},"categories":[5],"tags":[296,9599,13,14,15,12,10,8,9,11,11192],"class_list":{"0":"post-434379","1":"post","2":"type-post","3":"status-publish","4":"format-standard","5":"has-post-thumbnail","7":"category-nachrichten","8":"tag-berlin","9":"tag-entschaerfung","10":"tag-headlines","11":"tag-nachrichten","12":"tag-news","13":"tag-schlagzeilen","14":"tag-top-news","15":"tag-top-meldungen","16":"tag-topmeldungen","17":"tag-topnews","18":"tag-weltkriegsbombe"},"share_on_mastodon":{"url":"https:\/\/pubeurope.com\/@de\/115230085244829797","error":""},"_links":{"self":[{"href":"https:\/\/www.europesays.com\/de\/wp-json\/wp\/v2\/posts\/434379","targetHints":{"allow":["GET"]}}],"collection":[{"href":"https:\/\/www.europesays.com\/de\/wp-json\/wp\/v2\/posts"}],"about":[{"href":"https:\/\/www.europesays.com\/de\/wp-json\/wp\/v2\/types\/post"}],"author":[{"embeddable":true,"href":"https:\/\/www.europesays.com\/de\/wp-json\/wp\/v2\/users\/2"}],"replies":[{"embeddable":true,"href":"https:\/\/www.europesays.com\/de\/wp-json\/wp\/v2\/comments?post=434379"}],"version-history":[{"count":0,"href":"https:\/\/www.europesays.com\/de\/wp-json\/wp\/v2\/posts\/434379\/revisions"}],"wp:featuredmedia":[{"embeddable":true,"href":"https:\/\/www.europesays.com\/de\/wp-json\/wp\/v2\/media\/434380"}],"wp:attachment":[{"href":"https:\/\/www.europesays.com\/de\/wp-json\/wp\/v2\/media?parent=434379"}],"wp:term":[{"taxonomy":"category","embeddable":true,"href":"https:\/\/www.europesays.com\/de\/wp-json\/wp\/v2\/categories?post=434379"},{"taxonomy":"post_tag","embeddable":true,"href":"https:\/\/www.europesays.com\/de\/wp-json\/wp\/v2\/tags?post=434379"}],"curies":[{"name":"wp","href":"https:\/\/api.w.org\/{rel}","templated":true}]}}