{"id":434961,"date":"2025-09-19T14:07:19","date_gmt":"2025-09-19T14:07:19","guid":{"rendered":"https:\/\/www.europesays.com\/de\/434961\/"},"modified":"2025-09-19T14:07:19","modified_gmt":"2025-09-19T14:07:19","slug":"limitiertes-batman-suv-bei-indischem-autohersteller","status":"publish","type":"post","link":"https:\/\/www.europesays.com\/de\/434961\/","title":{"rendered":"Limitiertes Batman-SUV bei indischem Autohersteller"},"content":{"rendered":"<p>Streng limitiert <\/p>\n<p>Autohersteller bietet Batman-SUV an<\/p>\n<p>19.09.2025 &#8211; 13:55 UhrLesedauer: 1 Min.<\/p>\n<p><a href=\"#focus-0\" class=\"transition-colors duration-200 block text-current relative\" data-sctrack=\"FocusGalleryImage.Reference\"><img fetchpriority=\"high\" data-testid=\"Opener.Image\" style=\"--lqipURL:url('https:\/\/images.t-online.de\/2025\/09\/JP5zcN8HOh9v\/0x38:1000x562\/fit-in\/150x0\/filters:blur(25)\/markanter-superhelden-look-mahindra-hat-fuer-den-indischen-markt-eine-limitierte-batman-edition-seines-e-suvs-be6-aufgelegt.webp')\"   loading=\"eager\" src=\"https:\/\/www.europesays.com\/de\/wp-content\/uploads\/2025\/09\/markanter-superhelden-look-mahindra-hat-fuer-den-indischen-markt-eine-limitierte-batman-edition-sein.webp\" alt=\"Markanter Superhelden-Look: Mahindra hat f\u00fcr den indischen Markt eine limitierte Batman-Edition seines E-SUVs BE6 aufgelegt.\" title=\"Markanter Superhelden-Look: Mahindra hat f\u00fcr den indischen Markt eine limitierte Batman-Edition seines E-SUVs BE6 aufgelegt.\" width=\"1000\" height=\"562\" class=\"bg-[url:var(--lqipURL)] bg-cover bg-center flex h-full w-full max-w-full\" decoding=\"async\"\/><img style=\"--width:32;--height:32\" loading=\"lazy\" src=\"https:\/\/www.t-online.de\/s\/paper\/_next\/static\/media\/zoom-in.f7dae02f.svg\" alt=\"Vergr\u00f6\u00dfern des Bildes\" title=\"Vergr\u00f6\u00dfern des Bildes\" class=\"block h-[calc(var(--height)_\/_16_*_1rem)] w-[calc(var(--width)_\/_16_*_1rem)] max-w-none absolute bottom-8 right-8 rounded-4 bg-snow p-8\" decoding=\"async\"\/><\/a><\/p>\n<p>Markanter Superhelden-Look: Mahindra hat f\u00fcr den indischen Markt eine limitierte Batman-Edition seines E-SUVs BE6 aufgelegt. (Quelle: Mahindra)<\/p>\n<p class=\"font-bold text-18 leading-17\">Mahindra bringt in Indien ein Batman-Sondermodell des Elektro-SUVs BE6 mit zahlreichen Superhelden-Details auf den Markt.<\/p>\n<p class=\"text-18 leading-17\">Das Bat-Mobil muss kein futuristischer Sportwagen sein. Und auch kein martialischer Panzerwagen, wie in einigen der letzten Filme. In <a class=\"transition-colors duration-200 cursor-pointer text-inherit no-underline text-salemsfur md:hover:text-magenta md:hover:border-magenta md:focus:text-magenta border-current border-b border-solid break-words\" href=\"https:\/\/www.t-online.de\/themen\/indien\/\" data-sctrack=\"BodyAnchor\" target=\"_blank\" rel=\"noopener\">Indien<\/a> zumindest f\u00e4hrt der d\u00fcsterste der gro\u00dfen Superhelden einen relativ zivilen Kompakt-Crossover mit eher durchschnittlich kr\u00e4ftigem E-Antrieb. Der dort starke Hersteller Mahindra bietet sein Modell BE6 aktuell in einer auf knapp 1.000 Einheiten limitierten &#8222;Batman&#8220;-Edition an, die auch mit deutscher Unterst\u00fctzung entstanden ist.<\/p>\n<p class=\"text-18 leading-17\">Der bayerische Automobilzulieferer <a class=\"transition-colors duration-200 cursor-pointer text-inherit no-underline text-salemsfur md:hover:text-magenta md:hover:border-magenta md:focus:text-magenta border-current border-b border-solid break-words\" href=\"https:\/\/www.t-online.de\/finanzen\/aktuelles\/id_100891824\/webasto-rettungsplan-vereinbart-erste-gelder-fliessen-bald.html\" data-sctrack=\"BodyAnchor\" target=\"_blank\" rel=\"noopener\">Webasto<\/a> steuerte ein gro\u00dfes Panoramaglasdach bei, das auflackiert das Fledermaus-Logo des Film- und Comichelden tr\u00e4gt. Bei dem Dachsystem-Spezialisten ist man durchaus stolz auf das ungew\u00f6hnliche Design-St\u00fcck: Es sei ein Paradebeispiel daf\u00fcr, wie sich Funktionalit\u00e4t und Emotion verbinden lassen, teilt das Unternehmen aus Stockdorf bei <a rel=\"nofollow noopener\" target=\"_blank\" class=\"transition-colors duration-200 cursor-pointer text-inherit no-underline text-salemsfur md:hover:text-magenta md:hover:border-magenta md:focus:text-magenta border-current border-b border-solid break-words\" href=\"https:\/\/muenchen.t-online.de\/region\/muenchen\/\" data-sctrack=\"BodyAnchor\">M\u00fcnchen<\/a> per Pressemitteilung mit.<\/p>\n<p class=\"text-18 leading-17\">Neben dem Dach finden sich an dem Sondermodell zahlreiche weitere Reminiszenzen an den &#8222;Dunklen Ritter&#8220;, darunter Bat-Signal-Projektoren an den Au\u00dfenspiegeln, die das Logo beim \u00d6ffnen der T\u00fcren auf den Asphalt werfen, sowie Fledermaus-Symbole auf Zentraldisplay, Kopfst\u00fctzen, Felgen und an zahlreichen anderen Stellen. Das Fahrzeug ist zudem komplett in Schwarz gehalten und teils mattiert. Dazu kommen goldene Akzente.<\/p>\n<p class=\"text-18 leading-17\">Laut Mahindra-Webseite ist es bereits ausverkauft, nachdem die Auflage schon von 300 auf 999 Einheiten erh\u00f6ht worden war. Kein Wunder: Dem Unternehmen zufolge ist die Edition das weltweit erste Serienauto, das die Batman-Lizenz von Warner Bros. nutzen darf.<\/p>\n","protected":false},"excerpt":{"rendered":"Streng limitiert Autohersteller bietet Batman-SUV an 19.09.2025 &#8211; 13:55 UhrLesedauer: 1 Min. Markanter Superhelden-Look: Mahindra hat f\u00fcr den&hellip;\n","protected":false},"author":2,"featured_media":434962,"comment_status":"","ping_status":"","sticky":false,"template":"","format":"standard","meta":{"footnotes":""},"categories":[134],"tags":[28509,175,170,169,29,30,699,171,174,173,172],"class_list":{"0":"post-434961","1":"post","2":"type-post","3":"status-publish","4":"format-standard","5":"has-post-thumbnail","7":"category-unternehmen-maerkte","8":"tag-batman","9":"tag-business","10":"tag-companies","11":"tag-companies-markets","12":"tag-deutschland","13":"tag-germany","14":"tag-indien","15":"tag-markets","16":"tag-maerkte","17":"tag-unternehmen","18":"tag-unternehmen-maerkte"},"share_on_mastodon":{"url":"https:\/\/pubeurope.com\/@de\/115231355492221429","error":""},"_links":{"self":[{"href":"https:\/\/www.europesays.com\/de\/wp-json\/wp\/v2\/posts\/434961","targetHints":{"allow":["GET"]}}],"collection":[{"href":"https:\/\/www.europesays.com\/de\/wp-json\/wp\/v2\/posts"}],"about":[{"href":"https:\/\/www.europesays.com\/de\/wp-json\/wp\/v2\/types\/post"}],"author":[{"embeddable":true,"href":"https:\/\/www.europesays.com\/de\/wp-json\/wp\/v2\/users\/2"}],"replies":[{"embeddable":true,"href":"https:\/\/www.europesays.com\/de\/wp-json\/wp\/v2\/comments?post=434961"}],"version-history":[{"count":0,"href":"https:\/\/www.europesays.com\/de\/wp-json\/wp\/v2\/posts\/434961\/revisions"}],"wp:featuredmedia":[{"embeddable":true,"href":"https:\/\/www.europesays.com\/de\/wp-json\/wp\/v2\/media\/434962"}],"wp:attachment":[{"href":"https:\/\/www.europesays.com\/de\/wp-json\/wp\/v2\/media?parent=434961"}],"wp:term":[{"taxonomy":"category","embeddable":true,"href":"https:\/\/www.europesays.com\/de\/wp-json\/wp\/v2\/categories?post=434961"},{"taxonomy":"post_tag","embeddable":true,"href":"https:\/\/www.europesays.com\/de\/wp-json\/wp\/v2\/tags?post=434961"}],"curies":[{"name":"wp","href":"https:\/\/api.w.org\/{rel}","templated":true}]}}