{"id":435051,"date":"2025-09-19T14:56:13","date_gmt":"2025-09-19T14:56:13","guid":{"rendered":"https:\/\/www.europesays.com\/de\/435051\/"},"modified":"2025-09-19T14:56:13","modified_gmt":"2025-09-19T14:56:13","slug":"evinger-strasse-bleibt-gesperrt-radio-91-2","status":"publish","type":"post","link":"https:\/\/www.europesays.com\/de\/435051\/","title":{"rendered":"Evinger Stra\u00dfe bleibt gesperrt &#8211; Radio 91.2"},"content":{"rendered":"<p>Sperrung im Dortmunder Norden bleibt l\u00e4nger<\/p>\n<p>Die Evinger Stra\u00dfe bleibt l\u00e4nger dicht als geplant. Die Bauarbeiten an den Fernw\u00e4rmeleitungen dort verz\u00f6gern sich. Das hat die DEW21 mitgeteilt.\u00a0<\/p>\n<p>Die Stra\u00dfe bleibt deshalb noch bis zum 3. Oktober voll gesperrt. Ab dem 4. Oktober wird die Baustelle dann umgebaut: Dann ist immerhin die Fahrbahn stadteinw\u00e4rts wieder frei. Stadtausw\u00e4rts bleibt es aber bei der Sperrung. F\u00fcr den \u00d6PNV bedeutet das: Die Linien NE1, NE2 und NE22 fahren weiter eine Umleitung. Nur die Haltestellen \u201eZeche Minister Stein\u201c und \u201eForsthausstra\u00dfe\u201c werden dann schon wieder angefahren.Fertig sein soll alles am 17. Oktober.<\/p>\n","protected":false},"excerpt":{"rendered":"Sperrung im Dortmunder Norden bleibt l\u00e4nger Die Evinger Stra\u00dfe bleibt l\u00e4nger dicht als geplant. Die Bauarbeiten an den&hellip;\n","protected":false},"author":2,"featured_media":235491,"comment_status":"","ping_status":"","sticky":false,"template":"","format":"standard","meta":{"footnotes":""},"categories":[1833],"tags":[3364,29,217,30,1209,2083],"class_list":{"0":"post-435051","1":"post","2":"type-post","3":"status-publish","4":"format-standard","5":"has-post-thumbnail","7":"category-dortmund","8":"tag-de","9":"tag-deutschland","10":"tag-dortmund","11":"tag-germany","12":"tag-nordrhein-westfalen","13":"tag-sperrungen"},"share_on_mastodon":{"url":"https:\/\/pubeurope.com\/@de\/115231547994844897","error":""},"_links":{"self":[{"href":"https:\/\/www.europesays.com\/de\/wp-json\/wp\/v2\/posts\/435051","targetHints":{"allow":["GET"]}}],"collection":[{"href":"https:\/\/www.europesays.com\/de\/wp-json\/wp\/v2\/posts"}],"about":[{"href":"https:\/\/www.europesays.com\/de\/wp-json\/wp\/v2\/types\/post"}],"author":[{"embeddable":true,"href":"https:\/\/www.europesays.com\/de\/wp-json\/wp\/v2\/users\/2"}],"replies":[{"embeddable":true,"href":"https:\/\/www.europesays.com\/de\/wp-json\/wp\/v2\/comments?post=435051"}],"version-history":[{"count":0,"href":"https:\/\/www.europesays.com\/de\/wp-json\/wp\/v2\/posts\/435051\/revisions"}],"wp:featuredmedia":[{"embeddable":true,"href":"https:\/\/www.europesays.com\/de\/wp-json\/wp\/v2\/media\/235491"}],"wp:attachment":[{"href":"https:\/\/www.europesays.com\/de\/wp-json\/wp\/v2\/media?parent=435051"}],"wp:term":[{"taxonomy":"category","embeddable":true,"href":"https:\/\/www.europesays.com\/de\/wp-json\/wp\/v2\/categories?post=435051"},{"taxonomy":"post_tag","embeddable":true,"href":"https:\/\/www.europesays.com\/de\/wp-json\/wp\/v2\/tags?post=435051"}],"curies":[{"name":"wp","href":"https:\/\/api.w.org\/{rel}","templated":true}]}}