{"id":435518,"date":"2025-09-19T19:12:11","date_gmt":"2025-09-19T19:12:11","guid":{"rendered":"https:\/\/www.europesays.com\/de\/435518\/"},"modified":"2025-09-19T19:12:11","modified_gmt":"2025-09-19T19:12:11","slug":"2600-zoellner-bei-bundesweiten-razzien-in-der-gastronomie","status":"publish","type":"post","link":"https:\/\/www.europesays.com\/de\/435518\/","title":{"rendered":"2600 Z\u00f6llner bei bundesweiten Razzien in der Gastronomie"},"content":{"rendered":"<p class=\"richtext text-em-55 !leading-serif mx-6 desktop:mx-0\">Zollfahnder sind in zahlreichen St\u00e4dten zu einer bundesweiten <a href=\"https:\/\/rp-online.de\/thema\/razzia\/\" rel=\"nofollow noopener\" target=\"_blank\">Razzia<\/a> gegen Schwarzarbeit in der Gastronomie ausger\u00fcckt. \u201eDer Zoll bek\u00e4mpft heute im Rahmen einer bundesweiten Schwerpunktma\u00dfnahme illegale Besch\u00e4ftigung, Mindestlohnverst\u00f6\u00dfe und Schwarzarbeit\u201c, sagte Jens Ahland vom Hauptzollamt K\u00f6ln der Deutschen Presse-Agentur.<\/p>\n","protected":false},"excerpt":{"rendered":"Zollfahnder sind in zahlreichen St\u00e4dten zu einer bundesweiten Razzia gegen Schwarzarbeit in der Gastronomie ausger\u00fcckt. \u201eDer Zoll bek\u00e4mpft&hellip;\n","protected":false},"author":2,"featured_media":435519,"comment_status":"","ping_status":"","sticky":false,"template":"","format":"standard","meta":{"footnotes":"","_share_on_mastodon":"0"},"categories":[1828],"tags":[112465,113478,113477,11059,19489,29,6763,30,42559,1420,1209,1442,5719,615,99374],"class_list":["post-435518","post","type-post","status-publish","format-standard","has-post-thumbnail","category-koeln","tag-112465","tag-ahland","tag-ausgerueckt","tag-beschaeftigung","tag-bundesweit","tag-deutschland","tag-gastronomie","tag-germany","tag-illegale","tag-koeln","tag-nordrhein-westfalen","tag-razzia","tag-schwarzarbeit","tag-zoll","tag-zollfahnder"],"share_on_mastodon":{"url":"https:\/\/pubeurope.com\/@de\/115232554606981236","error":""},"_links":{"self":[{"href":"https:\/\/www.europesays.com\/de\/wp-json\/wp\/v2\/posts\/435518","targetHints":{"allow":["GET"]}}],"collection":[{"href":"https:\/\/www.europesays.com\/de\/wp-json\/wp\/v2\/posts"}],"about":[{"href":"https:\/\/www.europesays.com\/de\/wp-json\/wp\/v2\/types\/post"}],"author":[{"embeddable":true,"href":"https:\/\/www.europesays.com\/de\/wp-json\/wp\/v2\/users\/2"}],"replies":[{"embeddable":true,"href":"https:\/\/www.europesays.com\/de\/wp-json\/wp\/v2\/comments?post=435518"}],"version-history":[{"count":0,"href":"https:\/\/www.europesays.com\/de\/wp-json\/wp\/v2\/posts\/435518\/revisions"}],"wp:featuredmedia":[{"embeddable":true,"href":"https:\/\/www.europesays.com\/de\/wp-json\/wp\/v2\/media\/435519"}],"wp:attachment":[{"href":"https:\/\/www.europesays.com\/de\/wp-json\/wp\/v2\/media?parent=435518"}],"wp:term":[{"taxonomy":"category","embeddable":true,"href":"https:\/\/www.europesays.com\/de\/wp-json\/wp\/v2\/categories?post=435518"},{"taxonomy":"post_tag","embeddable":true,"href":"https:\/\/www.europesays.com\/de\/wp-json\/wp\/v2\/tags?post=435518"}],"curies":[{"name":"wp","href":"https:\/\/api.w.org\/{rel}","templated":true}]}}