{"id":436075,"date":"2025-09-20T00:36:40","date_gmt":"2025-09-20T00:36:40","guid":{"rendered":"https:\/\/www.europesays.com\/de\/436075\/"},"modified":"2025-09-20T00:36:40","modified_gmt":"2025-09-20T00:36:40","slug":"herr-roeber-hat-stuttgart-zu-viele-beamte","status":"publish","type":"post","link":"https:\/\/www.europesays.com\/de\/436075\/","title":{"rendered":"Herr R\u00f6ber, hat Stuttgart zu viele Beamte?"},"content":{"rendered":"<p>Lange Bearbeitungszeiten, langwierige Digitalisierung, offene <a href=\"https:\/\/www.stuttgarter-zeitung.de\/inhalt.fast-1000-euro-zuschlag-beamtenkinder-privilegien.9286ecba-e4ff-40b8-ba80-5fc30fd3f957.html\" target=\"_blank\" rel=\"noopener\">Stellen<\/a>: Die \u00c4mter in <a href=\"https:\/\/www.stuttgarter-zeitung.de\/thema\/Stuttgart\" title=\"Stuttgart\" class=\"art_thema\" target=\"_blank\" rel=\"noopener\">Stuttgart<\/a> und in anderen baden-w\u00fcrttembergischen St\u00e4dten k\u00e4mpfen mit \u00dcberlastung, Sparma\u00dfnahmen und dem \u00c4rger der B\u00fcrgerinnen und B\u00fcrger, w\u00e4hrend es gleichzeitig eine Debatte um vermeintliche <a href=\"https:\/\/www.stuttgarter-zeitung.de\/inhalt.bekommen-beamte-doppelt-kindergeld-und-kinderzuschlag.60a5fb53-0838-4fe1-ae4a-824364592724.html\" target=\"_blank\" rel=\"noopener\">Privilegien von Beamten<\/a> gibt und die Kosten <a href=\"https:\/\/www.stuttgarter-zeitung.de\/inhalt.diese-beamten-bekommen-mehr-geld-abschlagszahlung-tvoed.eedb86fa-e3cf-4a56-a7a7-df16665efd2c.html\" target=\"_blank\" rel=\"noopener\">immer weiter steigen<\/a>.\u00a0\u201eDas Vertrauen in die <a href=\"https:\/\/www.stuttgarter-zeitung.de\/thema\/Verwaltung\" title=\"Verwaltung\" class=\"art_thema\" target=\"_blank\" rel=\"noopener\">Verwaltung<\/a> nimmt ab\u201c, sagt J\u00f6rg R\u00f6ber, Professor an der Hochschule f\u00fcr \u00f6ffentliche Verwaltung in Kehl. \u201eDie \u00dcbergriffe gegen\u00fcber den Besch\u00e4ftigten nehmen zu.\u201c Doch wie k\u00f6nnte man Abhilfe schaffen?<\/p>\n<p class=\"interviewQuestion\">Herr R\u00f6ber, wann waren Sie zuletzt auf einem Amt?<\/p>\n<p class=\"interviewAnswer\">Vor wenigen Wochen. Ich musste den Personalausweis f\u00fcr meinen zehnj\u00e4hrigen Sohn beantragen. Ich konnte schon recht viel digital ausf\u00fcllen und zusenden und auch den Termin digital buchen. Das war in Singen, einer Stadt mit 50000 Einwohnern.<\/p>\n<p class=\"interviewQuestion\">In Stuttgart gibt es noch immer viel Unmut <a href=\"https:\/\/www.stuttgarter-zeitung.de\/inhalt.kommunalwahl-in-stuttgart-stadtverwaltung-in-not-die-buerger-auch.672af29e-ba4f-4ff7-a496-6b4c3dc16d2c.html\" target=\"_blank\" rel=\"noopener\">\u00fcber lange Wartezeiten bei der Kfz-Zulassungsstelle<\/a> oder der Ausl\u00e4nderbeh\u00f6rde. Verstehen Sie den \u00c4rger der B\u00fcrger?<\/p>\n<p class=\"interviewAnswer\">Nat\u00fcrlich, denn das sind genau jene wichtigen Bereiche, wo B\u00fcrger mit Verwaltung zu tun haben. Wenn da etwas nicht funktioniert, ist das schlecht \u2013 auch f\u00fcr das Image von \u00c4mtern.<\/p>\n<p>  <img decoding=\"async\" loading=\"lazy\" src=\"https:\/\/www.europesays.com\/de\/wp-content\/uploads\/2025\/09\/media.media.07d5b86d-517d-4943-a19e-4e282e27bcfb.original1024.media.jpeg\"\/>     J\u00f6rg R\u00f6ber hat selbst viel Erfahrungen in Verwaltungen gesammelt.    Foto: privat    <\/p>\n<p class=\"interviewQuestion\">Woran liegt es?<\/p>\n<p class=\"interviewAnswer\">Das hat viele Gr\u00fcnde. Die Zahl der Einb\u00fcrgerungsantr\u00e4ge steigt stark an, weil nach neuem Recht Zugewanderte jetzt schneller einen deutschen Pass bekommen. Deutschland als Rechtsstaat pr\u00fcft hier wie in anderen Bereichen nach den einzelnen F\u00e4llen, was sehr aufwendig ist. Das trifft in Stuttgart, aber auch in anderen Gro\u00dfst\u00e4dten, auf einen gewaltigen Personalmangel. Stuttgart hat zwar j\u00fcngst mehr als 1400 neue Stellen im aktuellen Doppelhaushalt eingeplant \u2013 die Frage aber ist, ob man sie besetzt bekommt.<\/p>\n<p class=\"interviewQuestion\">Gibt es daf\u00fcr \u00fcberhaupt gen\u00fcgend Geld? Die Einnahmen aus der Gewerbesteuer sind massiv eingebrochen, weil die Automobilindustrie darbt.<\/p>\n<p class=\"interviewAnswer\">Das hoffe ich. Die Stadt muss auf der einen Seite sparen, aber andererseits L\u00fccken stopfen, die Kitas ausbauen, Sozialleistungen sichern und in die Digitalisierung und Modernisierung der Verwaltung investieren. Das ist eine heikle Balance.<\/p>\n<p class=\"interviewQuestion\">Sie haben selbst lange in der Verwaltung gearbeitet. Was hat sie am meisten \u00fcberrascht?<\/p>\n<p class=\"interviewAnswer\">Wie schwer es ist, in Zeiten, in denen es uns besser geht, Gemeinder\u00e4te und auch die \u00d6ffentlichkeit davon zu \u00fcberzeugen, zu sparen. Aber auch das Image von Verwaltungen ist schlechter als die Realit\u00e4t.<\/p>\n<p class=\"interviewQuestion\">Wie k\u00f6nnte man Verwaltungen verbessern?<\/p>\n<p class=\"interviewAnswer\">Man m\u00fcsste Standardprozesse schneller digitalisieren, etwa Anmeldungen von Kfz und Gewerbe, Ummeldungen oder die Hundesteuer. KI-Anwendungen k\u00f6nnten vor allem bei der Pr\u00fcfung von Bescheiden helfen. Wenn wir dieses Brot-und-Butter-Gesch\u00e4ft digitalisierten, k\u00f6nnte die Verwaltung sich ein st\u00fcckweit freischwimmen und die <a href=\"https:\/\/www.stuttgarter-zeitung.de\/inhalt.vergleich-von-83-grossstaedten-stuttgart-ist-die-nummer-3-unter-den-smartesten-staedten.1f9f310e-d13b-4fb5-b17a-4ad68f0761cf.html\" target=\"_blank\" rel=\"noopener\">Digitalisierung weiterer Bereiche vorantreiben<\/a>. Schwieriger ist es, wo viel Abstimmung n\u00f6tig ist oder die Betreuung personalintensiv ist.<\/p>\n<p class=\"interviewQuestion\">Schlie\u00dft die Digitalisierung auch Bev\u00f6lkerungsgruppen aus?<\/p>\n<p class=\"interviewAnswer\">Diejenigen, an denen die Digitalisierung jetzt schon vorbeigeht. Das sind Seniorinnen und Senioren oder Menschen, die die deutsche Sprache nicht so gut beherrschen. Hier w\u00fcrde es helfen, wenn in den Verwaltungen Menschen mit Kenntnissen vieler Sprachen arbeiteten.<\/p>\n<p class=\"interviewQuestion\">Viele B\u00fcrgerinnen und B\u00fcrger verlieren ihr Vertrauen in die Verwaltung, gerade AfD-W\u00e4hler sehen sie besonders kritisch.<\/p>\n<p class=\"interviewAnswer\">Das Vertrauen in die Verwaltungen schwindet. Die \u00dcbergriffe gegen\u00fcber den Besch\u00e4ftigten nehmen zu. Immer mehr Gemeinden arbeiten mit Sicherheitsdiensten oder f\u00fchren Schlie\u00dfzeiten ein \u2013 die Idee des offenen Rathauses verblasst. Gleichzeitig gibt es \u00dcbergriffe auf B\u00fcrgermeister oder Gemeinder\u00e4te. All das ist ein Riesenproblem, denn mit dem Misstrauen schwindet die Legitimit\u00e4t. Ich sehe das mit gro\u00dfer Sorge.<\/p>\n<p class=\"interviewQuestion\">Der Personalmangel versch\u00e4rft sich, weil viele \u201eBoomer\u201c in Rente gehen. Was hei\u00dft das f\u00fcr die \u00f6ffentliche Verwaltung?<\/p>\n<p class=\"interviewAnswer\">Wir haben viel um Studierende geworben \u2013 aber wir k\u00f6nnen an der Hochschule f\u00fcr \u00f6ffentliche Verwaltung in Kehl nicht so viele Studierende ausbilden, wie das Land es gerne f\u00fcr den gehobenen Verwaltungsdienst h\u00e4tte. Als ich k\u00fcrzlich mit Studierenden einen Termin mit der Regierungspr\u00e4sidentin hatte, warb selbst sie: \u201eIch sehe hier die zuk\u00fcnftigen Mitarbeiter des Regierungspr\u00e4sidiums Stuttgart.\u201c Die Sache ist: Auch eine Stadt wie M\u00fcnchen m\u00f6chte unsere Absolventen gewinnen.<\/p>\n<p class=\"interviewQuestion\">Welche Privilegien genie\u00dfen <a href=\"https:\/\/www.stuttgarter-zeitung.de\/thema\/Beamte\" title=\"Beamte\" class=\"art_thema\" target=\"_blank\" rel=\"noopener\">Beamte<\/a> heute noch?<\/p>\n<p class=\"interviewAnswer\">Die Aussicht auf einen sicheren Job spielt in der aktuellen wirtschaftlichen Lage wieder eine gr\u00f6\u00dfere Rolle. Man kann immer noch Familie und Beruf gut vereinbaren, das wird auch in Zukunft m\u00f6glich sein. Au\u00dferdem kann man in der Regel dort arbeiten, wo man leben m\u00f6chte.<\/p>\n<p class=\"interviewQuestion\">Werden immer noch zu viele Menschen verbeamtet?<\/p>\n<p class=\"interviewAnswer\">Ich pers\u00f6nlich frage mich, warum und f\u00fcr welche Bereiche man Beamte ben\u00f6tigt. Ist der Treueschwur f\u00fcr das Einwohnermeldewesen oder die Stadtentwicklung wichtig? Wir k\u00f6nnten den Einstieg in den \u00f6ffentlichen Dienst breiter aufstellen und durchl\u00e4ssiger zur Privatwirtschaft gestalten. Dar\u00fcber m\u00fcssen wir diskutieren.<\/p>\n<p class=\"interviewQuestion\">Allein die Landesverwaltung <a href=\"https:\/\/www.stuttgarter-zeitung.de\/inhalt.stuttgarts-groesste-arbeitgeber-wer-ist-der-groesste-arbeitgeber-das-sind-stuttgarts-big-5.23f0414c-7678-4f24-8901-1d942d6476ca.html\" target=\"_blank\" rel=\"noopener\">hat 39.000 Stellen in Stuttgart<\/a>, die Stadt Stuttgart weitere 17.000. Wie gro\u00df ist die Macht des \u00f6ffentlichen Dienstes?<\/p>\n<p class=\"interviewAnswer\">Der \u00f6ffentliche Dienst ist ein untersch\u00e4tzter Riese \u2013 als Arbeitgeber, aber auch als gro\u00dfer Wirtschaftsfaktor f\u00fcr Stuttgart. Das macht sich bei der Wertsch\u00f6pfung, der Einkommenssteuer und vor allem beim Konsum bemerkbar.<\/p>\n<p class=\"interviewQuestion\">Wie ist der Einfluss auf Wahlen \u2013 gibt es hierzu Studien?<\/p>\n<p class=\"interviewAnswer\">Der \u00f6ffentliche Dienst ist im Wesentlichen ein Spiegel der Gesellschaft \u2013 vielleicht mit einer Tendenz zur Mitte.<\/p>\n<p class=\"interviewAnswer\">\u00a0<\/p>\n<p> Experte f\u00fcr Digitalisierung in den \u00c4mtern <\/p>\n<p class=\"infobox\"><strong>Person<\/strong><br \/>J\u00f6rg R\u00f6ber, Jahrgang 1980, wuchs in Zittau auf, studierte Politik- und Verwaltungswissenschaft und promovierte an der Uni Freiburg. Danach war er pers\u00f6nlicher Referent des OB von Villingen-Schwenningen. Seit 2020 lehrt er an der Hochschule f\u00fcr \u00f6ffentliche Verwaltung in Kehl.<\/p>\n<p class=\"infobox\"><strong>Digitalisierung<\/strong><br \/>In Stuttgart arbeiten mit 39.000 in der Landesverwaltung und rund 17.000 in der Stadtverwaltung besonderes viele Menschen im \u00f6ffentlichen Dienst. Die Stadt Stuttgart konnte zuletzt bei der Digitalisierung in der Verwaltung <a href=\"https:\/\/www.stuttgarter-zeitung.de\/inhalt.vergleich-von-83-grossstaedten-stuttgart-ist-die-nummer-3-unter-den-smartesten-staedten.1f9f310e-d13b-4fb5-b17a-4ad68f0761cf.html\" target=\"_blank\" rel=\"noopener\">gro\u00dfe Fortschritte<\/a> erzielen. Aufgrund des Personalmangels bleiben aber die Warteschlangen vor vielen \u00c4mtern lang.<\/p>\n","protected":false},"excerpt":{"rendered":"Lange Bearbeitungszeiten, langwierige Digitalisierung, offene Stellen: Die \u00c4mter in Stuttgart und in anderen baden-w\u00fcrttembergischen St\u00e4dten k\u00e4mpfen mit \u00dcberlastung,&hellip;\n","protected":false},"author":2,"featured_media":436076,"comment_status":"","ping_status":"","sticky":false,"template":"","format":"standard","meta":{"footnotes":""},"categories":[1830],"tags":[7442,1634,16703,3364,29,22554,30,2134,113563,1105,113564,1441,17075],"class_list":{"0":"post-436075","1":"post","2":"type-post","3":"status-publish","4":"format-standard","5":"has-post-thumbnail","7":"category-stuttgart","8":"tag-aemter","9":"tag-baden-wuerttemberg","10":"tag-beamte","11":"tag-de","12":"tag-deutschland","13":"tag-fachkraefte","14":"tag-germany","15":"tag-interview","16":"tag-joerg-roeber","17":"tag-probleme","18":"tag-staatsdiener","19":"tag-stuttgart","20":"tag-verwaltung"},"share_on_mastodon":{"url":"https:\/\/pubeurope.com\/@de\/115233829020816858","error":""},"_links":{"self":[{"href":"https:\/\/www.europesays.com\/de\/wp-json\/wp\/v2\/posts\/436075","targetHints":{"allow":["GET"]}}],"collection":[{"href":"https:\/\/www.europesays.com\/de\/wp-json\/wp\/v2\/posts"}],"about":[{"href":"https:\/\/www.europesays.com\/de\/wp-json\/wp\/v2\/types\/post"}],"author":[{"embeddable":true,"href":"https:\/\/www.europesays.com\/de\/wp-json\/wp\/v2\/users\/2"}],"replies":[{"embeddable":true,"href":"https:\/\/www.europesays.com\/de\/wp-json\/wp\/v2\/comments?post=436075"}],"version-history":[{"count":0,"href":"https:\/\/www.europesays.com\/de\/wp-json\/wp\/v2\/posts\/436075\/revisions"}],"wp:featuredmedia":[{"embeddable":true,"href":"https:\/\/www.europesays.com\/de\/wp-json\/wp\/v2\/media\/436076"}],"wp:attachment":[{"href":"https:\/\/www.europesays.com\/de\/wp-json\/wp\/v2\/media?parent=436075"}],"wp:term":[{"taxonomy":"category","embeddable":true,"href":"https:\/\/www.europesays.com\/de\/wp-json\/wp\/v2\/categories?post=436075"},{"taxonomy":"post_tag","embeddable":true,"href":"https:\/\/www.europesays.com\/de\/wp-json\/wp\/v2\/tags?post=436075"}],"curies":[{"name":"wp","href":"https:\/\/api.w.org\/{rel}","templated":true}]}}