{"id":436213,"date":"2025-09-20T01:57:16","date_gmt":"2025-09-20T01:57:16","guid":{"rendered":"https:\/\/www.europesays.com\/de\/436213\/"},"modified":"2025-09-20T01:57:16","modified_gmt":"2025-09-20T01:57:16","slug":"wann-fans-heidi-klum-auf-der-koe-treffen-koennen","status":"publish","type":"post","link":"https:\/\/www.europesays.com\/de\/436213\/","title":{"rendered":"Wann Fans Heidi Klum auf der K\u00f6 treffen k\u00f6nnen"},"content":{"rendered":"<p class=\"text_ohne_einzug richtext text-em-55 !leading-serif mx-6 desktop:mx-0\">F\u00fcr alle Fans, die Heidi Klum schon immer einmal treffen wollten, gibt es jetzt gute Nachrichten: Am 30. September k\u00f6nnen sie das Supermodel in <a href=\"https:\/\/rp-online.de\/thema\/duesseldorf\/\" rel=\"nofollow noopener\" target=\"_blank\">D\u00fcsseldorf<\/a> hautnah erleben. Direkt von der <a href=\"https:\/\/rp-online.de\/thema\/fashion\/\" rel=\"nofollow noopener\" target=\"_blank\">Fashion<\/a> Week in <a href=\"https:\/\/rp-online.de\/thema\/paris\/\" rel=\"nofollow noopener\" target=\"_blank\">Paris<\/a> reist Heidi Klum nach D\u00fcsseldorf, genauer gesagt auf die <a href=\"https:\/\/rp-online.de\/thema\/koenigsallee\/\" rel=\"nofollow noopener\" target=\"_blank\">K\u00f6nigsallee<\/a>.<\/p>\n<p class=\"richtext text-em-55 !leading-serif mx-6 desktop:mx-0\">Und genau dort, mitten auf der Luxuseinkaufsstra\u00dfe, k\u00f6nnen Fans das Model treffen. Vom 30. September bis zum 2. Oktober pr\u00e4sentiert L\u2019Or\u00e9al Paris einige Produkt-Highlights in einem exklusiven Pop-up-Store. Zur Er\u00f6ffnung dieses Stores wird Markenbotschafterin Heidi Klum anreisen.<\/p>\n<p class=\"richtext text-em-55 !leading-serif mx-6 desktop:mx-0\">Ab 15.20 Uhr wird die geb\u00fcrtige Bergisch Gladbacherin den Pop-up-Store pers\u00f6nlich er\u00f6ffnen \u2013 f\u00fcr alle Fans die Chance, sie zu treffen. Wo genau auf der K\u00f6 der Store aufgebaut werden wird, wurde bisher allerdings noch nicht verk\u00fcndet. Was allerdings schon feststeht: Besucherinnen k\u00f6nnen sich im \u201eD\u00e9fil\u00e9-Look\u201c schminken und fotografieren lassen. Und eben Heidi Klum treffen. Seit Jahrzehnten feiert sie internationale Erfolge als Supermodel, Unternehmerin und Beauty-Ikone und setzt Ma\u00dfst\u00e4be in der Beautywelt.<\/p>\n","protected":false},"excerpt":{"rendered":"F\u00fcr alle Fans, die Heidi Klum schon immer einmal treffen wollten, gibt es jetzt gute Nachrichten: Am 30.&hellip;\n","protected":false},"author":2,"featured_media":436214,"comment_status":"","ping_status":"","sticky":false,"template":"","format":"standard","meta":{"footnotes":"","_share_on_mastodon":"0"},"categories":[1831],"tags":[3364,29,3405,912,1002,30,5135,8288,1209,113582,1703,24638,13847,65577,4201],"class_list":["post-436213","post","type-post","status-publish","format-standard","has-post-thumbnail","category-duesseldorf","tag-de","tag-deutschland","tag-duesseldorf","tag-eroeffnung","tag-fans","tag-germany","tag-heidi-klum","tag-model","tag-nordrhein-westfalen","tag-oreal","tag-pop","tag-reist","tag-store","tag-supermodel","tag-treffen"],"share_on_mastodon":{"url":"https:\/\/pubeurope.com\/@de\/115234147162549623","error":""},"_links":{"self":[{"href":"https:\/\/www.europesays.com\/de\/wp-json\/wp\/v2\/posts\/436213","targetHints":{"allow":["GET"]}}],"collection":[{"href":"https:\/\/www.europesays.com\/de\/wp-json\/wp\/v2\/posts"}],"about":[{"href":"https:\/\/www.europesays.com\/de\/wp-json\/wp\/v2\/types\/post"}],"author":[{"embeddable":true,"href":"https:\/\/www.europesays.com\/de\/wp-json\/wp\/v2\/users\/2"}],"replies":[{"embeddable":true,"href":"https:\/\/www.europesays.com\/de\/wp-json\/wp\/v2\/comments?post=436213"}],"version-history":[{"count":0,"href":"https:\/\/www.europesays.com\/de\/wp-json\/wp\/v2\/posts\/436213\/revisions"}],"wp:featuredmedia":[{"embeddable":true,"href":"https:\/\/www.europesays.com\/de\/wp-json\/wp\/v2\/media\/436214"}],"wp:attachment":[{"href":"https:\/\/www.europesays.com\/de\/wp-json\/wp\/v2\/media?parent=436213"}],"wp:term":[{"taxonomy":"category","embeddable":true,"href":"https:\/\/www.europesays.com\/de\/wp-json\/wp\/v2\/categories?post=436213"},{"taxonomy":"post_tag","embeddable":true,"href":"https:\/\/www.europesays.com\/de\/wp-json\/wp\/v2\/tags?post=436213"}],"curies":[{"name":"wp","href":"https:\/\/api.w.org\/{rel}","templated":true}]}}