{"id":436523,"date":"2025-09-20T04:52:14","date_gmt":"2025-09-20T04:52:14","guid":{"rendered":"https:\/\/www.europesays.com\/de\/436523\/"},"modified":"2025-09-20T04:52:14","modified_gmt":"2025-09-20T04:52:14","slug":"bahn-beseitigt-nadeloehr-stabilerer-bahnbetrieb","status":"publish","type":"post","link":"https:\/\/www.europesays.com\/de\/436523\/","title":{"rendered":"Bahn beseitigt Nadel\u00f6hr \u2013 \u201eStabilerer Bahnbetrieb\u201c"},"content":{"rendered":"<ol class=\"id-DonaldBreadcrumb lp_west_breadcrumb id-DonaldBreadcrumb--default\" data-k5a-pos=\"west_breadcrumb\">\n<li class=\"id-Breadcrumb-item\"><a href=\"https:\/\/www.merkur.de\/\" class=\"id-Breadcrumb-link\" data-id-ec=\"{\" shn=\"\" textlink=\"\" data-k5a-pos=\"1_startseite\" rel=\"nofollow noopener\" target=\"_blank\">Startseite<\/a><\/li>\n<li class=\"id-Breadcrumb-item\"><a href=\"https:\/\/www.merkur.de\/bayern\/\" class=\"id-Breadcrumb-link\" data-id-ec=\"{\" shn=\"\" textlink=\"\" data-k5a-pos=\"2_bayern\" rel=\"nofollow noopener\" target=\"_blank\">Bayern<\/a><\/li>\n<\/ol>\n<p class=\"id-Story-timestamp id-Story-timestamp--default\">Stand: 20.09.2025, 06:10 Uhr<\/p>\n<p class=\"id-Story-authors id-Story-authors--default\">Von: <a class=\"id-Story-authors-link lp_west_author\" href=\"https:\/\/www.merkur.de\/autor\/katarina-amtmann-29l128xxb.html\" title=\"Zur Autorenseite von Katarina Amtmann\" data-id-ec=\"{\" shn=\"\" author-link=\"\" amtmann=\"\" data-k5a-pos=\"west_author\" rel=\"nofollow noopener\" target=\"_blank\">Katarina Amtmann<\/a><\/p>\n<p class=\"id-Story-interactionBar id-Story-interactionBar--default\">DruckenTeilen<\/p>\n<p class=\"id-StoryElement-leadText\">Ein wichtiger Streckenabschnitt der ICE-Trasse ist fertiggestellt. Der Ausbau in Franken bringt auch Vorteile f\u00fcr den Regionalverkehr.<\/p>\n<p class=\"id-StoryElement-paragraph\">Bamberg &#8211; Gute Neuigkeiten f\u00fcr Bahnreisende: Auf der ICE-Verbindung zwischen <a href=\"https:\/\/www.tz.de\/muenchen\/stadt\/\" class=\"id-import-Link id-pageApi-Link--externalDomain\" title=\"M&#xFC;nchen\" data-id-ec=\"{&quot;sht&quot;:&quot;Container&quot;,&quot;shn&quot;:&quot;Story&quot;,&quot;p&quot;:{&quot;containerType&quot;:&quot;Paragraph&quot;,&quot;displayType&quot;:&quot;Paragraph InlineLink&quot;,&quot;type&quot;:&quot;INLINE_LINK&quot;,&quot;value&quot;:&quot;M&#xFC;nchen&quot;,&quot;variant&quot;:&quot;standardLink&quot;,&quot;sponsored&quot;:false,&quot;linkHref&quot;:&quot;https:\/\/www.tz.de\/muenchen\/stadt\/&quot;,&quot;storyElementPosition&quot;:8,&quot;storyElementCount&quot;:22}}\" rel=\"nofollow noopener\" target=\"_blank\">M\u00fcnchen<\/a> und Berlin wurde ein Nadel\u00f6hr beseitigt. Auch der Regionalverkehr zieht daraus Vorteile.<\/p>\n<p class=\"id-StoryElement-paragraph\">(\u00dcbrigens: Unser <a href=\"https:\/\/www.merkur.de\/sso\/register?redirect_uri=https%3A%2F%2Faccounts.user.id%2Faccount%2Fnewsletter%2Fsubscribe%2FSKU-00000928&amp;source=mt_newsletter-intern_web\" target=\"_blank\" class=\"id-import-Link\" data-id-ec=\"{&quot;sht&quot;:&quot;Container&quot;,&quot;shn&quot;:&quot;Story&quot;,&quot;p&quot;:{&quot;containerType&quot;:&quot;Paragraph&quot;,&quot;displayType&quot;:&quot;Paragraph InlineLink&quot;,&quot;type&quot;:&quot;INLINE_LINK&quot;,&quot;value&quot;:&quot;Bayern-Newsletter&quot;,&quot;variant&quot;:&quot;standardLink&quot;,&quot;sponsored&quot;:false,&quot;linkHref&quot;:&quot;https:\/\/www.merkur.de\/sso\/register?redirect_uri=https%3A%2F%2Faccounts.user.id%2Faccount%2Fnewsletter%2Fsubscribe%2FSKU-00000928&amp;source=mt_newsletter-intern_web&quot;,&quot;storyElementPosition&quot;:10,&quot;storyElementCount&quot;:22}}\" rel=\"nofollow noopener\">Bayern-Newsletter<\/a> informiert Sie t\u00e4glich \u00fcber alle wichtigen Geschichten aus Bayern. Jetzt nach einer kurzen Registrierung bei unserem Medien-Login USER.ID anmelden.)<\/p>\n<p><img decoding=\"async\" class=\"id-RatioPlaceholder-element wv_story_el_image\" src=\"https:\/\/www.europesays.com\/de\/wp-content\/uploads\/2025\/09\/39778260-muenchen-ice-PwBG.jpg\" loading=\"lazy\"   height=\"734\" width=\"1100\" alt=\"M&#xFC;nchen ICE\"\/>Mit dem ICE von M\u00fcnchen nach Berlin: Bahn beseitigt Nadel\u00f6hr (Symbolbild). \u00a9\u00a0IMAGO \/ Ulrich WagnerGute Nachrichten f\u00fcr Bahnreisende: Strecke zwischen N\u00fcrnberg und Bamberg nun viergleisig<\/p>\n<p class=\"id-StoryElement-paragraph\">Der Bau und Ausbau der ICE-Trasse zwischen M\u00fcnchen und Berlin ist seit vielen Jahren ein Mammutprojekt &#8211; jetzt ist auf einem Streckenabschnitt in Franken ein Nadel\u00f6hr verschwunden:\u00a0Die Strecke zwischen <a href=\"https:\/\/www.merkur.de\/bayern\/nuernberg\/\" class=\"id-import-Link\" title=\"N&#xFC;rnberg\" data-id-ec=\"{&quot;sht&quot;:&quot;Container&quot;,&quot;shn&quot;:&quot;Story&quot;,&quot;p&quot;:{&quot;containerType&quot;:&quot;Paragraph&quot;,&quot;displayType&quot;:&quot;Paragraph InlineLink&quot;,&quot;type&quot;:&quot;INLINE_LINK&quot;,&quot;value&quot;:&quot;N&#xFC;rnberg&quot;,&quot;variant&quot;:&quot;standardLink&quot;,&quot;sponsored&quot;:false,&quot;linkHref&quot;:&quot;https:\/\/www.merkur.de\/bayern\/nuernberg\/&quot;,&quot;storyElementPosition&quot;:14,&quot;storyElementCount&quot;:22}}\" rel=\"nofollow noopener\" target=\"_blank\">N\u00fcrnberg<\/a> und Bamberg wurde auf vier Gleise erweitert und geht am 19. September 2025 offiziell in Betrieb.<\/p>\n<p class=\"id-StoryElement-paragraph\">Laut der Deutschen Bahn (DB) verkehren die Z\u00fcge bereits seit dem 9. September auf der erweiterten, rund 60 Kilometer langen Trasse.<\/p>\n<p>\u201eDie sch\u00f6nste Reiseroute Deutschlands\u201c f\u00fchrt durch Bayern: Diese Highlights erwarten Besucher<img decoding=\"async\" class=\"id-RatioPlaceholder-element wv_story_el_interstitialImage\" src=\"https:\/\/www.europesays.com\/de\/wp-content\/uploads\/2025\/08\/1756663580_358_38305174-romantische-strasse-2Yfe.jpg\" loading=\"lazy\"   height=\"1350\" width=\"2400\" alt=\"Romantische Stra&#xDF;e\"\/><a href=\"https:\/\/www.merkur.de\/bayern\/bayern-die-schoenste-reiseroute-deutschlands-fuehrt-durch-zr-93754165.html\" class=\"id-StoryElement-intestitialLink-link\" data-id-ec=\"{\" shn=\"\" ansehen=\"\" data-k5a-pos=\"west_story_16_photoGalleryLink\" title=\"Zur Fotostrecke: &#x201E;Die sch&#xF6;nste Reiseroute Deutschlands&#x201C; f&#xFC;hrt durch Bayern: Diese Highlights erwarten Besucher\" rel=\"nofollow noopener\" target=\"_blank\">Fotostrecke ansehen<\/a>\u201eStabilerer Bahnbetrieb\u201c: Bauarbeiten bei Verkehrsprojekt nun abgeschlossen<\/p>\n<p class=\"id-StoryElement-paragraph\">Durch den Ausbau erhofft sich das Unternehmen einen wesentlich \u201estabileren Bahnbetrieb\u201c. Mit vier statt zwei Gleisen ist die Strecke, die auch f\u00fcr den Regional- und S-Bahnverkehr in Franken von Bedeutung ist, deutlich weniger anf\u00e4llig f\u00fcr St\u00f6rungen.<\/p>\n<p class=\"id-StoryElement-paragraph\">Die nun abgeschlossenen Bauarbeiten sind Teil des \u201eVerkehrsprojekt Deutsche Einheit Nr. 8\u201c. Dieses Projekt umfasst den Neu- und Ausbau der ICE-Strecke von N\u00fcrnberg \u00fcber Erfurt und Leipzig bis nach Berlin. Seit Jahrzehnten wird daran gearbeitet. In Nordbayern steht der Ausbau der Bahn in Bamberg noch aus. (Quelle: dpa)<\/p>\n<p class=\"id-StoryElement-paragraph\">Die Bahn sperrt ab Freitag eine Bahnstrecke bei Pegnitz in Franken. Z\u00fcge fallen teilweise aus. <a href=\"https:\/\/www.merkur.de\/bayern\/auf-weiteres-pendler-aerger-vorprogrammiert-bahn-sperrt-wichtige-bahnstrecke-in-bayern-bis-93942766.html\" class=\"id-import-Link\" data-id-ec=\"{&quot;sht&quot;:&quot;Container&quot;,&quot;shn&quot;:&quot;Story&quot;,&quot;p&quot;:{&quot;containerType&quot;:&quot;Paragraph&quot;,&quot;displayType&quot;:&quot;Paragraph InlineLink&quot;,&quot;type&quot;:&quot;INLINE_LINK&quot;,&quot;value&quot;:&quot;ES gibt Einschr&#xE4;nkungen und Ersatzverkehr.&quot;,&quot;variant&quot;:&quot;standardLink&quot;,&quot;sponsored&quot;:false,&quot;linkHref&quot;:&quot;https:\/\/www.merkur.de\/bayern\/auf-weiteres-pendler-aerger-vorprogrammiert-bahn-sperrt-wichtige-bahnstrecke-in-bayern-bis-93942766.html&quot;,&quot;storyElementPosition&quot;:22,&quot;storyElementCount&quot;:22}}\" rel=\"nofollow noopener\" target=\"_blank\">ES gibt Einschr\u00e4nkungen und Ersatzverkehr.<\/a><\/p>\n","protected":false},"excerpt":{"rendered":"Startseite Bayern Stand: 20.09.2025, 06:10 Uhr Von: Katarina Amtmann DruckenTeilen Ein wichtiger Streckenabschnitt der ICE-Trasse ist fertiggestellt. Der&hellip;\n","protected":false},"author":2,"featured_media":436524,"comment_status":"","ping_status":"","sticky":false,"template":"","format":"standard","meta":{"footnotes":""},"categories":[1827],"tags":[772,29,30,1268],"class_list":{"0":"post-436523","1":"post","2":"type-post","3":"status-publish","4":"format-standard","5":"has-post-thumbnail","7":"category-muenchen","8":"tag-bayern","9":"tag-deutschland","10":"tag-germany","11":"tag-muenchen"},"share_on_mastodon":{"url":"https:\/\/pubeurope.com\/@de\/115234835459662266","error":""},"_links":{"self":[{"href":"https:\/\/www.europesays.com\/de\/wp-json\/wp\/v2\/posts\/436523","targetHints":{"allow":["GET"]}}],"collection":[{"href":"https:\/\/www.europesays.com\/de\/wp-json\/wp\/v2\/posts"}],"about":[{"href":"https:\/\/www.europesays.com\/de\/wp-json\/wp\/v2\/types\/post"}],"author":[{"embeddable":true,"href":"https:\/\/www.europesays.com\/de\/wp-json\/wp\/v2\/users\/2"}],"replies":[{"embeddable":true,"href":"https:\/\/www.europesays.com\/de\/wp-json\/wp\/v2\/comments?post=436523"}],"version-history":[{"count":0,"href":"https:\/\/www.europesays.com\/de\/wp-json\/wp\/v2\/posts\/436523\/revisions"}],"wp:featuredmedia":[{"embeddable":true,"href":"https:\/\/www.europesays.com\/de\/wp-json\/wp\/v2\/media\/436524"}],"wp:attachment":[{"href":"https:\/\/www.europesays.com\/de\/wp-json\/wp\/v2\/media?parent=436523"}],"wp:term":[{"taxonomy":"category","embeddable":true,"href":"https:\/\/www.europesays.com\/de\/wp-json\/wp\/v2\/categories?post=436523"},{"taxonomy":"post_tag","embeddable":true,"href":"https:\/\/www.europesays.com\/de\/wp-json\/wp\/v2\/tags?post=436523"}],"curies":[{"name":"wp","href":"https:\/\/api.w.org\/{rel}","templated":true}]}}