{"id":43714,"date":"2025-04-19T06:44:10","date_gmt":"2025-04-19T06:44:10","guid":{"rendered":"https:\/\/www.europesays.com\/de\/43714\/"},"modified":"2025-04-19T06:44:10","modified_gmt":"2025-04-19T06:44:10","slug":"fake-mordmeldung-aus-ehrenfeld-geht-viral-rtl-deckt-auf","status":"publish","type":"post","link":"https:\/\/www.europesays.com\/de\/43714\/","title":{"rendered":"Fake-Mordmeldung aus Ehrenfeld geht viral\u00a0\u2013 RTL deckt auf!"},"content":{"rendered":"<p>Horror-Tat auf Spielplatz ist eine L\u00fcgeFake-Mordmeldung aus K\u00f6ln-Ehrenfeld geht viral \u2013 RTL deckt auf!<img alt=\"Die Wohnmobil-Fahrerin soll ein Stoppschild missachtet haben. (Symbolbild)\" loading=\"lazy\" width=\"940\" height=\"529\" decoding=\"async\" data-nimg=\"1\" class=\"Image_image__SdgLQ PictureNew_image__dXNT_\" style=\"color:transparent\"   src=\"https:\/\/www.europesays.com\/de\/wp-content\/uploads\/2025\/04\/die-wohnmobil-fahrerin-soll-ein-stoppschild-missachtet-haben-symbolbild.webp.webp\"\/><\/p>\n<p>Die Polizei dementiert die Existenz eines solchen Verbrechens. (Symbolbild)<\/p>\n<p>Marijan Murat\/dpa18. April 2025 um 17:09 Uhr<\/p>\n<p>von <strong>Valerio Magno<\/strong> und <strong>Fabian Klein<\/strong><\/p>\n<p class=\"Typography_text-default__wldUd Typography_align-left__koBUM AnnotatedMarkup_paragraph__IUT9l\"><strong>Die Fake-Mordmeldung erzielt mehr als 700.000 Aufrufe!<\/strong><br \/>In den sozialen Medien geht ein Video \u00fcber ein angebliches Gewaltverbrechen viral. Eine Mutter soll einen Syrer auf einem Spielplatz in K\u00f6ln-Ehrenfeld erstochen haben, um ihre Tochter zu r\u00e4chen. Doch der Polizei ist der Fall nicht bekannt, es handelt sich um eine dreiste \u2013 und zeitgleich auch gef\u00e4hrliche \u2013 Falschmeldung!<\/p>\n<p>Fake-Verbrechen geht in den sozialen Medien viral<\/p>\n<p class=\"Typography_text-default__wldUd Typography_align-left__koBUM AnnotatedMarkup_paragraph__IUT9l\">Mehr als 700.000 Aufrufe generiert das Video auf der Plattform TikTok, viele User reagieren auf das vermeintliche Verbrechen, solidarisieren sich mit der \u201eT\u00e4terin\u201c Jasmin K. Sie soll einen Syrer, der ihre Tochter sexuell misshandelt habe, erstochen haben, ehe sie von Beamten festgenommen wird. Doch die Polizei dementiert die Existenz eines solchen Falles, in dem Video werden Bilder von \u00e4lteren Eins\u00e4tzen in Kroatien oder Estland gezeigt. Die Erz\u00e4hlstimme wirkt h\u00f6lzern, wurde vermutlich mit einer K\u00fcnstlichen Intelligenz generiert. <strong>In dem Clip wird offenbar willentlich eine Falschmeldung pr\u00e4sentiert.<\/strong><\/p>\n<p class=\"Typography_text-default__wldUd Typography_align-left__koBUM AnnotatedMarkup_paragraph__IUT9l\"><strong>Lese-Tipp:<\/strong> <a rel=\"noopener noreferrer\" href=\"https:\/\/www.rtl.de\/rtl-nord\/bundestagswahl-in-fake-video-werden-afd-stimmen-geschreddert-id2100230.html\" target=\"_blank\">Fake-Video zeigt, wie angeblich AfD-Stimmen geschreddert werden<\/a><\/p>\n<p class=\"Typography_text-default__wldUd Typography_align-left__koBUM AnnotatedMarkup_paragraph__IUT9l\">\u201eDas ist extrem gef\u00e4hrlich, vor allem f\u00fcr das Miteinander in unserer Gesellschaft\u201c, bewertet der Leiter des RTL-Verifizierungsteams, Andreas Greuel, die gro\u00dfe Reichweite des TikTok-Beitrags. \u201eDieses Video ist nichts anderes als eine L\u00fcge, wird aber nicht als solche behandelt. Es wird ernst genommen und es zeigt sich in der Kommentierung, dass viele Menschen emotional ber\u00fchrt sind.\u201d<\/p>\n<p><img alt=\"Andreas Greuel, Leiter des RTL-Verifizierungsteams, sch\u00e4tzt das virale Video ein.\" loading=\"lazy\" width=\"940\" height=\"529\" decoding=\"async\" data-nimg=\"1\" class=\"Image_image__SdgLQ PictureNew_image__dXNT_\" style=\"color:transparent\"   src=\"https:\/\/www.europesays.com\/de\/wp-content\/uploads\/2025\/04\/andreas-greuel-leiter-des-rtl-verifizierungsteams-schatzt-das-virale-video-ein.webp.webp\"\/><\/p>\n<p>Andreas Greuel, Leiter des RTL-Verifizierungsteams, sch\u00e4tzt das virale Video ein.<\/p>\n<p>RTL<\/p>\n<p class=\"Typography_text-default__wldUd Typography_align-left__koBUM AnnotatedMarkup_paragraph__IUT9l\">Das verleite User dazu, zu glauben, \u201edass die Welt da drau\u00dfen so ist. <strong>Ist sie aber nicht!<\/strong>\u201c Das Video werde geteilt, \u00fcber das vermeintliche Verbrechen in Gespr\u00e4chen berichtet, die Erz\u00e4hlung weiterverbreitet. \u201eUnd das ist schlecht. Denn das stimmt ja einfach nicht\u201c, erkl\u00e4rt Greuel. Das Thema der Meldung ber\u00fchre viele User emotional, bleibe so im Kopf h\u00e4ngen.<\/p>\n<p>Video-Tipp: Sie sind eine Plage! Immer mehr Fake Shops im Netz<\/p>\n<p>09:46 min<\/p>\n<p>Sind die Beh\u00f6rden machtlos?<\/p>\n<p>Sie sind eine Plage! Immer mehr Fake Shops im Netz<\/p>\n<p>Anzeige:<\/p>\n<p>Empfehlungen unserer Partner<\/p>\n<p>TikTok l\u00e4sst Falschmeldung weiter online<\/p>\n<p class=\"Typography_text-default__wldUd Typography_align-left__koBUM AnnotatedMarkup_paragraph__IUT9l\">Auch knapp zwei Wochen nach der Ver\u00f6ffentlichung bleibt das Video online verf\u00fcgbar, wird weiter geklickt, gelikt und kommentiert. Die Plattform nimmt dies \u201ewillentlich in Kauf\u201c, bemerkt Greuel, k\u00f6nne den Beitrag sehr einfach l\u00f6schen \u2013 macht sie aber nicht. Das durch Interaktionen entstehende Geld ist TikTok scheinbar wichtiger, als \u201eHass und Hetze in den Kommentierungen\u201c zu unterbinden.<\/p>\n<p class=\"Typography_text-default__wldUd Typography_align-left__koBUM AnnotatedMarkup_paragraph__IUT9l\"><strong>Lese-Tipp:<\/strong> <a rel=\"noopener noreferrer\" href=\"https:\/\/www.rtl.de\/news\/nach-deepfake-warnt-tv-arzt-hirschhausen-vor-ki-betrug-um-abnehmpillen-id1684849.html\" target=\"_blank\">Abnehmpille vom Fake-Doktor &#8211; Hirschhausen warnt vor KI-Betrug<\/a><\/p>\n<p class=\"Typography_text-default__wldUd Typography_align-left__koBUM AnnotatedMarkup_paragraph__IUT9l\">Doch wie sollten Nutzer reagieren, die in den sozialen Medien auf ein solches Video sto\u00dfen? F\u00fcr Greuel ist klar: Alle Informationen hinterfragen, im Internet nach Polizeimeldungen oder Artikeln von etablierten Medien suchen. In diesem Fall existiert weder das eine, noch das andere. Und trotzdem erinnern sich wom\u00f6glich tausende User an einen Vergeltungsmord einer Mutter an einem Syrer, den es nie gab.<\/p>\n","protected":false},"excerpt":{"rendered":"Horror-Tat auf Spielplatz ist eine L\u00fcgeFake-Mordmeldung aus K\u00f6ln-Ehrenfeld geht viral \u2013 RTL deckt auf! Die Polizei dementiert die&hellip;\n","protected":false},"author":2,"featured_media":43715,"comment_status":"","ping_status":"","sticky":false,"template":"","format":"standard","meta":{"footnotes":""},"categories":[1828],"tags":[331,338,332,339,29,344,342,343,30,1420,335,329,336,334,341,330,337,333,1209,328,327,12,340],"class_list":{"0":"post-43714","1":"post","2":"type-post","3":"status-publish","4":"format-standard","5":"has-post-thumbnail","7":"category-koeln","8":"tag-aktuelle-nachrichten","9":"tag-aktuelle-nachrichten-auf-einen-blick","10":"tag-aktuelle-news","11":"tag-aktuelle-themen-in-der-welt","12":"tag-deutschland","13":"tag-ems_-news","14":"tag-ems_news_newsausland","15":"tag-ems_news_newsinland","16":"tag-germany","17":"tag-koeln","18":"tag-nachrichten-aus-aller-welt","19":"tag-nachrichten-deutschland","20":"tag-nachrichten-heute","21":"tag-nachrichten-international","22":"tag-nachrichten-usa","23":"tag-news-deutschland","24":"tag-news-heute","25":"tag-news-international","26":"tag-nordrhein-westfalen","27":"tag-rtl-nachrichten","28":"tag-rtl-news","29":"tag-schlagzeilen","30":"tag-usa-news"},"share_on_mastodon":{"url":"https:\/\/pubeurope.com\/@de\/114363279943459598","error":""},"_links":{"self":[{"href":"https:\/\/www.europesays.com\/de\/wp-json\/wp\/v2\/posts\/43714","targetHints":{"allow":["GET"]}}],"collection":[{"href":"https:\/\/www.europesays.com\/de\/wp-json\/wp\/v2\/posts"}],"about":[{"href":"https:\/\/www.europesays.com\/de\/wp-json\/wp\/v2\/types\/post"}],"author":[{"embeddable":true,"href":"https:\/\/www.europesays.com\/de\/wp-json\/wp\/v2\/users\/2"}],"replies":[{"embeddable":true,"href":"https:\/\/www.europesays.com\/de\/wp-json\/wp\/v2\/comments?post=43714"}],"version-history":[{"count":0,"href":"https:\/\/www.europesays.com\/de\/wp-json\/wp\/v2\/posts\/43714\/revisions"}],"wp:featuredmedia":[{"embeddable":true,"href":"https:\/\/www.europesays.com\/de\/wp-json\/wp\/v2\/media\/43715"}],"wp:attachment":[{"href":"https:\/\/www.europesays.com\/de\/wp-json\/wp\/v2\/media?parent=43714"}],"wp:term":[{"taxonomy":"category","embeddable":true,"href":"https:\/\/www.europesays.com\/de\/wp-json\/wp\/v2\/categories?post=43714"},{"taxonomy":"post_tag","embeddable":true,"href":"https:\/\/www.europesays.com\/de\/wp-json\/wp\/v2\/tags?post=43714"}],"curies":[{"name":"wp","href":"https:\/\/api.w.org\/{rel}","templated":true}]}}