{"id":437247,"date":"2025-09-20T11:39:13","date_gmt":"2025-09-20T11:39:13","guid":{"rendered":"https:\/\/www.europesays.com\/de\/437247\/"},"modified":"2025-09-20T11:39:13","modified_gmt":"2025-09-20T11:39:13","slug":"unfall-in-duesseldorf-vennhauser-allee","status":"publish","type":"post","link":"https:\/\/www.europesays.com\/de\/437247\/","title":{"rendered":"Unfall in D\u00fcsseldorf: Vennhauser Allee"},"content":{"rendered":"<p class=\"text_ohne_einzug richtext text-em-55 !leading-serif mx-6 desktop:mx-0\"> Am Samstagmorgen ist es an der Kreuzung Vennhauser Allee und In den K\u00f6tten zu einem schweren Unfall gekommen. Das teilte die <a href=\"https:\/\/rp-online.de\/thema\/polizei\/\" rel=\"nofollow noopener\" target=\"_blank\">Polizei<\/a> D\u00fcsseldorf unserer Redaktion mit. Demnach stie\u00df ein 76-j\u00e4hriger Autofahrer beim Versuch, stadtausw\u00e4rts von der Vennhauser Allee links abzubiegen, frontal mit einem entgegenkommenden VW-Golf zusammen.<\/p>\n","protected":false},"excerpt":{"rendered":"Am Samstagmorgen ist es an der Kreuzung Vennhauser Allee und In den K\u00f6tten zu einem schweren Unfall gekommen.&hellip;\n","protected":false},"author":2,"featured_media":437248,"comment_status":"","ping_status":"","sticky":false,"template":"","format":"standard","meta":{"footnotes":""},"categories":[1831],"tags":[6175,3985,3364,29,3405,30,1209],"class_list":{"0":"post-437247","1":"post","2":"type-post","3":"status-publish","4":"format-standard","5":"has-post-thumbnail","7":"category-duesseldorf","8":"tag-autofahrer","9":"tag-autos","10":"tag-de","11":"tag-deutschland","12":"tag-duesseldorf","13":"tag-germany","14":"tag-nordrhein-westfalen"},"share_on_mastodon":{"url":"https:\/\/pubeurope.com\/@de\/115236435702820768","error":""},"_links":{"self":[{"href":"https:\/\/www.europesays.com\/de\/wp-json\/wp\/v2\/posts\/437247","targetHints":{"allow":["GET"]}}],"collection":[{"href":"https:\/\/www.europesays.com\/de\/wp-json\/wp\/v2\/posts"}],"about":[{"href":"https:\/\/www.europesays.com\/de\/wp-json\/wp\/v2\/types\/post"}],"author":[{"embeddable":true,"href":"https:\/\/www.europesays.com\/de\/wp-json\/wp\/v2\/users\/2"}],"replies":[{"embeddable":true,"href":"https:\/\/www.europesays.com\/de\/wp-json\/wp\/v2\/comments?post=437247"}],"version-history":[{"count":0,"href":"https:\/\/www.europesays.com\/de\/wp-json\/wp\/v2\/posts\/437247\/revisions"}],"wp:featuredmedia":[{"embeddable":true,"href":"https:\/\/www.europesays.com\/de\/wp-json\/wp\/v2\/media\/437248"}],"wp:attachment":[{"href":"https:\/\/www.europesays.com\/de\/wp-json\/wp\/v2\/media?parent=437247"}],"wp:term":[{"taxonomy":"category","embeddable":true,"href":"https:\/\/www.europesays.com\/de\/wp-json\/wp\/v2\/categories?post=437247"},{"taxonomy":"post_tag","embeddable":true,"href":"https:\/\/www.europesays.com\/de\/wp-json\/wp\/v2\/tags?post=437247"}],"curies":[{"name":"wp","href":"https:\/\/api.w.org\/{rel}","templated":true}]}}