{"id":43727,"date":"2025-04-19T06:51:09","date_gmt":"2025-04-19T06:51:09","guid":{"rendered":"https:\/\/www.europesays.com\/de\/43727\/"},"modified":"2025-04-19T06:51:09","modified_gmt":"2025-04-19T06:51:09","slug":"bildungsverwaltung-legt-erstmals-konkrete-plaene-vor","status":"publish","type":"post","link":"https:\/\/www.europesays.com\/de\/43727\/","title":{"rendered":"Bildungsverwaltung legt erstmals konkrete Pl\u00e4ne vor"},"content":{"rendered":"<p class=\"tspAMgv tspAMgw\">Zwei Jahre lang gab es nichts als vage Andeutungen und Widerspr\u00fcche, zu Ostern jetzt die \u00dcberraschung: Erstmals hat sich die CDU-gef\u00fchrte Bildungsverwaltung festgelegt, wie sie sich die Aufwertung des Berliner Religions- und Weltanschauungsunterrichts vorstellt. <\/p>\n<p><a href=\"https:\/\/abo.tagesspiegel.de\/tagesspiegel-app?icid=single-topic_13560985___\" data-gtm-class=\"article-mzt-link\" class=\"tspBZmc\" target=\"_blank\" rel=\"noopener\">Die Tagesspiegel-App Aktuelle Nachrichten, Hintergr\u00fcnde und Analysen direkt auf Ihr Smartphone. Dazu die digitale Zeitung. Hier gratis herunterladen.  <\/a><\/p>\n","protected":false},"excerpt":{"rendered":"Zwei Jahre lang gab es nichts als vage Andeutungen und Widerspr\u00fcche, zu Ostern jetzt die \u00dcberraschung: Erstmals hat&hellip;\n","protected":false},"author":2,"featured_media":43728,"comment_status":"","ping_status":"","sticky":false,"template":"","format":"standard","meta":{"footnotes":""},"categories":[1825],"tags":[8906,5871,296,1567,1890,31,29,30,692,184,22103],"class_list":{"0":"post-43727","1":"post","2":"type-post","3":"status-publish","4":"format-standard","5":"has-post-thumbnail","7":"category-berlin","8":"tag-evangelische-kirche","9":"tag-grundschule","10":"tag-berlin","11":"tag-bildungspolitik","12":"tag-brandenburg","13":"tag-cdu","14":"tag-deutschland","15":"tag-germany","16":"tag-hamburg","17":"tag-spd","18":"tag-staat-und-kirche"},"share_on_mastodon":{"url":"https:\/\/pubeurope.com\/@de\/114363307293980389","error":""},"_links":{"self":[{"href":"https:\/\/www.europesays.com\/de\/wp-json\/wp\/v2\/posts\/43727","targetHints":{"allow":["GET"]}}],"collection":[{"href":"https:\/\/www.europesays.com\/de\/wp-json\/wp\/v2\/posts"}],"about":[{"href":"https:\/\/www.europesays.com\/de\/wp-json\/wp\/v2\/types\/post"}],"author":[{"embeddable":true,"href":"https:\/\/www.europesays.com\/de\/wp-json\/wp\/v2\/users\/2"}],"replies":[{"embeddable":true,"href":"https:\/\/www.europesays.com\/de\/wp-json\/wp\/v2\/comments?post=43727"}],"version-history":[{"count":0,"href":"https:\/\/www.europesays.com\/de\/wp-json\/wp\/v2\/posts\/43727\/revisions"}],"wp:featuredmedia":[{"embeddable":true,"href":"https:\/\/www.europesays.com\/de\/wp-json\/wp\/v2\/media\/43728"}],"wp:attachment":[{"href":"https:\/\/www.europesays.com\/de\/wp-json\/wp\/v2\/media?parent=43727"}],"wp:term":[{"taxonomy":"category","embeddable":true,"href":"https:\/\/www.europesays.com\/de\/wp-json\/wp\/v2\/categories?post=43727"},{"taxonomy":"post_tag","embeddable":true,"href":"https:\/\/www.europesays.com\/de\/wp-json\/wp\/v2\/tags?post=43727"}],"curies":[{"name":"wp","href":"https:\/\/api.w.org\/{rel}","templated":true}]}}