{"id":437466,"date":"2025-09-20T13:38:11","date_gmt":"2025-09-20T13:38:11","guid":{"rendered":"https:\/\/www.europesays.com\/de\/437466\/"},"modified":"2025-09-20T13:38:11","modified_gmt":"2025-09-20T13:38:11","slug":"vhs-sucht-lokalpatrioten-und-geschichtsfans","status":"publish","type":"post","link":"https:\/\/www.europesays.com\/de\/437466\/","title":{"rendered":"VHS sucht Lokalpatrioten und Geschichtsfans"},"content":{"rendered":"<p>    <a href=\"https:\/\/www.hertener-allgemeine.de\/wp-content\/uploads\/2025\/09\/19\/11\/630_0900_5042238_HAL_Ewald_Fuehrung4-1648x824.jpg\" target=\"_blank\" rel=\"noopener\"><\/p>\n<p>            <img decoding=\"async\" fetchpriority=\"high\" src=\"https:\/\/www.europesays.com\/de\/wp-content\/uploads\/2025\/09\/630_0900_5041832_HAL_Ewald_Fuehrung4-640x428.jpg\" width=\"640\" height=\"428\"  alt=\"Mehrere Personen gehen bei einer F\u00fchrung \u00fcber das Gel\u00e4nde der Zeche Ewald in Herten.\"\/><\/p>\n<p>    <\/a><br \/>\n    Die Zeche Ewald in Herten-S\u00fcd \u2013 hier eine fr\u00fchere F\u00fchrung \u00fcber das Gel\u00e4nde \u2013 ist sicher eine der Sehensw\u00fcrdigkeiten, deren bewegte Geschichte die zuk\u00fcnftigen Stadtf\u00fchrer ihren G\u00e4sten vermitteln k\u00f6nnten. \u00a9 Meike Holz (Archiv)<\/p>\n<p class=\"article__teaser-text\">Stadtf\u00fchrer gesucht: Die Volkshochschule weist auf einen Kurs hin, in dem Menschen lernen, wie sie mit eigenen Worten Werbung f\u00fcr Herten machen k\u00f6nnen.<\/p>\n<p>1 Min Lesezeit<\/p>\n<p><a href=\"https:\/\/www.hertener-allgemeine.de\/herten\/\" data-imported=\"1\" title=\"Herten\" target=\"_blank\" rel=\"noopener\">Herten<\/a> bietet viele Sehensw\u00fcrdigkeiten, auf die die B\u00fcrgerinnen und B\u00fcrger stolz sein k\u00f6nnen. Die \u00f6rtliche Volkshochschule (VHS) sucht im Rahmen eines kostenlosen Kursangebotes nun echte Lokalpatrioten, die sich zur Stadtf\u00fchrerin oder zum Stadtf\u00fchrer ausbilden lassen und damit ein Ehrenamt aus\u00fcben m\u00f6chten.<\/p>\n<p>Das Angebot ist au\u00dferdem eine spannende Gelegenheit f\u00fcr alle Interessierten, selbst mehr \u00fcber Herten zu erfahren. Am Donnerstag, 9. Oktober, geht es um 18 Uhr los: Stadtarchivar Sebastian Lawrenz f\u00fchrt die Teilnehmenden im Kaminraum der VHS in die faszinierende Geschichte der Stadt ein und hat auch viele Anekdoten parat.<\/p>\n<p>\t\t<a href=\"https:\/\/www.hertener-allgemeine.de\/herten\/vhs-villa-in-herten-banker-nazis-schweisfurth-stadt-altes-haus-hatte-viele-besitzer-w956702-8000808948\/\" rel=\"nofollow noopener\" aria-hidden=\"true\" tabindex=\"-1\" title=\"Geschichte lebt in Hertens VHS-Villa Vom Nazi-Besitz zur Kulturst\u00e4tte\" aria-label=\"Geschichte lebt in Hertens VHS-Villa Vom Nazi-Besitz zur Kulturst\u00e4tte\" target=\"_blank\"><\/p>\n<p>                <img decoding=\"async\" src=\"https:\/\/www.europesays.com\/de\/wp-content\/uploads\/2025\/09\/630_0900_4231180_HAL_Villa_VHS_2024_10_-160x160.jpg\"  width=\"160\" height=\"160\" alt=\"\u00dcbers Eck fotografierte Villa in der Farbe pompejanisch-rot, rechts ein kleiner Anbau in gelbem Farbton.\" loading=\"lazy\"\/><\/p>\n<p>\t\t<\/a><\/p>\n<p>In dem Kurs \u201eWerde Stadtf\u00fchrer*in in Herten \u2013 Entdecke die Geschichte deiner Stadt!\u201c geht es um die mittelalterlichen Anf\u00e4nge und die industrielle Entwicklung bis zu aktuellen Geschehnissen.<\/p>\n<p>Neben grundlegenden Informationen gibt es f\u00fcr die k\u00fcnftigen Stadtf\u00fchrer auch Pr\u00e4sentationstipps. F\u00fcr Interessierte ist der Kurs ideal, um Geschichtsliebe und Erz\u00e4hlfreude zu kombinieren. Ohne Vorkenntnisse m\u00f6glich, richtet sich das Angebot an alle, die ihre Begeisterung f\u00fcr Herten teilen m\u00f6chten.<\/p>\n<p>Auch f\u00fcr Teilnehmer gibt es einen Stadtrundgang<\/p>\n<p>Ein Highlight ist der Stadtrundgang zu \u201eSpuren in Herten \u2013 Schicksale und Ereignisse in der NS-Herrschaft\u201c am Samstag, 15. November, von 14 bis 17 Uhr. <\/p>\n<p>Der Kurs ist kostenlos, eine Anmeldung aber erforderlich: entweder pers\u00f6nlich bei der VHS in der Gesch\u00e4ftsstelle (Resser Weg 1) w\u00e4hrend der \u00d6ffnungszeiten, telefonisch unter der Rufnummer 02366\/303-581 oder online unter www.vhs-herten.de.<\/p>\n<p>\t\t<a href=\"https:\/\/www.hertener-allgemeine.de\/herten\/interkulturelle-woche-2025-alle-infos-zu-motto-jubilaeumsjahr-und-programm-in-herten-w1076281-8001086086\/\" rel=\"nofollow noopener\" aria-hidden=\"true\" tabindex=\"-1\" title=\"Interkulturelle Woche 2025 Alle Infos zu Motto, Jubil\u00e4umsjahr und Programm in Herten\" aria-label=\"Interkulturelle Woche 2025 Alle Infos zu Motto, Jubil\u00e4umsjahr und Programm in Herten\" target=\"_blank\"><\/p>\n<p>                <img decoding=\"async\" src=\"https:\/\/www.europesays.com\/de\/wp-content\/uploads\/2025\/09\/630_0900_5022033_212_0008_787166_hal_Menschenkette_Herte-160x160.jpg\"  width=\"160\" height=\"160\" alt=\"Menschen halten T\u00fccher und stehen nebeneinander.\" loading=\"lazy\"\/><\/p>\n<p>\t\t<\/a><\/p>\n","protected":false},"excerpt":{"rendered":"Die Zeche Ewald in Herten-S\u00fcd \u2013 hier eine fr\u00fchere F\u00fchrung \u00fcber das Gel\u00e4nde \u2013 ist sicher eine der&hellip;\n","protected":false},"author":2,"featured_media":437467,"comment_status":"","ping_status":"","sticky":false,"template":"","format":"standard","meta":{"footnotes":""},"categories":[1848],"tags":[3364,29,548,663,3934,2507,3658,30,13,14,15,1209,12,113765],"class_list":{"0":"post-437466","1":"post","2":"type-post","3":"status-publish","4":"format-standard","5":"has-post-thumbnail","7":"category-gelsenkirchen","8":"tag-de","9":"tag-deutschland","10":"tag-eu","11":"tag-europa","12":"tag-europe","13":"tag-freizeit","14":"tag-gelsenkirchen","15":"tag-germany","16":"tag-headlines","17":"tag-nachrichten","18":"tag-news","19":"tag-nordrhein-westfalen","20":"tag-schlagzeilen","21":"tag-volkshochschule-herten"},"share_on_mastodon":{"url":"https:\/\/pubeurope.com\/@de\/115236904040263198","error":""},"_links":{"self":[{"href":"https:\/\/www.europesays.com\/de\/wp-json\/wp\/v2\/posts\/437466","targetHints":{"allow":["GET"]}}],"collection":[{"href":"https:\/\/www.europesays.com\/de\/wp-json\/wp\/v2\/posts"}],"about":[{"href":"https:\/\/www.europesays.com\/de\/wp-json\/wp\/v2\/types\/post"}],"author":[{"embeddable":true,"href":"https:\/\/www.europesays.com\/de\/wp-json\/wp\/v2\/users\/2"}],"replies":[{"embeddable":true,"href":"https:\/\/www.europesays.com\/de\/wp-json\/wp\/v2\/comments?post=437466"}],"version-history":[{"count":0,"href":"https:\/\/www.europesays.com\/de\/wp-json\/wp\/v2\/posts\/437466\/revisions"}],"wp:featuredmedia":[{"embeddable":true,"href":"https:\/\/www.europesays.com\/de\/wp-json\/wp\/v2\/media\/437467"}],"wp:attachment":[{"href":"https:\/\/www.europesays.com\/de\/wp-json\/wp\/v2\/media?parent=437466"}],"wp:term":[{"taxonomy":"category","embeddable":true,"href":"https:\/\/www.europesays.com\/de\/wp-json\/wp\/v2\/categories?post=437466"},{"taxonomy":"post_tag","embeddable":true,"href":"https:\/\/www.europesays.com\/de\/wp-json\/wp\/v2\/tags?post=437466"}],"curies":[{"name":"wp","href":"https:\/\/api.w.org\/{rel}","templated":true}]}}