{"id":437563,"date":"2025-09-20T14:30:25","date_gmt":"2025-09-20T14:30:25","guid":{"rendered":"https:\/\/www.europesays.com\/de\/437563\/"},"modified":"2025-09-20T14:30:25","modified_gmt":"2025-09-20T14:30:25","slug":"tausende-demonstrieren-fuer-und-gegen-abtreibung","status":"publish","type":"post","link":"https:\/\/www.europesays.com\/de\/437563\/","title":{"rendered":"Tausende demonstrieren f\u00fcr und gegen Abtreibung"},"content":{"rendered":"<p>&#8222;Marsch f\u00fcr das Leben&#8220; <\/p>\n<p>Tausende demonstrieren f\u00fcr und gegen Abtreibung<\/p>\n<p>Aktualisiert am 20.09.2025 &#8211; 15:32 UhrLesedauer: 1 Min.<\/p>\n<p><a href=\"#focus-0\" class=\"transition-colors duration-200 block text-current relative\" data-sctrack=\"FocusGalleryImage.Reference\"><img fetchpriority=\"high\" data-testid=\"Opener.Image\" style=\"--lqipURL:url('https:\/\/images.t-online.de\/2025\/09\/TpdtfTy9TdDS\/0x107:2048x1152\/fit-in\/150x0\/filters:blur(25)\/mehrere-tausend-menschen-demonstrierten-gegen-den-marsch-fuer-das-leben.jpg')\"   loading=\"eager\" src=\"https:\/\/www.europesays.com\/de\/wp-content\/uploads\/2025\/09\/mehrere-tausend-menschen-demonstrierten-gegen-den-marsch-fuer-das-leben.jpg\" alt=\"&quot;Marsch f\u00fcr das Leben&quot; in K\u00f6ln\" title=\"&quot;Marsch f\u00fcr das Leben&quot; in K\u00f6ln\" width=\"2048\" height=\"1152\" class=\"bg-[url:var(--lqipURL)] bg-cover bg-center flex h-full w-full max-w-full\" decoding=\"async\"\/><img style=\"--width:32;--height:32\" loading=\"lazy\" src=\"https:\/\/www.t-online.de\/s\/paper\/_next\/static\/media\/zoom-in.f7dae02f.svg\" alt=\"Vergr\u00f6\u00dfern des Bildes\" title=\"Vergr\u00f6\u00dfern des Bildes\" class=\"block h-[calc(var(--height)_\/_16_*_1rem)] w-[calc(var(--width)_\/_16_*_1rem)] max-w-none absolute bottom-8 right-8 rounded-4 bg-snow p-8\" decoding=\"async\"\/><\/a><\/p>\n<p>Mehrere Tausend Menschen demonstrierten gegen den &#8222;Marsch f\u00fcr das Leben&#8220;. (Quelle: Christoph Reichwein\/dpa\/dpa-bilder)<\/p>\n<p class=\"font-bold text-18 leading-17\">In K\u00f6ln treffen bei Demos Bef\u00fcrworter und Gegner des Rechts auf Abtreibung aufeinander. Die Polizei ist mit starken Kr\u00e4ften im Einsatz \u2013 und verhinderte zwei Blockade-Versuche.<\/p>\n<p class=\"text-18 leading-17\">In <a class=\"transition-colors duration-200 cursor-pointer text-inherit no-underline text-salemsfur md:hover:text-magenta md:hover:border-magenta md:focus:text-magenta border-current border-b border-solid break-words\" href=\"https:\/\/www.t-online.de\/region\/koeln\/\" data-sctrack=\"BodyAnchor\" rel=\"nofollow noopener\" target=\"_blank\">K\u00f6ln<\/a> haben am Samstag jeweils mehrere Tausend Menschen f\u00fcr und gegen Abtreibung demonstriert. Am Nachmittag zog ein &#8222;Marsch f\u00fcr das Leben&#8220; durch die Innenstadt, zu dem 5.000 Teilnehmer angemeldet waren. Gegen diese Versammlung richtete sich eine Kundgebung unter dem Motto &#8222;Pro Choice&#8220; \u2013 dort kamen nach einer ersten Einsch\u00e4tzung von Beobachtern deutlich mehr als die erwarteten 1.000 angemeldeten Teilnehmer.<\/p>\n<p class=\"text-18 leading-17\">Die Polizei hatte angek\u00fcndigt, mit starken Einsatzkr\u00e4ften pr\u00e4sent zu sein und konsequent gegen St\u00f6rer vorzugehen. Zweimal sei von Gegendemonstranten versucht worden, den &#8222;Marsch f\u00fcr das Leben&#8220; zu stoppen, sagte ein Polizeisprecher. Einsatzkr\u00e4fte h\u00e4tten die St\u00f6rer aber wegschieben k\u00f6nnen.<\/p>\n<p class=\"text-18 leading-17\">Zu dem &#8222;Marsch f\u00fcr das Leben&#8220; hatte der &#8222;Bundesverband Lebensrecht&#8220; aufgerufen. In einem Gru\u00dfwort schrieb der K\u00f6lner Erzbischof Rainer Maria Woelki, die christlich-j\u00fcdische Herleitung der Menschenw\u00fcrde aus der Gottesebenbildlichkeit des Menschen begr\u00fcnde &#8222;den Schutz seines Lebens und die Achtung seiner W\u00fcrde vom Moment der Empf\u00e4ngnis bis an sein nat\u00fcrliches Lebensende&#8220;.<\/p>\n","protected":false},"excerpt":{"rendered":"&#8222;Marsch f\u00fcr das Leben&#8220; Tausende demonstrieren f\u00fcr und gegen Abtreibung Aktualisiert am 20.09.2025 &#8211; 15:32 UhrLesedauer: 1 Min.&hellip;\n","protected":false},"author":2,"featured_media":437564,"comment_status":"","ping_status":"","sticky":false,"template":"","format":"standard","meta":{"footnotes":"","_share_on_mastodon":"0"},"categories":[1828],"tags":[6238,507,15157,29,30,1420,1209,121],"class_list":["post-437563","post","type-post","status-publish","format-standard","has-post-thumbnail","category-koeln","tag-abtreibung","tag-demonstration","tag-demonstrationszug","tag-deutschland","tag-germany","tag-koeln","tag-nordrhein-westfalen","tag-polizei"],"share_on_mastodon":{"url":"https:\/\/pubeurope.com\/@de\/115237108493207685","error":""},"_links":{"self":[{"href":"https:\/\/www.europesays.com\/de\/wp-json\/wp\/v2\/posts\/437563","targetHints":{"allow":["GET"]}}],"collection":[{"href":"https:\/\/www.europesays.com\/de\/wp-json\/wp\/v2\/posts"}],"about":[{"href":"https:\/\/www.europesays.com\/de\/wp-json\/wp\/v2\/types\/post"}],"author":[{"embeddable":true,"href":"https:\/\/www.europesays.com\/de\/wp-json\/wp\/v2\/users\/2"}],"replies":[{"embeddable":true,"href":"https:\/\/www.europesays.com\/de\/wp-json\/wp\/v2\/comments?post=437563"}],"version-history":[{"count":0,"href":"https:\/\/www.europesays.com\/de\/wp-json\/wp\/v2\/posts\/437563\/revisions"}],"wp:featuredmedia":[{"embeddable":true,"href":"https:\/\/www.europesays.com\/de\/wp-json\/wp\/v2\/media\/437564"}],"wp:attachment":[{"href":"https:\/\/www.europesays.com\/de\/wp-json\/wp\/v2\/media?parent=437563"}],"wp:term":[{"taxonomy":"category","embeddable":true,"href":"https:\/\/www.europesays.com\/de\/wp-json\/wp\/v2\/categories?post=437563"},{"taxonomy":"post_tag","embeddable":true,"href":"https:\/\/www.europesays.com\/de\/wp-json\/wp\/v2\/tags?post=437563"}],"curies":[{"name":"wp","href":"https:\/\/api.w.org\/{rel}","templated":true}]}}