{"id":437688,"date":"2025-09-20T15:42:21","date_gmt":"2025-09-20T15:42:21","guid":{"rendered":"https:\/\/www.europesays.com\/de\/437688\/"},"modified":"2025-09-20T15:42:21","modified_gmt":"2025-09-20T15:42:21","slug":"rot-weiss-essen-siegt-spektakulaer-gegen-hansa-rostock","status":"publish","type":"post","link":"https:\/\/www.europesays.com\/de\/437688\/","title":{"rendered":"Rot-Weiss Essen siegt spektakul\u00e4r gegen Hansa Rostock"},"content":{"rendered":"<p>Newsblog zu Rot-Weiss Essen <\/p>\n<p>RWE mit Gala-Vorstellung gegen Rostock<\/p>\n<p>Aktualisiert am 20.09.2025 &#8211; 16:52 UhrLesedauer: 11 Min.<\/p>\n<p><a href=\"#focus-0\" class=\"transition-colors duration-200 block text-current relative\" data-sctrack=\"FocusGalleryImage.Reference\"><img fetchpriority=\"high\" data-testid=\"Opener.Image\" style=\"--lqipURL:url('https:\/\/images.t-online.de\/2025\/09\/8MkyU-fUwOBr\/0x267:4000x2250\/fit-in\/150x0\/filters:blur(25)\/image.jpg')\"   loading=\"eager\" src=\"https:\/\/www.europesays.com\/de\/wp-content\/uploads\/2025\/09\/1758204438_596_image.jpg\" alt=\"imago images 1060943181\" title=\"imago images 1060943181\" width=\"4000\" height=\"2250\" class=\"bg-[url:var(--lqipURL)] bg-cover bg-center flex h-full w-full max-w-full\" decoding=\"async\"\/><img style=\"--width:32;--height:32\" loading=\"lazy\" src=\"https:\/\/www.t-online.de\/s\/paper\/_next\/static\/media\/zoom-in.f7dae02f.svg\" alt=\"Vergr\u00f6\u00dfern des Bildes\" title=\"Vergr\u00f6\u00dfern des Bildes\" class=\"block h-[calc(var(--height)_\/_16_*_1rem)] w-[calc(var(--width)_\/_16_*_1rem)] max-w-none absolute bottom-8 right-8 rounded-4 bg-snow p-8\" decoding=\"async\"\/><\/a><\/p>\n<p>Tom Moustier im Duell mit einem Rostock-Spieler (Archivbild): Rot-Weiss Essen tritt am Samstag gegen die Hanseaten an. (Quelle: IMAGO\/Herbertz \/ Nico Herbertz)<\/p>\n<p class=\"font-bold text-18 leading-17\">Rot-Weiss Essen ist einer der traditionsreichsten Fu\u00dfballvereine Deutschlands. Im Newsblog finden Sie alle wichtigen Meldungen und Entwicklungen rund um den Verein von der Hafenstra\u00dfe.<\/p>\n<p class=\"text-18 leading-17\">Trotz langer \u00dcberzahl hat Fu\u00dfball-Drittligist Hansa <a class=\"transition-colors duration-200 cursor-pointer text-inherit no-underline text-salemsfur md:hover:text-magenta md:hover:border-magenta md:focus:text-magenta border-current border-b border-solid break-words\" href=\"https:\/\/www.t-online.de\/themen\/rostock\/\" data-sctrack=\"BodyAnchor\" rel=\"nofollow noopener\" target=\"_blank\">Rostock<\/a> im Ausw\u00e4rtsspiel bei Rot-Weiss Essen eine deutliche Niederlage kassiert. Die Mannschaft von Trainer Daniel Brinkmann pr\u00e4sentierte sich schwach und unterlag an der Hafenstra\u00dfe beim ersten Essener Heimsieg der Saison klar mit 0:3 (0:3). Selbst die gro\u00dfe Chance zum Ehrentreffer lie\u00df Hansa ungenutzt: Emil Holten scheiterte in der 82. Minute mit einem Handelfmeter. <a class=\"transition-colors duration-200 cursor-pointer text-inherit no-underline text-salemsfur md:hover:text-magenta md:hover:border-magenta md:focus:text-magenta border-current border-b border-solid break-words\" href=\"https:\/\/www.t-online.de\/region\/essen\/id_100923058\/rot-weiss-essen-hansa-rostock-trotz-ueberzahl-chancenlos.html\" data-sctrack=\"BodyAnchor\" rel=\"nofollow noopener\" target=\"_blank\">Mehr dazu lesen Sie hier.<\/a><\/p>\n<p class=\"text-18 leading-17\">Donnerstag, 18. September<\/p>\n<p class=\"text-18 leading-17\">Der <a class=\"transition-colors duration-200 cursor-pointer text-inherit no-underline text-salemsfur md:hover:text-magenta md:hover:border-magenta md:focus:text-magenta border-current border-b border-solid break-words\" href=\"https:\/\/www.t-online.de\/themen\/ndr\/\" data-sctrack=\"BodyAnchor\" rel=\"nofollow noopener\" target=\"_blank\">NDR<\/a> \u00fcbertr\u00e4gt das Drittligaspiel zwischen Rot-Weiss Essen und Hansa Rostock am Samstag um 14 Uhr live im Free-TV. Zus\u00e4tzlich bietet der Sender einen kostenlosen Livestream auf ndr.de an.<\/p>\n<p class=\"text-18 leading-17\">Fu\u00dfballfans k\u00f6nnen die Partie auch beim kostenpflichtigen Streaminganbieter MagentaSport verfolgen. Das Traditionsduell verspricht Spannung, nachdem beide Teams unterschiedliche Ergebnisse in der englischen Woche erzielten.<\/p>\n<p class=\"text-18 leading-17\">Hansa Rostock besiegte am Mittwoch 1860 <a rel=\"nofollow noopener\" target=\"_blank\" class=\"transition-colors duration-200 cursor-pointer text-inherit no-underline text-salemsfur md:hover:text-magenta md:hover:border-magenta md:focus:text-magenta border-current border-b border-solid break-words\" href=\"https:\/\/muenchen.t-online.de\/region\/muenchen\/\" data-sctrack=\"BodyAnchor\">M\u00fcnchen<\/a> mit 2:1. Die Mannschaft pr\u00e4sentierte sich deutlich verbessert im Vergleich zum torlosen Unentschieden gegen <a class=\"transition-colors duration-200 cursor-pointer text-inherit no-underline text-salemsfur md:hover:text-magenta md:hover:border-magenta md:focus:text-magenta border-current border-b border-solid break-words\" href=\"https:\/\/www.t-online.de\/themen\/osnabrueck\/\" data-sctrack=\"BodyAnchor\" rel=\"nofollow noopener\" target=\"_blank\">Osnabr\u00fcck<\/a> am Sonntag.<\/p>\n<p class=\"text-18 leading-17\">Rot-Weiss Essen kam in seinem letzten Spiel nicht \u00fcber ein 1:1 gegen Osnabr\u00fcck hinaus. RWE-Trainer Uwe Koschinat (54) bewertete das Ergebnis als gerechtes Unentschieden mit unterschiedlichen Spielphasen.<\/p>\n<p class=\"text-18 leading-17\">\u201eIn Heimspielen bekommen wir momentan nicht so viele Szenen, in denen einer frei zum Abschluss kommt, wir m\u00fcssen uns alles hart erarbeiten. Ich habe ein Spiel mit viel Einsatz gesehen, das strategisch gut war. Es war heute kein R\u00fcckschritt, aber auch kein Vorw\u00e4rtskommen. In drei Heimspielen nicht gewonnen zu haben, ist zu wenig, um oben anzudocken&#8220;, erkl\u00e4rte Koschinat.<\/p>\n<p class=\"text-18 leading-17\">RWE nimmt nur einen Punkt aus dem ersten Heimspiel der englischen Woche mit. Gegen den <a class=\"transition-colors duration-200 cursor-pointer text-inherit no-underline text-salemsfur md:hover:text-magenta md:hover:border-magenta md:focus:text-magenta border-current border-b border-solid break-words\" href=\"https:\/\/www.t-online.de\/themen\/vfl-osnabrueck\/\" data-sctrack=\"BodyAnchor\" rel=\"nofollow noopener\" target=\"_blank\">VfL Osnabr\u00fcck<\/a> reichte es am Mittwochabend f\u00fcr Rot-Weiss Essen nur f\u00fcr eine 1:1 (0:0).<\/p>\n<p class=\"text-18 leading-17\">Vor 18.047 Zuschauern an der Hafenstra\u00dfe brachte Lars Kehl die Osnabr\u00fccker in der 66. Minute per Elfmeter in F\u00fchrung, nachdem Patrick Kammerbauer zuvor im Strafraum gefoult worden war. Tom Moustier traf jedoch bereits zwei Minuten sp\u00e4ter zum Ausgleich f\u00fcr die Gastgeber.<\/p>\n<p class=\"text-18 leading-17\">Die Essener bestimmten zu Beginn beider Halbzeiten das Spielgeschehen. Doch auch der VfL kam zu guten M\u00f6glichkeiten durch Kai Pr\u00f6ger (31.) und Robin Mei\u00dfner (65.). Nach dem schnellen Ausgleich retteten die Osnabr\u00fccker den Punkt \u00fcber die Zeit.<\/p>\n<p class=\"text-18 leading-17\">Am Samstag trifft der Drittligist dann erneut im heimischen Stadion auf Hansa Rostock.<\/p>\n","protected":false},"excerpt":{"rendered":"Newsblog zu Rot-Weiss Essen RWE mit Gala-Vorstellung gegen Rostock Aktualisiert am 20.09.2025 &#8211; 16:52 UhrLesedauer: 11 Min. Tom&hellip;\n","protected":false},"author":2,"featured_media":437689,"comment_status":"","ping_status":"","sticky":false,"template":"","format":"standard","meta":{"footnotes":"","_share_on_mastodon":"0"},"categories":[1834],"tags":[27049,2533,3737,79655,3717,3364,29,1264,3688,73398,347,30,3726,878,70175,40714,112913,112915,438,3129,112911,112912,36840,1209,176,112914,583,3714,3856,1133,16757,3720,12777],"class_list":["post-437688","post","type-post","status-publish","format-standard","has-post-thumbnail","category-essen","tag-1-fc-schweinfurt","tag-2533","tag-3737","tag-79655","tag-christoph-dabrowski","tag-de","tag-deutschland","tag-dfb-pokal","tag-essen","tag-fokusthema","tag-fussball","tag-germany","tag-hafenstrasse","tag-jahn-regensburg","tag-kai-proeger","tag-kelsey-owusu","tag-lars-kehl","tag-michael-wimmer","tag-ndr","tag-newsblog","tag-nico-niedziella","tag-nils-kaiser","tag-noel-eichinger","tag-nordrhein-westfalen","tag-nrw","tag-patrick-kammerbauer","tag-rostock","tag-rot-weiss-essen","tag-ruhrgebiet","tag-rwe","tag-ssv-jahn-regensburg","tag-uwe-koschinat","tag-vfl-osnabrueck"],"share_on_mastodon":{"url":"https:\/\/pubeurope.com\/@de\/115237391357363359","error":""},"_links":{"self":[{"href":"https:\/\/www.europesays.com\/de\/wp-json\/wp\/v2\/posts\/437688","targetHints":{"allow":["GET"]}}],"collection":[{"href":"https:\/\/www.europesays.com\/de\/wp-json\/wp\/v2\/posts"}],"about":[{"href":"https:\/\/www.europesays.com\/de\/wp-json\/wp\/v2\/types\/post"}],"author":[{"embeddable":true,"href":"https:\/\/www.europesays.com\/de\/wp-json\/wp\/v2\/users\/2"}],"replies":[{"embeddable":true,"href":"https:\/\/www.europesays.com\/de\/wp-json\/wp\/v2\/comments?post=437688"}],"version-history":[{"count":0,"href":"https:\/\/www.europesays.com\/de\/wp-json\/wp\/v2\/posts\/437688\/revisions"}],"wp:featuredmedia":[{"embeddable":true,"href":"https:\/\/www.europesays.com\/de\/wp-json\/wp\/v2\/media\/437689"}],"wp:attachment":[{"href":"https:\/\/www.europesays.com\/de\/wp-json\/wp\/v2\/media?parent=437688"}],"wp:term":[{"taxonomy":"category","embeddable":true,"href":"https:\/\/www.europesays.com\/de\/wp-json\/wp\/v2\/categories?post=437688"},{"taxonomy":"post_tag","embeddable":true,"href":"https:\/\/www.europesays.com\/de\/wp-json\/wp\/v2\/tags?post=437688"}],"curies":[{"name":"wp","href":"https:\/\/api.w.org\/{rel}","templated":true}]}}