{"id":437938,"date":"2025-09-20T18:08:11","date_gmt":"2025-09-20T18:08:11","guid":{"rendered":"https:\/\/www.europesays.com\/de\/437938\/"},"modified":"2025-09-20T18:08:11","modified_gmt":"2025-09-20T18:08:11","slug":"estlands-ruf-an-die-nato-als-zeichen-der-staerke-politik","status":"publish","type":"post","link":"https:\/\/www.europesays.com\/de\/437938\/","title":{"rendered":"Estlands Ruf an die Nato als Zeichen der St\u00e4rke &#8211; Politik"},"content":{"rendered":"<p data-manual=\"teaserText\" data-schema-org-speakable=\"true\">Zum f\u00fcnften Mal in diesem Jahr hat Russland estnischen Luftraum verletzt, den j\u00fcngsten Vorfall nennt Estlands Au\u00dfenminister \u201ebeispiellos brutal\u201c. Kurz vor den Kommunalwahlen sucht die Regierung die Unterst\u00fctzung der Nato.<\/p>\n<p> div:not([style*=&#8217;display: none&#8216;]):not(.iqdnoad)){margin-bottom:60px;margin-top:60px;}}]]> div:not([style*=&#8217;display: none&#8216;]):not(.iqdnoad))::before{content:none;}@media screen and (min-width: 768px){.css-wglhfu{margin-bottom:0;margin-top:0;}}@media screen and (min-width: 768px){.css-wglhfu{margin-left:0;margin-right:0;}}@media screen and (min-width: 1000px){.css-wglhfu{margin-left:-180px;width:1000px;}.css-wglhfu:has(> div:not([style*=&#8217;display: none&#8216;]):not(.iqdnoad)){margin-bottom:60px;margin-top:60px;}}]]> div:not([style*=&#8217;display: none&#8216;]):not(.iqdnoad))::before{content:none;}@media screen and (min-width: 768px){.css-1qhsfhd{margin-bottom:0;margin-top:0;}}@media screen and (min-width: 768px){.css-1qhsfhd{display:block;}}@media screen and (min-width: 768px){.css-1qhsfhd{margin-left:0;margin-right:0;}}@media screen and (min-width: 1000px){.css-1qhsfhd{margin-left:-180px;width:1000px;}.css-1qhsfhd:has(> div:not([style*=&#8217;display: none&#8216;]):not(.iqdnoad)){margin-bottom:60px;margin-top:60px;}}]]><\/p>\n<p data-manual=\"paragraph\" data-schema-org-speakable=\"true\" class=\"css-13ksqr8\">F\u00fcr <a href=\"https:\/\/www.sueddeutsche.de\/thema\/Estland\" target=\"_blank\" rel=\"noopener\">Estland<\/a> geh\u00f6ren russische Provokationen oder sogar Angriffe schon zum Alltag: Seien es durch die russische Schattenflotte besch\u00e4digte Unterseekabel, Cyber- und Hackerangriffe, die Verbreitung von Desinformation oder die St\u00f6rung des Flugverkehrs. <a href=\"https:\/\/www.sueddeutsche.de\/politik\/russland-gps-ostseeraum-flugverkehr-elektronische-kriegsfuehrung-1.6769469?reduced=true\" target=\"_blank\" rel=\"noopener\">Zeitweise musste der Flugplatz der zweitgr\u00f6\u00dften Stadt Tartu schlie\u00dfen<\/a>, weil immer wieder <a href=\"https:\/\/www.sueddeutsche.de\/projekte\/artikel\/politik\/flugzeuge-gps-kriege-spoofing-stoersender-russland-fliegen-gefahr-e020270\/?reduced=true\" target=\"_blank\" rel=\"noopener\">Flugzeuge durch Signalst\u00f6rungen fehlgeleitet wurden<\/a>. Durch neuere Technik konnte das Problem behoben werden.<\/p>\n","protected":false},"excerpt":{"rendered":"Zum f\u00fcnften Mal in diesem Jahr hat Russland estnischen Luftraum verletzt, den j\u00fcngsten Vorfall nennt Estlands Au\u00dfenminister \u201ebeispiellos&hellip;\n","protected":false},"author":2,"featured_media":437939,"comment_status":"","ping_status":"","sticky":false,"template":"","format":"standard","meta":{"footnotes":""},"categories":[4013],"tags":[331,332,147,14979,3189,13,148,14,1159,15,16,4043,4044,850,307,12,149,317,306],"class_list":{"0":"post-437938","1":"post","2":"type-post","3":"status-publish","4":"format-standard","5":"has-post-thumbnail","7":"category-russland","8":"tag-aktuelle-nachrichten","9":"tag-aktuelle-news","10":"tag-ausland","11":"tag-baltikum","12":"tag-estland","13":"tag-headlines","14":"tag-leserdiskussion","15":"tag-nachrichten","16":"tag-nato","17":"tag-news","18":"tag-politik","19":"tag-russia","20":"tag-russian-federation","21":"tag-russische-foederation","22":"tag-russland","23":"tag-schlagzeilen","24":"tag-sueddeutsche-zeitung","25":"tag-ukraine","26":"tag-wladimir-putin"},"share_on_mastodon":{"url":"","error":""},"_links":{"self":[{"href":"https:\/\/www.europesays.com\/de\/wp-json\/wp\/v2\/posts\/437938","targetHints":{"allow":["GET"]}}],"collection":[{"href":"https:\/\/www.europesays.com\/de\/wp-json\/wp\/v2\/posts"}],"about":[{"href":"https:\/\/www.europesays.com\/de\/wp-json\/wp\/v2\/types\/post"}],"author":[{"embeddable":true,"href":"https:\/\/www.europesays.com\/de\/wp-json\/wp\/v2\/users\/2"}],"replies":[{"embeddable":true,"href":"https:\/\/www.europesays.com\/de\/wp-json\/wp\/v2\/comments?post=437938"}],"version-history":[{"count":0,"href":"https:\/\/www.europesays.com\/de\/wp-json\/wp\/v2\/posts\/437938\/revisions"}],"wp:featuredmedia":[{"embeddable":true,"href":"https:\/\/www.europesays.com\/de\/wp-json\/wp\/v2\/media\/437939"}],"wp:attachment":[{"href":"https:\/\/www.europesays.com\/de\/wp-json\/wp\/v2\/media?parent=437938"}],"wp:term":[{"taxonomy":"category","embeddable":true,"href":"https:\/\/www.europesays.com\/de\/wp-json\/wp\/v2\/categories?post=437938"},{"taxonomy":"post_tag","embeddable":true,"href":"https:\/\/www.europesays.com\/de\/wp-json\/wp\/v2\/tags?post=437938"}],"curies":[{"name":"wp","href":"https:\/\/api.w.org\/{rel}","templated":true}]}}