{"id":438311,"date":"2025-09-20T21:46:38","date_gmt":"2025-09-20T21:46:38","guid":{"rendered":"https:\/\/www.europesays.com\/de\/438311\/"},"modified":"2025-09-20T21:46:38","modified_gmt":"2025-09-20T21:46:38","slug":"bestsellerliste-von-das-buch-aktuelle-buchtrends","status":"publish","type":"post","link":"https:\/\/www.europesays.com\/de\/438311\/","title":{"rendered":"Bestsellerliste von &#8218;Das Buch&#8216;: Aktuelle Buchtrends"},"content":{"rendered":"<p>\n        Spannend, emotional oder informativ: Diese B\u00fccher sind derzeit absolute Besteller!\n      <\/p>\n<p><a href=\"https:\/\/www.vol.at\/specials\/buchtipp\" target=\"_blank\" rel=\"noopener\">Die Bestseller und zahlreiche weitere B\u00fccher<\/a> sowie Spiele gibt es bei <a href=\"https:\/\/das-buch.buchkatalog.at\/\" target=\"_blank\" rel=\"noopener\">&#8222;Das Buch&#8220; im Messepark<\/a>. Au\u00dferdem k\u00f6nnen sie versandkostenfrei <a href=\"https:\/\/das-buch.buchkatalog.at\/\" target=\"_blank\" rel=\"noopener\">online<\/a> bestellt werden.<\/p>\n<p>Ab dem 1. Oktober 2025 wird die Buchhandlung &#8222;Das Buch&#8220; zu einer Thalia Filiale. Telefonisch sind sie ab 1. Oktober f\u00fcr euch unter dieser Nummer erreichbar: <strong>0732 7615 46117<\/strong>. Per E-Mail erreicht ihr sie ab <strong>27. September unter <a href=\"https:\/\/www.vol.at\/das-buch-bestsellerliste-welche-buecher-derzeit-besonders-beliebt-sind\/mailto:service.dornbirn@thalia.at\" target=\"_blank\" rel=\"noopener\">service.dornbirn@thalia.at<\/a>.\u00a0<\/strong>Wegen Umstellungsarbeiten bleibt die Buchhandlung vom 27. bis 30 September geschlossen.<\/p>\n<p>Die w\u00f6chentliche Bestsellerliste der Buchhandlung, die hier samstags erschienen ist, <strong>wird es<\/strong> in dieser Form n<strong>icht mehr geben.<\/strong> Ganz ohne Lesestoff m\u00fcsst ihr aber nicht auskommen: <strong>Ab sofort<\/strong> gibt es<strong> jeden ersten Samstag im Monat meine eigene Bestsellerliste <strong>(Jungredakteurin Paloma Mock) <\/strong>.<\/strong> Die mischt verschiedene Quellen \u2013 von den Spiegel-Bestsellern \u00fcber aktuelle BookTok-Hypes bis hin zu meinem pers\u00f6nlichen Tipp. So bleibt es spannend, auch wenn der Rhythmus etwas gem\u00e4chlicher wird. <\/p>\n<p><a href=\"https:\/\/www.vol.at\/buchfavoriten-des-monats-bestseller-booktok-hypes-geheimtipps-zum-weiterlesen\/9647357\" target=\"_blank\" rel=\"noopener\">Hier geht es zu den Buchfavoriten des Monats im September<\/a><\/p>\n<p>\n            BELLETRISTIK\n          <\/p>\n<p>\n            1. Dan Brown &#8211; The secret of secrets\n          <\/p>\n<p><img loading=\"lazy\" decoding=\"async\" src=\"https:\/\/www.europesays.com\/de\/wp-content\/uploads\/2025\/09\/9785390500001A.jpg\" alt=\"\" width=\"473\" height=\"750\"\/><\/p>\n<p>Dieses Buch gibt es in zwei Versionen: mit und ohne Farbschnitt. Sobald die Farbschnitt-Ausgabe ausverkauft ist, liefern wir die Ausgabe ohne Farbschnitt aus.Robert Langdon, Symbolforscher aus Harvard, begleitet seine Freundin Katherine Solomon nach Prag. Katherine bereitet die Ver\u00f6ffentlichung eines Buches vor, das bahnbrechende Entdeckungen \u00fcber die wahre Natur des menschlichen Bewusstseins offenbart. Doch ein brutaler Mord st\u00fcrzt die Reise in ein unvorhersehbares Chaos, und Katherine verschwindet pl\u00f6tzlich, ebenso ihr Manuskript. Langdon sieht sich fortan einer m\u00e4chtigen Organisation gegen\u00fcber und wird von einem unheimlichen Angreifer verfolgt, der aus Prags \u00e4ltester Mythologie entsprungen zu sein scheint und nur ein Ziel verfolgt: gnadenlose Rache.<\/p>\n<p>\n            2. Ein ganz besonderer Ort &#8211; Jojo Moyes\n          <\/p>\n<p><img loading=\"lazy\" decoding=\"async\" src=\"https:\/\/www.europesays.com\/de\/wp-content\/uploads\/2025\/09\/9797216700001A.jpg\" alt=\"\" width=\"482\" height=\"750\"\/><\/p>\n<p>Eine Frau, die nach ihren Wurzeln sucht. Ein Caf\u00e9, das zu einem Zuhause wird. Eine Liebe gegen jede Wahrscheinlichkeit.<\/p>\n<p>Warum f\u00e4llt es uns manchmal so verdammt schwer, gl\u00fccklich zu sein? Das fragt sich Suzanna Peacock oft. Eigentlich ist alles gut: Gerade ist sie zur\u00fcck in ihr Heimatst\u00e4dtchen gezogen, in die N\u00e4he ihrer Familie. Ihr Mann Neil w\u00fcnscht sich sehnlich Kinder und eine gemeinsame Zukunft. Doch etwas scheint immer zu fehlen in Suzannas Leben. Da ist zum einen ihre leibliche Mutter, die sie nie kennengelernt hat. Und zum anderen die nagende Frage, ob sie Neil wirklich liebt. Suzanna f\u00fchlt sich nirgends richtig zu Hause, bis sie das Peacock Emporium gr\u00fcndet. Das Caf\u00e9 und Ladengesch\u00e4ft wird schnell zu einem ganz besonderen Ort, nicht nur f\u00fcr Suzanna. Hier findet sie zum ersten Mal in ihrem Leben echte Freunde und ein Gef\u00fchl von Zugeh\u00f6rigkeit. Auch zu dem gut aussehenden, r\u00e4tselhaften Alejandro &#8230;<\/p>\n<p>Eine bezaubernde Wiederentdeckung der Bestsellerautorin &#8211; in neuer \u00dcbersetzung und Bearbeitung. Typisch Jojo Moyes: wunderbare Figuren, eine ber\u00fchrende Liebesgeschichte, dramatische Wendungen &#8211; und ganz viel Gef\u00fchl! Dies ist die Neuausgabe von \u00abSuzannas Coffeeshop\u00bb.<\/p>\n<p>\n            3. Der stille Freund &#8211; Ferdinand von Schirach\n          <\/p>\n<p><img loading=\"lazy\" decoding=\"async\" src=\"https:\/\/www.europesays.com\/de\/wp-content\/uploads\/2025\/09\/9797274000001A.jpg\" alt=\"\" width=\"473\" height=\"750\"\/><\/p>\n<p>Nach \u00bbKaffee und Zigaretten\u00ab und \u00bbNachmittage\u00ab &#8211; neue Erz\u00e4hlungen von Bestsellerautor Ferdinand von Schirach.<\/p>\n<p>Ferdinand von Schirach schreibt \u00fcber die Verletzlichkeit des Menschen, \u00fcber seine Triumphe und sein Scheitern. Seine Geschichten erz\u00e4hlen von der Gesellschaft, vom Tod und von Verbrechen, von Musik, Film, Malerei und Philosophie. Sie spielen in Berlin, Kapstadt, Rom, Wien und an der C\u00f4te d\u00b4Azur. Sie berichten von privaten Begegnungen, von historischen Ereignissen und von Pers\u00f6nlichkeiten wie dem Tennisspieler Gottfried von Cramm, dem Architekten Adolf Loos oder dem Wiener Schriftsteller, Schauspieler und Kulturphilosophen Egon Friedell. Und immer wieder erz\u00e4hlt sein neues Buch \u00bbDer stille Freund\u00ab von Zuf\u00e4llen, die ein Leben unaufhaltsam ver\u00e4ndern, von der Unbegreiflichkeit und Gro\u00dfartigkeit des Menschen, von der Unsicherheit des Daseins und der Sehnsucht nach Schutz, Sicherheit und Freiheit.<\/p>\n<p>Das neue Buch bildet zugleich die Grundlage f\u00fcr Ferdinand von Schirachs gro\u00dfes B\u00fchnenprogramm \u00bbDer stille Freund\u00ab, mit dem er ab Herbst 2026 durch Deutschland, \u00d6sterreich und die Schweiz auf Tournee geht.<\/p>\n<p>\n            4. Die Assistentin &#8211; Caronline Wahl\n          <\/p>\n<p><img loading=\"lazy\" decoding=\"async\" src=\"https:\/\/www.europesays.com\/de\/wp-content\/uploads\/2025\/09\/9797290200001A.jpg\" alt=\"\" width=\"459\" height=\"750\"\/><\/p>\n<p>Eine Karriere als Musikerin &#8211; das war eigentlich Charlottes gr\u00f6\u00dfter Wunsch. Aber jetzt ist es ja eh zu sp\u00e4t, und sie muss sich um einen vern\u00fcnftigen Job k\u00fcmmern, schon wegen der Eltern. Sie findet eine Stelle in einem Verlag, auch nicht schlecht, und M\u00fcnchen ist eine sch\u00f6ne Stadt, vor allem im Sommer.<\/p>\n<p>Im Vorzimmer des Verlegers sitzt Charlotte ganz nah am Zentrum der Macht. Dass der seine Assistentinnen oft auswechselt, kriegt sie schnell mit. Aber sie entwickelt ein gutes Verh\u00e4ltnis zu ihrem Chef, der ihre St\u00e4rken erkennt, ihr vertraut. Und daf\u00fcr muss sie eben viel in Kauf nehmen, sehr viel, vielleicht auch selbst mit harten Bandagen k\u00e4mpfen, vielleicht ihre Gesundheit aufs Spiel setzen. Vielleicht sogar Bo verlieren, in den sie sich doch gerade erst verliebt hat &#8230;<\/p>\n<p>In wunderbar lakonischem Tonfall, mit Humor und Tiefgang erz\u00e4hlt Caroline Wahls neuer Roman von einer jungen Frau, die sich nicht zum Opfer machen lassen will und doch in eine Lage ger\u00e4t, die viele Menschen kennen: wenn einem der Beruf zur H\u00f6lle wird. Eine ganz allt\u00e4gliche Leidensgeschichte, ein Roman \u00fcber Resilienz und \u00dcberleben.<\/p>\n<p>\n            1. Der Lehrer &#8211; Will er dir helfen oder will er deinen Tod? Von Freida McFadden\n          <\/p>\n<p><img loading=\"lazy\" decoding=\"async\" src=\"https:\/\/www.europesays.com\/de\/wp-content\/uploads\/2025\/09\/9766678100001A.jpg\" alt=\"\" width=\"537\" height=\"750\"\/><\/p>\n<p>Thriller &#8211; Von der Autorin des Weltbestsellers \u00bbWenn sie w\u00fcsste\u00ab. Mit Farbschnitt in limitierter Erstauflage.<\/p>\n<p>Lektion 1: Sobald du die Schule betrittst, traue niemandem.<\/p>\n<p>Mit Farbschnitt in limitierter Erstauflage &#8211; Lieferung je nach Verf\u00fcgbarkeit<\/p>\n<p>Eigentlich hat Eve Bennett ein gutes Leben. Sie ist Mathelehrerin an der \u00f6rtlichen Highschool und verheiratet mit Nate, der dort Englisch unterrichtet. Doch letztes Jahr wurde die Schule von einem Skandal ersch\u00fcttert, in dessen Zentrum eine Sch\u00fclerin stand. Und dieses Jahr ist diese Sch\u00fclerin in Eves Klasse. Addie kann man nicht trauen, sie l\u00fcgt und verletzt Menschen. Aber niemand kennt die wahre Addie. Niemand kennt das Geheimnis, das sie zerst\u00f6ren k\u00f6nnte. Und Addie w\u00fcrde alles daf\u00fcr tun, dass es so bleibt. Ihr einziger Lichtblick in diesem Schuljahr: ihr neuer Englischlehrer Nate Bennett.<\/p>\n<p>\n            7. Der Alchemist &#8211; Paulo Coelho\n          <\/p>\n<p><img loading=\"lazy\" decoding=\"async\" src=\"https:\/\/www.europesays.com\/de\/wp-content\/uploads\/2025\/09\/9794149500001A.jpg\" alt=\"\" width=\"479\" height=\"750\"\/><\/p>\n<p>Wem kannst du vertrauen, wenn nicht deiner eigenen Mutter?<\/p>\n<p>Mit Farbschnitt in limitierter Erstauflage &#8211; Lieferung je nach Verf\u00fcgbarkeit<\/p>\n<p>Studentin Mackenzie Casper hat stets im Schatten ihrer ber\u00fchmten Mutter Elizabeth gelebt, einer der bekanntesten Thriller-Autorinnen der Welt. Doch jetzt ist Elizabeth tot. Mackenzie ist nicht die Einzige die Zweifel daran hat, dass es ein tragischer Unfall war. Auf der Trauerfeier erh\u00e4lt sie einen mysteri\u00f6sen Brief mit Seiten aus dem Tagebuch ihrer Mutter. Weitere Briefe folgen. Hatte ihre Mom Geheimnisse, die sie das Leben kosteten? Um das herauszufinden, muss Mackenzie selbst Nachforschungen anstellen. Dabei darf sie niemandem trauen. Vor allem nicht ihrer Familie.<\/p>\n<p>\n            8. Horror-Date &#8211; Sebastian Fitzek\n          <\/p>\n<p><img loading=\"lazy\" decoding=\"async\" src=\"https:\/\/www.europesays.com\/de\/wp-content\/uploads\/2025\/05\/9775136100001A.jpg\" alt=\"\" width=\"483\" height=\"750\"\/><\/p>\n<p><strong>Denk an das schlimmste Date deines Lebens &#8211; und du bist noch nicht einmal nahe dran!<\/strong><\/p>\n<p><strong>Kein Thriller &#8211; obwohl man beim Dating auf viele Psychos trifft!<\/strong><\/p>\n<p>Ein ebenso humorvoller wie lebenskluger Roman, eine grandiose Mischung aus Humor und existentiellen Fragen.<\/p>\n<p>&#8222;The Walking Date&#8220; ist keine normale Dating-Plattform: Hier k\u00f6nnen sich Menschen, die nicht mehr lange zu leben haben, ein letztes Mal verlieben.<br \/>Deshalb hat sich auch der unheilbar kranke Raphael bei TWD angemeldet, und tats\u00e4chlich funkt es zwischen ihm und der ebenfalls erkrankten Nala. Vor allem ihre Liebe zur Literatur verbindet die beiden, die sich bislang nur \u00fcber Nicknames kennen.<\/p>\n<p>Am Tag ihres ersten Blind Dates hat sich Raphaels Zustand dramatisch verschlechtert. So \u00fcberredet er seinen besten Freund, f\u00fcr ihn zu dem Treffen zu gehen: Julius, sportbegeistert, kerngesund und auch sonst das komplette Gegenteil von Raphael (er hat bislang nur die Biographie von Arnold Schwarzenegger gelesen, und auch die nur zur H\u00e4lfte!). Raphael zuliebe spielt Julius, der in wenigen Tagen heiraten und eigentlich seinen Junggesellenabschied feiern wollte, widerwillig den Schwerkranken &#8211; und das schlimmste Horror-Date aller Zeiten nimmt seinen Lauf &#8230;<\/p>\n<p>\n            SACHBUCH\n          <\/p>\n<p>\n            1. Die &#8222;LET THEM&#8220;-Theorie &#8211; Mel Robbins mit Sawyer Robbins\n          <\/p>\n<p><img loading=\"lazy\" decoding=\"async\" src=\"https:\/\/www.europesays.com\/de\/wp-content\/uploads\/2025\/07\/9790658100001A.jpg\" alt=\"\" width=\"475\" height=\"750\"\/><\/p>\n<p><strong>Der Schl\u00fcssel zu Lebensgl\u00fcck, Erfolg und Liebe steckt in nur zwei Worten.<\/strong><\/p>\n<p>Dieses lebensver\u00e4ndernde Werkzeug gibt uns die M\u00f6glichkeit, unsere Energie nicht mehr f\u00fcr Dinge zu verschwenden, die wir nicht kontrollieren k\u00f6nnen. Konzentriere dich stattdessen endlich auf dich und darauf, was dir wichtig ist. Deine Ziele. Deine Beziehungen. Dein Leben.<\/p>\n<p>Zwei einfache Worte &#8211; &#8222;Lass sie&#8220; &#8211; werden dich befreien. Befreien von der st\u00e4ndigen Anstrengung, alles und jeden um dich herum kontrollieren zu wollen. Befreien von den Meinungen, den Sorgen, den Emotionen und den Urteilen anderer.<\/p>\n<p>Wer akzeptiert, dass man die Handlungen und Meinungen anderer nicht steuern kann, gewinnt Freiraum, Gelassenheit und Energie, die eigenen M\u00f6glichkeiten klarer zu sehen und zu nutzen. Akzeptanz und Wohlwollen st\u00e4rken uns selbst und unsere Beziehungen.<\/p>\n<p>Nachvollziehbar und wissenschaftlich fundiert erkl\u00e4rt Mel Robbins, wie sich ihre bahnbrechende Methode in acht Schl\u00fcsselbereichen des Lebens anwenden l\u00e4sst. Ob im Job, in Beziehungen und Freundschaften oder in der Familie. Voller inspirierender Geschichten, praktischer Erkenntnisse und Ratschl\u00e4ge von Top-Experten ist dieses Buch ein Leitfaden f\u00fcr ein kraftvolleres und gl\u00fccklicheres Leben. Entdecke, wie zwei Worte dein Leben ver\u00e4ndern k\u00f6nnen!<\/p>\n<p>\n            2. Organisch &#8211; Giulia Enders\n          <\/p>\n<p><img loading=\"lazy\" decoding=\"async\" src=\"https:\/\/www.europesays.com\/de\/wp-content\/uploads\/2025\/09\/9790718600001A.jpg\" alt=\"\" width=\"493\" height=\"750\"\/><\/p>\n<p>Nach dem Millionenbestseller &#8222;Darm mit Charme&#8220;: Faszinierende Antworten aus dem Innersten unseres K\u00f6rpers<\/p>\n<p>Manchmal braucht es den Blick nach innen, um das Leben drau\u00dfen besser zu verstehen.<\/p>\n<p>Tief in unserem Inneren wirken Kr\u00e4fte, die uns Tag f\u00fcr Tag sch\u00fctzen, heilen und am Leben halten &#8211; meist, ohne dass wir es bemerken.<\/p>\n<p>Giulia Enders nimmt uns mit auf eine faszinierende Reise zu den unsichtbaren Helden unseres K\u00f6rpers. Sie zeigt, wie unser Innerstes mit erstaunlicher Intelligenz auf Herausforderungen reagiert und uns immer wieder neue Wege aufzeigt.<\/p>\n<p>Mit anschaulichen Geschichten und neuesten wissenschaftlichen Erkenntnissen \u00f6ffnet dieses Buch nicht nur die Augen f\u00fcr die Wunder in uns, sondern inspiriert dazu, dem eigenen K\u00f6rper mit mehr Achtsamkeit und Vertrauen zu begegnen. Organisch ist ein leidenschaftliches Pl\u00e4doyer daf\u00fcr, das Leben von innen heraus zu verstehen &#8211; und zu lieben.<\/p>\n<p>Mit wissenschaftlicher Pr\u00e4zision und erz\u00e4hlerischem Charme \u00f6ffnet dieses Buch T\u00fcren zu einer Welt, die uns t\u00e4glich begleitet &#8211; und doch voller Geheimnisse steckt.<\/p>\n<p>\n            3. Gl\u00fccksorte in Vorarlberg &#8211; Silke Feltes\n          <\/p>\n<p><img loading=\"lazy\" decoding=\"async\" src=\"https:\/\/www.europesays.com\/de\/wp-content\/uploads\/2025\/04\/9779173700001A.jpg\" alt=\"\" width=\"488\" height=\"750\"\/><\/p>\n<p><strong>Im westlichsten Bundesland \u00d6sterreichs ist vieles m\u00f6glich: morgens auf Bergtour, mittags ins Kloster und abends zum Sundowner an den Bodensee. <\/strong><\/p>\n<p>Die Natur lockt mit wilden Schluchten, dem sanften Bregenzerwald und dem hochalpinen Piz Buin. <\/p>\n<p>Auch kulturell geht es hoch her: von der weltber\u00fchmten Seeb\u00fchne \u00fcber das Kunsthaus in Bregenz zu vielen unkonventionellen Festivals. <\/p>\n<p>Moderne Architektur, Industriegeschichte und die sch\u00f6nste Panoramastra\u00dfe der Welt machen Vorarlberg zum place to be.<\/p>\n<p>\n            4. Einfach backen mit Sauerteig &#8211; Christina Bauer\n          <\/p>\n<p><img loading=\"lazy\" decoding=\"async\" src=\"https:\/\/www.europesays.com\/de\/wp-content\/uploads\/2025\/09\/9792353300001A.jpg\" alt=\"\" width=\"409\" height=\"500\"\/><\/p>\n<p>60 Rezepte f\u00fcr Brot, Geb\u00e4ck und S\u00fc\u00dfes. Von kr\u00e4ftigem Roggenbrot \u00fcber luftige Zimtknoten bis hin zu knuspriger Sauerteigpizza.<\/p>\n<p>\n            5. Woman on Fire &#8211; Sheila de Liz\n          <\/p>\n<p><img loading=\"lazy\" decoding=\"async\" src=\"https:\/\/www.europesays.com\/de\/wp-content\/uploads\/2025\/04\/8090649700001A.jpg\" alt=\"\" width=\"482\" height=\"750\"\/><\/p>\n<p>Deutschlands beliebteste Gyn\u00e4kologin wei\u00df: Die Wechseljahre sind cooler, als wir glauben!<br \/>Hitzewallungen, Gewichtszunahme, Stimmungsschwankungen &#8211; kaum eine Frau sieht den Wechseljahren gelassen entgegen. Dabei ist unser Bild von der Perimenopause hoffnungslos veraltet und ben\u00f6tigt dringend ein Makeover. Viele Frauen leiden heute unn\u00f6tig, und keine &#8222;muss da durch&#8220;. Sind die Beschwerden erst mal identifiziert, k\u00f6nnen wir viel f\u00fcr unsere Gesundheit und unser Wohlbefinden tun &#8211; und uns auch in der zweiten Lebensh\u00e4lfte noch stark und sexy zu f\u00fchlen.<\/p>\n<p>\n            6. Can&#8217;t hurt me &#8211; David Goggins\n          <\/p>\n<p><img loading=\"lazy\" decoding=\"async\" src=\"https:\/\/www.europesays.com\/de\/wp-content\/uploads\/2025\/09\/9666918800001A.jpg\" alt=\"\" width=\"510\" height=\"750\"\/><\/p>\n<p>F\u00fcr David Goggins war die Kindheit ein Albtraum Armut, Vorurteile und k\u00f6rperliche Misshandlung verfolgten ihn bis in seine Tr\u00e4ume. Doch durch Selbstdisziplin, mentale St\u00e4rke und harte Arbeit verwandelte er sich vom depressiven, \u00fcbergewichtigen Jugendlichen ohne Perspektive in eine Ikone der U.S. Army und einen der Top-Ausdauersportler der Welt. Er ist der Einzige, der je das Elitetraining sowohl zum Navy SEAL als auch U.S. Army Ranger und Air Force Tactical Air Controller bestand, au\u00dferdem stellte er zahlreiche Ausdauerrekorde auf.<\/p>\n<p>In \u00bbCan t Hurt Me\u00ab erz\u00e4hlt er seine wahrlich erstaunliche Lebensgeschichte und zeigt, dass die meisten von uns nicht einmal die H\u00e4lfte ihres Potenzials aussch\u00f6pfen. Goggins bezeichnet dies als 40-Prozent-Regel. Sein herausragendes Beispiel veranschaulicht hingegen, wie es jedem gelingen kann, das zu \u00e4ndern und Schmerzgrenzen und \u00c4ngste zu \u00fcberwinden.<\/p>\n<p>\n            7. Inside &#8211; Boris Becker\n          <\/p>\n<p><img loading=\"lazy\" decoding=\"async\" src=\"https:\/\/www.europesays.com\/de\/wp-content\/uploads\/2025\/09\/9791603800001A.jpg\" alt=\"\" width=\"470\" height=\"750\"\/><\/p>\n<p>\u00bbBoris Becker war fr\u00fch ganz oben und immer wieder auch ganz unten: ein K\u00e4mpfer, ein Meister des Comebacks. Er erz\u00e4hlt von Fehlern und Verzeihen, von kalten N\u00e4chten im Gef\u00e4ngnis &#8211; und davon, wie man sich selbst wiederfindet, wenn alles verloren scheint.\u00ab DER SPIEGEL<\/p>\n<p>Wimbledon-Sieger mit 17, sechsfacher Gewinner bei Grand-Slam-Turnieren, Weltranglistenerster: Boris Becker hat in seiner Tenniskarriere fast alles erreicht. Doch im April 2022 kam der Sturz ins Bodenlose: Wegen des Vorwurfs von Insolvenzstraftaten wurde er zu 30 Monaten Haft verurteilt. Jenseits von Ruhm und Reichtum musste sich Becker als H\u00e4ftling A2923EV in einer v\u00f6llig neuen Welt zurechtfinden. In seinem Buch Inside. Gewinnen, verlieren, neu anfangen schildert er sein Leben hinter Gittern &#8211; von der brutalen Realit\u00e4t in zwei der h\u00e4rtesten Gef\u00e4ngnisse Englands bis hin zu neuen Freundschaften und unerwarteten Lektionen in Sachen Resilienz, die sein Leben aufhellten. Sein Buch ist mehr als eine \u00dcberlebensgeschichte: Es ist die ergreifende Story einer umfassenden Z\u00e4sur. Offen erz\u00e4hlt Becker von den Entscheidungen, die ihn ins Gef\u00e4ngnis gef\u00fchrt haben; er reflektiert seine Fehler und den Preis des Ruhms. Und er beschreibt, wie er durch neue Beziehungen, hart erlernte \u00dcberlebenstechniken und die Philosophie des Stoizismus beginnt, sein Leben und seinen Ruf wieder aufzubauen.<\/p>\n<p>\n            8. Wiedersehen im Caf\u00e9 am Rande der Welt &#8211; John Strelecky\n          <\/p>\n<p><img loading=\"lazy\" decoding=\"async\" src=\"https:\/\/www.europesays.com\/de\/wp-content\/uploads\/2025\/09\/5744278800001A.jpg\" alt=\"\" width=\"487\" height=\"750\"\/><\/p>\n<p>Inspirationen f\u00fcrs eigene Leben<\/p>\n<p>Einst war der Erz\u00e4hler John ein gestresster Manager, heute f\u00fchrt er ein ausgeglichenes und gl\u00fcckliches Leben. W\u00e4hrend einer Radtour auf Hawaii erinnert sich John an den Tag vor<br \/>zehn Jahren, der sein Leben radikal ver\u00e4ndert hat.<\/p>\n<p>Damals war er zuf\u00e4llig auf das Caf\u00e9 am Rande der Welt gesto\u00dfen. Und obwohl er sich an einem v\u00f6llig anderen Ort befindet, Tausende Kilometer entfernt, sieht er es pl\u00f6tzlich wieder. In dem Caf\u00e9 begegnet er Jessica, die ungl\u00fccklich mit ihrem Leben ist. Eingebunden in ein stressiges Arbeitsleben, tut sie das, was andere von ihr erwarten, hat dabei aber ihre eigenen Ziele und W\u00fcnsche aus den Augen verloren. John wird zu ihrem Mentor und hilft ihr, sich auf den Sinn ihres Lebens zu besinnen.<\/p>\n<p>In den Gespr\u00e4chen von Jessica und John findet der Leser Antworten auf die Frage, wie man dem t\u00e4glichen Hamsterrad entkommt und den Sinn des eigenen Lebens wieder entdeckt.<\/p>\n<p>Wunderbar vierfarbig illustriert von Root Leeb.<\/p>\n","protected":false},"excerpt":{"rendered":"Spannend, emotional oder informativ: Diese B\u00fccher sind derzeit absolute Besteller! Die Bestseller und zahlreiche weitere B\u00fccher sowie Spiele&hellip;\n","protected":false},"author":2,"featured_media":438312,"comment_status":"","ping_status":"","sticky":false,"template":"","format":"standard","meta":{"footnotes":""},"categories":[1774],"tags":[28783,1784,1785,7718,7706,29,214,30,7707,215],"class_list":{"0":"post-438311","1":"post","2":"type-post","3":"status-publish","4":"format-standard","5":"has-post-thumbnail","7":"category-buecher","8":"tag-bestsellerliste","9":"tag-books","10":"tag-buecher","11":"tag-buchtipp","12":"tag-das-buch","13":"tag-deutschland","14":"tag-entertainment","15":"tag-germany","16":"tag-messepark","17":"tag-unterhaltung"},"share_on_mastodon":{"url":"https:\/\/pubeurope.com\/@de\/115238823685103521","error":""},"_links":{"self":[{"href":"https:\/\/www.europesays.com\/de\/wp-json\/wp\/v2\/posts\/438311","targetHints":{"allow":["GET"]}}],"collection":[{"href":"https:\/\/www.europesays.com\/de\/wp-json\/wp\/v2\/posts"}],"about":[{"href":"https:\/\/www.europesays.com\/de\/wp-json\/wp\/v2\/types\/post"}],"author":[{"embeddable":true,"href":"https:\/\/www.europesays.com\/de\/wp-json\/wp\/v2\/users\/2"}],"replies":[{"embeddable":true,"href":"https:\/\/www.europesays.com\/de\/wp-json\/wp\/v2\/comments?post=438311"}],"version-history":[{"count":0,"href":"https:\/\/www.europesays.com\/de\/wp-json\/wp\/v2\/posts\/438311\/revisions"}],"wp:featuredmedia":[{"embeddable":true,"href":"https:\/\/www.europesays.com\/de\/wp-json\/wp\/v2\/media\/438312"}],"wp:attachment":[{"href":"https:\/\/www.europesays.com\/de\/wp-json\/wp\/v2\/media?parent=438311"}],"wp:term":[{"taxonomy":"category","embeddable":true,"href":"https:\/\/www.europesays.com\/de\/wp-json\/wp\/v2\/categories?post=438311"},{"taxonomy":"post_tag","embeddable":true,"href":"https:\/\/www.europesays.com\/de\/wp-json\/wp\/v2\/tags?post=438311"}],"curies":[{"name":"wp","href":"https:\/\/api.w.org\/{rel}","templated":true}]}}